{"id":40041,"date":"2023-04-05T19:14:54","date_gmt":"2023-04-05T22:14:54","guid":{"rendered":"https:\/\/temucotelevision.cl\/web\/?p=40041"},"modified":"2023-04-05T19:14:55","modified_gmt":"2023-04-05T22:14:55","slug":"los-21-equipos-recibieron-su-uniforme-de-cara-al-inicio-de-la-liga-el-proximo-15-de-abril","status":"publish","type":"post","link":"https:\/\/temucotelevision.cl\/web\/2023\/04\/05\/los-21-equipos-recibieron-su-uniforme-de-cara-al-inicio-de-la-liga-el-proximo-15-de-abril\/","title":{"rendered":"Los 21 equipos recibieron su uniforme de cara al inicio de la Liga el pr\u00f3ximo 15 de abril"},"content":{"rendered":"<div class=\"pvc_clear\"><\/div><p id=\"pvc_stats_40041\" class=\"pvc_stats total_only  \" data-element-id=\"40041\" style=\"\"><i class=\"pvc-stats-icon large\" aria-hidden=\"true\"><svg aria-hidden=\"true\" focusable=\"false\" data-prefix=\"far\" data-icon=\"chart-bar\" role=\"img\" xmlns=\"http:\/\/www.w3.org\/2000\/svg\" viewBox=\"0 0 512 512\" class=\"svg-inline--fa fa-chart-bar fa-w-16 fa-2x\"><path fill=\"currentColor\" d=\"M396.8 352h22.4c6.4 0 12.8-6.4 12.8-12.8V108.8c0-6.4-6.4-12.8-12.8-12.8h-22.4c-6.4 0-12.8 6.4-12.8 12.8v230.4c0 6.4 6.4 12.8 12.8 12.8zm-192 0h22.4c6.4 0 12.8-6.4 12.8-12.8V140.8c0-6.4-6.4-12.8-12.8-12.8h-22.4c-6.4 0-12.8 6.4-12.8 12.8v198.4c0 6.4 6.4 12.8 12.8 12.8zm96 0h22.4c6.4 0 12.8-6.4 12.8-12.8V204.8c0-6.4-6.4-12.8-12.8-12.8h-22.4c-6.4 0-12.8 6.4-12.8 12.8v134.4c0 6.4 6.4 12.8 12.8 12.8zM496 400H48V80c0-8.84-7.16-16-16-16H16C7.16 64 0 71.16 0 80v336c0 17.67 14.33 32 32 32h464c8.84 0 16-7.16 16-16v-16c0-8.84-7.16-16-16-16zm-387.2-48h22.4c6.4 0 12.8-6.4 12.8-12.8v-70.4c0-6.4-6.4-12.8-12.8-12.8h-22.4c-6.4 0-12.8 6.4-12.8 12.8v70.4c0 6.4 6.4 12.8 12.8 12.8z\" class=\"\"><\/path><\/svg><\/i> <img loading=\"lazy\" decoding=\"async\" width=\"16\" height=\"16\" alt=\"Loading\" src=\"https:\/\/temucotelevision.cl\/web\/wp-content\/plugins\/page-views-count\/ajax-loader-2x.gif\" border=0 \/><\/p><div class=\"pvc_clear\"><\/div>\n<p><strong>Con la entrega de los uniformes Liga Saesa da el vamos al campeonato 2023<\/strong><\/p>\n\n\n\n<ul class=\"wp-block-list\"><li><em>Con la incorporaci\u00f3n del equipo de Frutillar suman 21 conjuntos los que disputar\u00e1n la temporada de la Liga Saesa, que este a\u00f1o celebra 23 jornadas desde su creaci\u00f3n en el a\u00f1o 1999.<\/em><\/li><\/ul>\n\n\n\n<p>Una vuelta con todo se espera para este a\u00f1o en la Liga Saesa, en la que m\u00e1s de 1.600 ni\u00f1os y j\u00f3venes jugar\u00e1n m\u00e1s de 600 encuentros deportivos en 17 comunas del sur del pa\u00eds.<\/p>\n\n\n\n<p>Mauricio Segura, coordinador de Liga Saesa, detalla que \u201cvamos a jugar en 3 zonas de 7 equipos cada una. Es muy interesante desde el punto de vista num\u00e9rico, porque se volver\u00e1 a jugar la misma cantidad de partidos que antes de pandemia. Volveremos a retomar todo el esp\u00edritu y la energ\u00eda de la Liga, porque los ni\u00f1os est\u00e1n felices de recobrar su torneo\u201d.<\/p>\n\n\n\n<p>El partido inicial ser\u00e1 el pr\u00f3ximo 15 de abril, en el que el bal\u00f3n ser\u00e1 lanzado por los equipos de Frutillar y Puerto Varas, encuentro que se efectuar\u00e1 en El Gimnasio Fiscal del nuevo equipo, a las 20:00 horas.<\/p>\n\n\n\n<p>Por su parte, el dirigente del reci\u00e9n estrenado equipo, Helming Nannig, destac\u00f3 que les cost\u00f3 llegar y por lo mismo \u201cagradezco a la escuela de b\u00e1squetbol de Frutillar, que ha mantenido vivo este deporte en la comuna. Los apoderados y los ni\u00f1os est\u00e1n felices. Trataremos de hacer una inauguraci\u00f3n bonita para ese d\u00eda\u201d<\/p>\n\n\n\n<p>En tanto, Alondra Leal, subgerente de Asuntos Corporativos y Sustentabilidad de Grupo Saesa, manifest\u00f3 su alegr\u00eda por el reinicio de la Liga, \u201cya que el a\u00f1o pasado hicimos un torneo m\u00e1s peque\u00f1o, con tan solo 400 encuentros, entonces nos llena de orgullo poder devolverles a los ni\u00f1os, j\u00f3venes y sus familias, este gran encuentro con el deporte y la vida sana que impulsa el Grupo Saesa\u201d.<\/p>\n\n\n\n<p>El programa de vinculaci\u00f3n, Liga Saesa, es considerado el&nbsp;m\u00e1s importante campeonato de b\u00e1squetbol formativo que existe en Chile y principal semillero de j\u00f3venes talentos que nutren a selecciones nacionales menores. Esta liga es financiada y organizada por el Grupo Saesa desde el a\u00f1o 1999.<\/p>\n\n\n\n<p>Son 23 a\u00f1os formando a m\u00e1s de 7 mil basquetbolistas, en 5 categor\u00edas: Sub 11, Sub 13, Sub 15, Sub 17 y adultos.<\/p>\n","protected":false},"excerpt":{"rendered":"<div class=\"pvc_clear\"><\/div>\n<p id=\"pvc_stats_40041\" class=\"pvc_stats total_only  \" data-element-id=\"40041\" style=\"\"><i class=\"pvc-stats-icon large\" aria-hidden=\"true\"><svg aria-hidden=\"true\" focusable=\"false\" data-prefix=\"far\" data-icon=\"chart-bar\" role=\"img\" xmlns=\"http:\/\/www.w3.org\/2000\/svg\" viewBox=\"0 0 512 512\" class=\"svg-inline--fa fa-chart-bar fa-w-16 fa-2x\"><path fill=\"currentColor\" d=\"M396.8 352h22.4c6.4 0 12.8-6.4 12.8-12.8V108.8c0-6.4-6.4-12.8-12.8-12.8h-22.4c-6.4 0-12.8 6.4-12.8 12.8v230.4c0 6.4 6.4 12.8 12.8 12.8zm-192 0h22.4c6.4 0 12.8-6.4 12.8-12.8V140.8c0-6.4-6.4-12.8-12.8-12.8h-22.4c-6.4 0-12.8 6.4-12.8 12.8v198.4c0 6.4 6.4 12.8 12.8 12.8zm96 0h22.4c6.4 0 12.8-6.4 12.8-12.8V204.8c0-6.4-6.4-12.8-12.8-12.8h-22.4c-6.4 0-12.8 6.4-12.8 12.8v134.4c0 6.4 6.4 12.8 12.8 12.8zM496 400H48V80c0-8.84-7.16-16-16-16H16C7.16 64 0 71.16 0 80v336c0 17.67 14.33 32 32 32h464c8.84 0 16-7.16 16-16v-16c0-8.84-7.16-16-16-16zm-387.2-48h22.4c6.4 0 12.8-6.4 12.8-12.8v-70.4c0-6.4-6.4-12.8-12.8-12.8h-22.4c-6.4 0-12.8 6.4-12.8 12.8v70.4c0 6.4 6.4 12.8 12.8 12.8z\" class=\"\"><\/path><\/svg><\/i> <img loading=\"lazy\" decoding=\"async\" width=\"16\" height=\"16\" alt=\"Loading\" src=\"https:\/\/temucotelevision.cl\/web\/wp-content\/plugins\/page-views-count\/ajax-loader-2x.gif\" border=0 \/><\/p>\n<div class=\"pvc_clear\"><\/div>\n<p>Con la entrega de los uniformes Liga Saesa da el vamos al campeonato 2023 Con la incorporaci\u00f3n del equipo de<\/p>\n","protected":false},"author":1,"featured_media":40043,"comment_status":"open","ping_status":"open","sticky":false,"template":"","format":"standard","meta":{"colormag_page_container_layout":"default_layout","colormag_page_sidebar_layout":"default_layout","footnotes":""},"categories":[14],"tags":[910,1305,5141,5142],"class_list":["post-40041","post","type-post","status-publish","format-standard","has-post-thumbnail","hentry","category-temuco","tag-campeonato","tag-equipos","tag-liga","tag-saesa"],"a3_pvc":{"activated":true,"total_views":30,"today_views":0},"_links":{"self":[{"href":"https:\/\/temucotelevision.cl\/web\/wp-json\/wp\/v2\/posts\/40041","targetHints":{"allow":["GET"]}}],"collection":[{"href":"https:\/\/temucotelevision.cl\/web\/wp-json\/wp\/v2\/posts"}],"about":[{"href":"https:\/\/temucotelevision.cl\/web\/wp-json\/wp\/v2\/types\/post"}],"author":[{"embeddable":true,"href":"https:\/\/temucotelevision.cl\/web\/wp-json\/wp\/v2\/users\/1"}],"replies":[{"embeddable":true,"href":"https:\/\/temucotelevision.cl\/web\/wp-json\/wp\/v2\/comments?post=40041"}],"version-history":[{"count":1,"href":"https:\/\/temucotelevision.cl\/web\/wp-json\/wp\/v2\/posts\/40041\/revisions"}],"predecessor-version":[{"id":40044,"href":"https:\/\/temucotelevision.cl\/web\/wp-json\/wp\/v2\/posts\/40041\/revisions\/40044"}],"wp:featuredmedia":[{"embeddable":true,"href":"https:\/\/temucotelevision.cl\/web\/wp-json\/wp\/v2\/media\/40043"}],"wp:attachment":[{"href":"https:\/\/temucotelevision.cl\/web\/wp-json\/wp\/v2\/media?parent=40041"}],"wp:term":[{"taxonomy":"category","embeddable":true,"href":"https:\/\/temucotelevision.cl\/web\/wp-json\/wp\/v2\/categories?post=40041"},{"taxonomy":"post_tag","embeddable":true,"href":"https:\/\/temucotelevision.cl\/web\/wp-json\/wp\/v2\/tags?post=40041"}],"curies":[{"name":"wp","href":"https:\/\/api.w.org\/{rel}","templated":true}]}}