{"id":40038,"date":"2023-04-05T18:27:33","date_gmt":"2023-04-05T21:27:33","guid":{"rendered":"https:\/\/temucotelevision.cl\/web\/?p=40038"},"modified":"2023-04-05T18:50:44","modified_gmt":"2023-04-05T21:50:44","slug":"alma-dinamita-estrena-su-tercer-single-instante-casual-y-anuncian-show-en-el-mitico-bar-de-rene-para-junio","status":"publish","type":"post","link":"https:\/\/temucotelevision.cl\/web\/2023\/04\/05\/alma-dinamita-estrena-su-tercer-single-instante-casual-y-anuncian-show-en-el-mitico-bar-de-rene-para-junio\/","title":{"rendered":"Alma Dinamita estrena su tercer single &#8221; Instante Casual&#8221; y anuncian show en el m\u00edtico Bar de Ren\u00e9 para junio"},"content":{"rendered":"<div class=\"pvc_clear\"><\/div><p id=\"pvc_stats_40038\" class=\"pvc_stats total_only  \" data-element-id=\"40038\" style=\"\"><i class=\"pvc-stats-icon large\" aria-hidden=\"true\"><svg aria-hidden=\"true\" focusable=\"false\" data-prefix=\"far\" data-icon=\"chart-bar\" role=\"img\" xmlns=\"http:\/\/www.w3.org\/2000\/svg\" viewBox=\"0 0 512 512\" class=\"svg-inline--fa fa-chart-bar fa-w-16 fa-2x\"><path fill=\"currentColor\" d=\"M396.8 352h22.4c6.4 0 12.8-6.4 12.8-12.8V108.8c0-6.4-6.4-12.8-12.8-12.8h-22.4c-6.4 0-12.8 6.4-12.8 12.8v230.4c0 6.4 6.4 12.8 12.8 12.8zm-192 0h22.4c6.4 0 12.8-6.4 12.8-12.8V140.8c0-6.4-6.4-12.8-12.8-12.8h-22.4c-6.4 0-12.8 6.4-12.8 12.8v198.4c0 6.4 6.4 12.8 12.8 12.8zm96 0h22.4c6.4 0 12.8-6.4 12.8-12.8V204.8c0-6.4-6.4-12.8-12.8-12.8h-22.4c-6.4 0-12.8 6.4-12.8 12.8v134.4c0 6.4 6.4 12.8 12.8 12.8zM496 400H48V80c0-8.84-7.16-16-16-16H16C7.16 64 0 71.16 0 80v336c0 17.67 14.33 32 32 32h464c8.84 0 16-7.16 16-16v-16c0-8.84-7.16-16-16-16zm-387.2-48h22.4c6.4 0 12.8-6.4 12.8-12.8v-70.4c0-6.4-6.4-12.8-12.8-12.8h-22.4c-6.4 0-12.8 6.4-12.8 12.8v70.4c0 6.4 6.4 12.8 12.8 12.8z\" class=\"\"><\/path><\/svg><\/i> <img loading=\"lazy\" decoding=\"async\" width=\"16\" height=\"16\" alt=\"Loading\" src=\"https:\/\/temucotelevision.cl\/web\/wp-content\/plugins\/page-views-count\/ajax-loader-2x.gif\" border=0 \/><\/p><div class=\"pvc_clear\"><\/div>\n<p class=\"has-medium-font-size\"><strong>La banda chilena de rock estren\u00f3 este 5 de abril su nuevo single &#8220;Instante Casual&#8221; el que forma parte del pr\u00f3ximo EP de la agrupaci\u00f3n &#8220;Instrospeccion&#8221;. Y para conmemorar este debut se estar\u00e1n presentando en el tradicional bar rockero de la calle Santa Isabel en el mes de junio.<\/strong><\/p>\n\n\n\n<p><a href=\"https:\/\/dualcommunity.us5.list-manage.com\/track\/click?u=79a86e888635868c7967a8ae8&amp;id=0656bc0e11&amp;e=70f0e16daa\" target=\"_blank\" rel=\"noreferrer noopener\">&#8220;Instante Casual&#8221;<\/a>&nbsp;es el nombre del tercer single y videoclip que estrena por estos d\u00edas la banda y que ya puedes encontrar en todas las plataformas digitales. La canci\u00f3n esta inspirada bajo el concepto de que la vida es algo pasajero y que por medio de la introspecci\u00f3n es posible comprender las cosas que son verdaderamente importantes.&nbsp;<\/p>\n\n\n\n<p><a href=\"https:\/\/dualcommunity.us5.list-manage.com\/track\/click?u=79a86e888635868c7967a8ae8&amp;id=88c13a45dd&amp;e=70f0e16daa\" target=\"_blank\" rel=\"noreferrer noopener\">\u200bAlma Dinamita<\/a>&nbsp;es un proyecto iniciado en junio del 2021, irrumpiendo en el mes de noviembre en la escena nacional con la canci\u00f3n &#8220;La Claridad&#8221; y posteriormente en abril del 2022 &#8220;Lluvia Gris&#8221; a estas se suma &#8220;Instante Casual&#8221; abril del 2023 junto a las canciones a\u00fan in\u00e9ditas &#8220;De mi verdad&#8221; y &#8220;Voy a continuar&#8221;, obras con las cuales la banda comienza a dar vida a su primer EP denominado &#8220;Introspecci\u00f3n&#8221;. La placa ya tiene fecha de lanzamiento para el mes de julio de este a\u00f1o en el m\u00edtico Bar de Ren\u00e9 ubicado en Santa Isabel # 369, Providencia.<\/p>\n\n\n\n<p><a href=\"https:\/\/dualcommunity.us5.list-manage.com\/track\/click?u=79a86e888635868c7967a8ae8&amp;id=0126a55edc&amp;e=70f0e16daa\" target=\"_blank\" rel=\"noreferrer noopener\">&#8220;Instante Casual&#8221;<\/a>&nbsp;fue grabada y masterizada en los Estudios Patagonia Dub, mientras que el registro audiovisual fue realizado por los integrantes del proyecto Claudio Cerpa (voz y guitarra), Nicol\u00e1s Cerpa (bater\u00eda), Luciano Villarreal (guitarra y coros), Janet Ceballos (teclado)&nbsp;y Daniel Soto (bajo y coros).&nbsp;<\/p>\n\n\n\n<p><a rel=\"noreferrer noopener\" href=\"https:\/\/dualcommunity.us5.list-manage.com\/track\/click?u=79a86e888635868c7967a8ae8&amp;id=27dcf5ea2b&amp;e=70f0e16daa\" target=\"_blank\">&#8220;Instante Casual&#8221;<\/a>,\u00a0est\u00e1 disponible en todas las plataformas digitales y su versi\u00f3n audiovisual la puedes ver a trav\u00e9s del canal oficial de\u00a0<a rel=\"noreferrer noopener\" href=\"https:\/\/dualcommunity.us5.list-manage.com\/track\/click?u=79a86e888635868c7967a8ae8&amp;id=1f6708b5ed&amp;e=70f0e16daa\" target=\"_blank\">\u200bAlma Dinamita<\/a>\u00a0en\u00a0<a rel=\"noreferrer noopener\" href=\"https:\/\/dualcommunity.us5.list-manage.com\/track\/click?u=79a86e888635868c7967a8ae8&amp;id=bf7ae00a4f&amp;e=70f0e16daa\" target=\"_blank\">\u200bYoutube<\/a>.<\/p>\n\n\n\n<figure class=\"wp-block-embed is-type-video is-provider-youtube wp-block-embed-youtube wp-embed-aspect-16-9 wp-has-aspect-ratio\"><div class=\"wp-block-embed__wrapper\">\n<div class=\"epyt-video-wrapper\"><iframe loading=\"lazy\"  id=\"_ytid_23077\"  width=\"800\" height=\"450\"  data-origwidth=\"800\" data-origheight=\"450\" src=\"https:\/\/www.youtube.com\/embed\/r5W1QL5KByU?enablejsapi=1&#038;autoplay=0&#038;cc_load_policy=0&#038;cc_lang_pref=&#038;iv_load_policy=1&#038;loop=0&#038;rel=1&#038;fs=1&#038;playsinline=0&#038;autohide=2&#038;theme=dark&#038;color=red&#038;controls=1&#038;disablekb=0&#038;\" class=\"__youtube_prefs__  epyt-is-override  no-lazyload\" title=\"YouTube player\"  allow=\"fullscreen; accelerometer; autoplay; clipboard-write; encrypted-media; gyroscope; picture-in-picture; web-share\" referrerpolicy=\"strict-origin-when-cross-origin\" allowfullscreen data-no-lazy=\"1\" data-skipgform_ajax_framebjll=\"\"><\/iframe><\/div>\n<\/div><\/figure>\n","protected":false},"excerpt":{"rendered":"<div class=\"pvc_clear\"><\/div>\n<p id=\"pvc_stats_40038\" class=\"pvc_stats total_only  \" data-element-id=\"40038\" style=\"\"><i class=\"pvc-stats-icon large\" aria-hidden=\"true\"><svg aria-hidden=\"true\" focusable=\"false\" data-prefix=\"far\" data-icon=\"chart-bar\" role=\"img\" xmlns=\"http:\/\/www.w3.org\/2000\/svg\" viewBox=\"0 0 512 512\" class=\"svg-inline--fa fa-chart-bar fa-w-16 fa-2x\"><path fill=\"currentColor\" d=\"M396.8 352h22.4c6.4 0 12.8-6.4 12.8-12.8V108.8c0-6.4-6.4-12.8-12.8-12.8h-22.4c-6.4 0-12.8 6.4-12.8 12.8v230.4c0 6.4 6.4 12.8 12.8 12.8zm-192 0h22.4c6.4 0 12.8-6.4 12.8-12.8V140.8c0-6.4-6.4-12.8-12.8-12.8h-22.4c-6.4 0-12.8 6.4-12.8 12.8v198.4c0 6.4 6.4 12.8 12.8 12.8zm96 0h22.4c6.4 0 12.8-6.4 12.8-12.8V204.8c0-6.4-6.4-12.8-12.8-12.8h-22.4c-6.4 0-12.8 6.4-12.8 12.8v134.4c0 6.4 6.4 12.8 12.8 12.8zM496 400H48V80c0-8.84-7.16-16-16-16H16C7.16 64 0 71.16 0 80v336c0 17.67 14.33 32 32 32h464c8.84 0 16-7.16 16-16v-16c0-8.84-7.16-16-16-16zm-387.2-48h22.4c6.4 0 12.8-6.4 12.8-12.8v-70.4c0-6.4-6.4-12.8-12.8-12.8h-22.4c-6.4 0-12.8 6.4-12.8 12.8v70.4c0 6.4 6.4 12.8 12.8 12.8z\" class=\"\"><\/path><\/svg><\/i> <img loading=\"lazy\" decoding=\"async\" width=\"16\" height=\"16\" alt=\"Loading\" src=\"https:\/\/temucotelevision.cl\/web\/wp-content\/plugins\/page-views-count\/ajax-loader-2x.gif\" border=0 \/><\/p>\n<div class=\"pvc_clear\"><\/div>\n<p>La banda chilena de rock estren\u00f3 este 5 de abril su nuevo single &#8220;Instante Casual&#8221; el que forma parte del<\/p>\n","protected":false},"author":143,"featured_media":40039,"comment_status":"open","ping_status":"open","sticky":false,"template":"","format":"standard","meta":{"colormag_page_container_layout":"default_layout","colormag_page_sidebar_layout":"default_layout","footnotes":""},"categories":[369,1],"tags":[],"class_list":["post-40038","post","type-post","status-publish","format-standard","has-post-thumbnail","hentry","category-musica","category-sin-categoria"],"a3_pvc":{"activated":true,"total_views":116,"today_views":0},"_links":{"self":[{"href":"https:\/\/temucotelevision.cl\/web\/wp-json\/wp\/v2\/posts\/40038","targetHints":{"allow":["GET"]}}],"collection":[{"href":"https:\/\/temucotelevision.cl\/web\/wp-json\/wp\/v2\/posts"}],"about":[{"href":"https:\/\/temucotelevision.cl\/web\/wp-json\/wp\/v2\/types\/post"}],"author":[{"embeddable":true,"href":"https:\/\/temucotelevision.cl\/web\/wp-json\/wp\/v2\/users\/143"}],"replies":[{"embeddable":true,"href":"https:\/\/temucotelevision.cl\/web\/wp-json\/wp\/v2\/comments?post=40038"}],"version-history":[{"count":1,"href":"https:\/\/temucotelevision.cl\/web\/wp-json\/wp\/v2\/posts\/40038\/revisions"}],"predecessor-version":[{"id":40040,"href":"https:\/\/temucotelevision.cl\/web\/wp-json\/wp\/v2\/posts\/40038\/revisions\/40040"}],"wp:featuredmedia":[{"embeddable":true,"href":"https:\/\/temucotelevision.cl\/web\/wp-json\/wp\/v2\/media\/40039"}],"wp:attachment":[{"href":"https:\/\/temucotelevision.cl\/web\/wp-json\/wp\/v2\/media?parent=40038"}],"wp:term":[{"taxonomy":"category","embeddable":true,"href":"https:\/\/temucotelevision.cl\/web\/wp-json\/wp\/v2\/categories?post=40038"},{"taxonomy":"post_tag","embeddable":true,"href":"https:\/\/temucotelevision.cl\/web\/wp-json\/wp\/v2\/tags?post=40038"}],"curies":[{"name":"wp","href":"https:\/\/api.w.org\/{rel}","templated":true}]}}