{"id":40032,"date":"2023-04-05T17:24:28","date_gmt":"2023-04-05T20:24:28","guid":{"rendered":"https:\/\/temucotelevision.cl\/web\/?p=40032"},"modified":"2023-04-05T17:24:28","modified_gmt":"2023-04-05T20:24:28","slug":"ministra-toro-en-la-araucania-sobre-titulos-de-dominio-estamos-dando-prioridad-a-terminar-esas-tramitaciones-y-en-particular-a-comunas-afectadas-por-incendios-forestales","status":"publish","type":"post","link":"https:\/\/temucotelevision.cl\/web\/2023\/04\/05\/ministra-toro-en-la-araucania-sobre-titulos-de-dominio-estamos-dando-prioridad-a-terminar-esas-tramitaciones-y-en-particular-a-comunas-afectadas-por-incendios-forestales\/","title":{"rendered":"Ministra Toro en La Araucan\u00eda sobre t\u00edtulos de dominio: \u201cEstamos dando prioridad a terminar esas tramitaciones y en particular a comunas afectadas por incendios forestales\u201d"},"content":{"rendered":"<div class=\"pvc_clear\"><\/div><p id=\"pvc_stats_40032\" class=\"pvc_stats total_only  \" data-element-id=\"40032\" style=\"\"><i class=\"pvc-stats-icon large\" aria-hidden=\"true\"><svg aria-hidden=\"true\" focusable=\"false\" data-prefix=\"far\" data-icon=\"chart-bar\" role=\"img\" xmlns=\"http:\/\/www.w3.org\/2000\/svg\" viewBox=\"0 0 512 512\" class=\"svg-inline--fa fa-chart-bar fa-w-16 fa-2x\"><path fill=\"currentColor\" d=\"M396.8 352h22.4c6.4 0 12.8-6.4 12.8-12.8V108.8c0-6.4-6.4-12.8-12.8-12.8h-22.4c-6.4 0-12.8 6.4-12.8 12.8v230.4c0 6.4 6.4 12.8 12.8 12.8zm-192 0h22.4c6.4 0 12.8-6.4 12.8-12.8V140.8c0-6.4-6.4-12.8-12.8-12.8h-22.4c-6.4 0-12.8 6.4-12.8 12.8v198.4c0 6.4 6.4 12.8 12.8 12.8zm96 0h22.4c6.4 0 12.8-6.4 12.8-12.8V204.8c0-6.4-6.4-12.8-12.8-12.8h-22.4c-6.4 0-12.8 6.4-12.8 12.8v134.4c0 6.4 6.4 12.8 12.8 12.8zM496 400H48V80c0-8.84-7.16-16-16-16H16C7.16 64 0 71.16 0 80v336c0 17.67 14.33 32 32 32h464c8.84 0 16-7.16 16-16v-16c0-8.84-7.16-16-16-16zm-387.2-48h22.4c6.4 0 12.8-6.4 12.8-12.8v-70.4c0-6.4-6.4-12.8-12.8-12.8h-22.4c-6.4 0-12.8 6.4-12.8 12.8v70.4c0 6.4 6.4 12.8 12.8 12.8z\" class=\"\"><\/path><\/svg><\/i> <img loading=\"lazy\" decoding=\"async\" width=\"16\" height=\"16\" alt=\"Loading\" src=\"https:\/\/temucotelevision.cl\/web\/wp-content\/plugins\/page-views-count\/ajax-loader-2x.gif\" border=0 \/><\/p><div class=\"pvc_clear\"><\/div>\n<p>\u00b7&nbsp;&nbsp;&nbsp;&nbsp;&nbsp;&nbsp;&nbsp;De visita en la regi\u00f3n, la titular de Bienes Nacionales entreg\u00f3 cerca de 100 regularizaciones de terreno, adem\u00e1s de un permiso de ocupaci\u00f3n para el mejor funcionamiento del CFT estatal en Angol.<\/p>\n\n\n\n<p>En el marco de un despliegue por regiones del sur que realiza en estas semanas, la ministra de Bienes Nacionales, Javiera Toro, lleg\u00f3 este martes 4 de abril a La Araucan\u00eda para entregar casi 100 t\u00edtulos de dominio a familias de diversas comunas de la zona.&nbsp; \u201cEsta es una instancia muy importante, sobre todo para las personas que hoy d\u00eda pueden ver materializada su propiedad, no solo en un papel legal que acredita y les da certeza que el lugar que habitan, que el lugar que trabajan ahora es de ellos, sino por todo lo que ello significa en t\u00e9rminos de la posibilidad de acceder a subsidios, a beneficios y a servicios. Eso hace realidad el mandato que nos ha dado el Presidente de otorgar seguridad\u201d, recalc\u00f3 la autoridad.<\/p>\n\n\n\n<p>En la ma\u00f1ana, en Angol y acompa\u00f1ada por la delegada provincial subrogante, Hellen Pacheco; el director nacional de Conadi, Luis Penchuleo; y la seremi de Bienes Nacionales, \u00c1mbar Castro, la ministra Toro entreg\u00f3 59 t\u00edtulos a familias de Angol, Renaico, Collipulli, Ercilla, Pur\u00e9n, Lumaco, Victoria y Traigu\u00e9n.<\/p>\n\n\n\n<p>El t\u00edtulo de dominio entrega certeza jur\u00eddica a las personas y sus familias sobre la propiedad en la que habitan, adem\u00e1s de permitirles acceder a una serie de beneficios sociales y subsidios del Estado, como pavimentaci\u00f3n de calles, de agua potable y alcantarillado, reparaci\u00f3n y construcci\u00f3n de viviendas, lo que inciden directamente en mejorar sus condiciones de vida.&nbsp;<\/p>\n\n\n\n<p>\u201cSabemos que hay personas que han esperado mucho tiempo y como Ministerio de Bienes Nacionales estamos d\u00e1ndole prioridad a terminar esas tramitaciones, y en particular en comunas afectadas por incendios forestales, por supuesto que estamos d\u00e1ndoles prioridad\u201d, afirm\u00f3 la ministra Toro al salir de la actividad.<\/p>\n\n\n\n<p>En la tarde, la titular de Bienes Nacionales entreg\u00f3 otros 40 t\u00edtulos de dominio a familias de las comunas de Galvarino y Lautaro. La ministra puso el acento en la importancia del trabajo intersectorial, la colaboraci\u00f3n entre instituciones para cumplir con el objetivo de agilizar las tramitaciones, y precis\u00f3 que esperar renovar el convenio con el Gobierno Regional y con Conadi que, en muchos casos, subsidian este tr\u00e1mite que realiza Bienes Nacionales.<\/p>\n\n\n\n<p><strong><em>Fortalecer la educaci\u00f3n t\u00e9cnica<\/em><\/strong><\/p>\n\n\n\n<p>Durante su paso por Angol, la ministra Toro adem\u00e1s firm\u00f3 un permiso de ocupaci\u00f3n provisoria para que el inmueble donde funcionaba el ex liceo Mercedes Manosalva, sea destinado para la continuidad del CFT estatal de esa comuna.&nbsp;<\/p>\n\n\n\n<p>En la ceremonia estuvo la rectora del CFT de La Araucan\u00eda, Mar\u00eda Elena Fuentes, y el alcalde de Angol, Enrique Neira. Se trata de inmueble de 7.466 m2, que gracias a este permiso de ocupaci\u00f3n ya podr\u00e1 ser restaurado y remodelado.<\/p>\n\n\n\n<p>Con eso este CFT Estatal podr\u00e1 ampliar su oferta de carreras t\u00e9cnicas de nivel superior de tres a siete: climatizaci\u00f3n y refrigeraci\u00f3n; gesti\u00f3n de empresas; analista programador; electricidad y automatizaci\u00f3n; enfermer\u00eda; asistente de Educador Diferencial; y asistente del Educador de P\u00e1rvulos.<\/p>\n\n\n\n<p>&#8220;Nuestro Gobierno es un Gobierno con un compromiso muy importante con la educaci\u00f3n p\u00fablica, y la entendemos como la manera de hacer llegar este derecho a todos los rincones del pa\u00eds (&#8230;) La educaci\u00f3n superior, la educaci\u00f3n t\u00e9cnica, permite el desarrollo, y queremos darle una oportunidad, queremos no obligar a los j\u00f3venes a tener que viajar al centro para poder tener educaci\u00f3n de calidad&#8221;, destac\u00f3 la ministra Toro.<\/p>\n\n\n\n<p>La rectora Fuentes agreg\u00f3 que con este CFT \u201cqueremos ser parte de los sue\u00f1os de los hombres y mujeres que han elegido, que han confiado en la Educaci\u00f3n T\u00e9cnico Profesional dictada por el Estado. Nos comprometemos de aqu\u00ed hacia el futuro, no les defraudaremos\u201d, mientras que el alcalde de Angol habl\u00f3 de \u201cun sue\u00f1o hecho realidad, tenemos hoy d\u00eda esta posibilidad de entregarles educaci\u00f3n de calidad, gratuita, a m\u00e1s de 300 estudiantes, la gran mayor\u00eda de Angol y otros de comunas cercanas, por lo tanto, se ha cumplido a cabalidad el objetivo&#8221;.<\/p>\n\n\n\n<p>Por su parte la Seremi de Bienes Nacionales de La Araucan\u00eda, \u00c1mbar Castro Mart\u00ednez, destac\u00f3 la visita de la ministra, realizando un resumen de todo el trabajo desplegado, que va en l\u00ednea con lo solicitado por el Presidente Gabriel Boric.<\/p>\n\n\n\n<p>\u201cEstuvimos presentes en estas dos entregas de t\u00edtulos junto a la ministra que se los llev\u00f3 a las familias de Malleco, en la comuna de Angol. Posteriormente se entreg\u00f3 el permiso provisorio para el CFT Estatal La Araucan\u00eda, donde se realizaron la entrega de las llaves para que funcione este recinto en Angol y en la tarde estuvimos en Galvarino donde concentr\u00f3 la comuna propiamente tal y Lautaro donde se entregaron 40 t\u00edtulos de dominio\u201d, se\u00f1al\u00f3 Castro.<\/p>\n\n\n\n<p>De esta manera la Regi\u00f3n cont\u00f3 con una nueva visita ministerial en la que se abarc\u00f3 parte de Malleco y tambi\u00e9n Caut\u00edn con buenas noticias.<\/p>\n","protected":false},"excerpt":{"rendered":"<div class=\"pvc_clear\"><\/div>\n<p id=\"pvc_stats_40032\" class=\"pvc_stats total_only  \" data-element-id=\"40032\" style=\"\"><i class=\"pvc-stats-icon large\" aria-hidden=\"true\"><svg aria-hidden=\"true\" focusable=\"false\" data-prefix=\"far\" data-icon=\"chart-bar\" role=\"img\" xmlns=\"http:\/\/www.w3.org\/2000\/svg\" viewBox=\"0 0 512 512\" class=\"svg-inline--fa fa-chart-bar fa-w-16 fa-2x\"><path fill=\"currentColor\" d=\"M396.8 352h22.4c6.4 0 12.8-6.4 12.8-12.8V108.8c0-6.4-6.4-12.8-12.8-12.8h-22.4c-6.4 0-12.8 6.4-12.8 12.8v230.4c0 6.4 6.4 12.8 12.8 12.8zm-192 0h22.4c6.4 0 12.8-6.4 12.8-12.8V140.8c0-6.4-6.4-12.8-12.8-12.8h-22.4c-6.4 0-12.8 6.4-12.8 12.8v198.4c0 6.4 6.4 12.8 12.8 12.8zm96 0h22.4c6.4 0 12.8-6.4 12.8-12.8V204.8c0-6.4-6.4-12.8-12.8-12.8h-22.4c-6.4 0-12.8 6.4-12.8 12.8v134.4c0 6.4 6.4 12.8 12.8 12.8zM496 400H48V80c0-8.84-7.16-16-16-16H16C7.16 64 0 71.16 0 80v336c0 17.67 14.33 32 32 32h464c8.84 0 16-7.16 16-16v-16c0-8.84-7.16-16-16-16zm-387.2-48h22.4c6.4 0 12.8-6.4 12.8-12.8v-70.4c0-6.4-6.4-12.8-12.8-12.8h-22.4c-6.4 0-12.8 6.4-12.8 12.8v70.4c0 6.4 6.4 12.8 12.8 12.8z\" class=\"\"><\/path><\/svg><\/i> <img loading=\"lazy\" decoding=\"async\" width=\"16\" height=\"16\" alt=\"Loading\" src=\"https:\/\/temucotelevision.cl\/web\/wp-content\/plugins\/page-views-count\/ajax-loader-2x.gif\" border=0 \/><\/p>\n<div class=\"pvc_clear\"><\/div>\n<p>\u00b7&nbsp;&nbsp;&nbsp;&nbsp;&nbsp;&nbsp;&nbsp;De visita en la regi\u00f3n, la titular de Bienes Nacionales entreg\u00f3 cerca de 100 regularizaciones de terreno, adem\u00e1s de un<\/p>\n","protected":false},"author":1,"featured_media":40033,"comment_status":"open","ping_status":"open","sticky":false,"template":"","format":"standard","meta":{"colormag_page_container_layout":"default_layout","colormag_page_sidebar_layout":"default_layout","footnotes":""},"categories":[15],"tags":[1803,730,1802],"class_list":["post-40032","post","type-post","status-publish","format-standard","has-post-thumbnail","hentry","category-la-araucania","tag-dominio","tag-ministra","tag-titulos"],"a3_pvc":{"activated":true,"total_views":82,"today_views":0},"_links":{"self":[{"href":"https:\/\/temucotelevision.cl\/web\/wp-json\/wp\/v2\/posts\/40032","targetHints":{"allow":["GET"]}}],"collection":[{"href":"https:\/\/temucotelevision.cl\/web\/wp-json\/wp\/v2\/posts"}],"about":[{"href":"https:\/\/temucotelevision.cl\/web\/wp-json\/wp\/v2\/types\/post"}],"author":[{"embeddable":true,"href":"https:\/\/temucotelevision.cl\/web\/wp-json\/wp\/v2\/users\/1"}],"replies":[{"embeddable":true,"href":"https:\/\/temucotelevision.cl\/web\/wp-json\/wp\/v2\/comments?post=40032"}],"version-history":[{"count":1,"href":"https:\/\/temucotelevision.cl\/web\/wp-json\/wp\/v2\/posts\/40032\/revisions"}],"predecessor-version":[{"id":40034,"href":"https:\/\/temucotelevision.cl\/web\/wp-json\/wp\/v2\/posts\/40032\/revisions\/40034"}],"wp:featuredmedia":[{"embeddable":true,"href":"https:\/\/temucotelevision.cl\/web\/wp-json\/wp\/v2\/media\/40033"}],"wp:attachment":[{"href":"https:\/\/temucotelevision.cl\/web\/wp-json\/wp\/v2\/media?parent=40032"}],"wp:term":[{"taxonomy":"category","embeddable":true,"href":"https:\/\/temucotelevision.cl\/web\/wp-json\/wp\/v2\/categories?post=40032"},{"taxonomy":"post_tag","embeddable":true,"href":"https:\/\/temucotelevision.cl\/web\/wp-json\/wp\/v2\/tags?post=40032"}],"curies":[{"name":"wp","href":"https:\/\/api.w.org\/{rel}","templated":true}]}}