{"id":40029,"date":"2023-04-05T17:21:21","date_gmt":"2023-04-05T20:21:21","guid":{"rendered":"https:\/\/temucotelevision.cl\/web\/?p=40029"},"modified":"2023-04-05T17:21:22","modified_gmt":"2023-04-05T20:21:22","slug":"candidatos-al-consejo-constitucional-de-la-rm-acusan-preocupacion-por-falta-de-difusion-y-ambiente-electoral","status":"publish","type":"post","link":"https:\/\/temucotelevision.cl\/web\/2023\/04\/05\/candidatos-al-consejo-constitucional-de-la-rm-acusan-preocupacion-por-falta-de-difusion-y-ambiente-electoral\/","title":{"rendered":"Candidatos al Consejo Constitucional de la RM acusan preocupaci\u00f3n por falta de difusi\u00f3n y ambiente electoral"},"content":{"rendered":"<div class=\"pvc_clear\"><\/div><p id=\"pvc_stats_40029\" class=\"pvc_stats total_only  \" data-element-id=\"40029\" style=\"\"><i class=\"pvc-stats-icon large\" aria-hidden=\"true\"><svg aria-hidden=\"true\" focusable=\"false\" data-prefix=\"far\" data-icon=\"chart-bar\" role=\"img\" xmlns=\"http:\/\/www.w3.org\/2000\/svg\" viewBox=\"0 0 512 512\" class=\"svg-inline--fa fa-chart-bar fa-w-16 fa-2x\"><path fill=\"currentColor\" d=\"M396.8 352h22.4c6.4 0 12.8-6.4 12.8-12.8V108.8c0-6.4-6.4-12.8-12.8-12.8h-22.4c-6.4 0-12.8 6.4-12.8 12.8v230.4c0 6.4 6.4 12.8 12.8 12.8zm-192 0h22.4c6.4 0 12.8-6.4 12.8-12.8V140.8c0-6.4-6.4-12.8-12.8-12.8h-22.4c-6.4 0-12.8 6.4-12.8 12.8v198.4c0 6.4 6.4 12.8 12.8 12.8zm96 0h22.4c6.4 0 12.8-6.4 12.8-12.8V204.8c0-6.4-6.4-12.8-12.8-12.8h-22.4c-6.4 0-12.8 6.4-12.8 12.8v134.4c0 6.4 6.4 12.8 12.8 12.8zM496 400H48V80c0-8.84-7.16-16-16-16H16C7.16 64 0 71.16 0 80v336c0 17.67 14.33 32 32 32h464c8.84 0 16-7.16 16-16v-16c0-8.84-7.16-16-16-16zm-387.2-48h22.4c6.4 0 12.8-6.4 12.8-12.8v-70.4c0-6.4-6.4-12.8-12.8-12.8h-22.4c-6.4 0-12.8 6.4-12.8 12.8v70.4c0 6.4 6.4 12.8 12.8 12.8z\" class=\"\"><\/path><\/svg><\/i> <img loading=\"lazy\" decoding=\"async\" width=\"16\" height=\"16\" alt=\"Loading\" src=\"https:\/\/temucotelevision.cl\/web\/wp-content\/plugins\/page-views-count\/ajax-loader-2x.gif\" border=0 \/><\/p><div class=\"pvc_clear\"><\/div>\n<ul class=\"wp-block-list\"><li>Esto en el marco del seminario \u201cDi\u00e1logos Constitucionales: Una mirada desde la Universidad\u201d organizado por la Universidad Aut\u00f3noma de Chile donde tambi\u00e9n debatieron sobre seguridad y el rol de las polic\u00edas y Fuerzas Armadas, entre otros.<\/li><\/ul>\n\n\n\n<p>Preocupaci\u00f3n por la falta de difusi\u00f3n de las candidaturas y las campa\u00f1as expresaron los aspirantes a uno de los esca\u00f1os, por la regi\u00f3n Metropolitana, al Consejo Constitucional. Lo anterior en el marco del seminario \u201cDi\u00e1logos Constitucionales: Una mirada desde la Universidad\u201d organizado por la Facultad de Ciencias de la Salud y la Facultad de Derecho de la Universidad Aut\u00f3noma de Chile.<\/p>\n\n\n\n<p>En el primer bloque, denominado \u201cDerechos Sociales, salud, subsidiaridad y otros en la Constituci\u00f3n\u201d participaron Bruno Baranda, Gloria Hutt, Natalia Piergentili y Andr\u00e9s Palma. Este panel fue moderado por el decano de la Facultad de Ciencias de la Salud, Dr. Luis Castillo; y la jefa de la unidad de Salud P\u00fablica de la Universidad Aut\u00f3noma, Dra. Karla Rubilar.<\/p>\n\n\n\n<p>En tanto, en el bloque dos de \u201cSeguridad y migraci\u00f3n en la Constituci\u00f3n\u201d los panelistas fueron Rodrigo Delgado, Jaime Ravinet, Elizabeth Rodr\u00edguez, Yerko Ljubetic y Luis Silva. La instancia fue moderada por el decano de la Facultad de Derecho, Rodrigo Barcia, quien estuvo acompa\u00f1ado por los docentes Sebasti\u00e1n Z\u00e1rate e Isabel Cornejo.&nbsp;<\/p>\n\n\n\n<p><strong>Poca difusi\u00f3n y escaso ambiente electoral: \u00bfPodr\u00eda afectar la participaci\u00f3n?<\/strong><\/p>\n\n\n\n<p>La presidenta del PPD y candidata, Natalia Piergentili, mostr\u00f3 su preocupaci\u00f3n afirmando que \u201cesperamos que la franja empiece a calentar motores respecto de lo que nos estamos jugando en esta elecci\u00f3n. Debido a otras urgencias, el tema constitucional ha pasado a un segundo plano respecto de otros temas pa\u00eds. No es menor la urgencia y necesidad de relevar la importancia que tiene este acuerdo marco de convivencia para abordar, precisamente, los desaf\u00edos que la ciudadan\u00eda considera como los m\u00e1s importantes\u201d.<\/p>\n\n\n\n<p>En tanto la presidenta de Ev\u00f3poli y candidata, Gloria Hutt, dijo que \u201cnosotros hemos estado en la calle, intensamente desde muy temprano todos los d\u00edas, y vamos a seguir as\u00ed porque nada reemplaza el contacto con las personas y las conversaciones con la gente. Tambi\u00e9n hemos tenido una fuerte presencia en redes sociales, pero eso no reemplaza las campa\u00f1as de difusi\u00f3n masivas\u201d.<\/p>\n\n\n\n<p>Por su parte la candidata Elizabeth Rodr\u00edguez manifest\u00f3 que \u201ccomo Partido de la Gente hemos hecho una campa\u00f1a orientada a las personas. La llegada a la calle es maravillosa y el contacto con la gente es la esencia de nuestro partido. La campa\u00f1a es en la calle, en los medios y en las redes sociales, pero no deja de ser preocupante la falta de difusi\u00f3n y el apoyo para promover e incentivar la participaci\u00f3n en las pr\u00f3ximas elecciones. Esperamos que esto cambie\u201d.<\/p>\n\n\n\n<p>La exministra y jefa de la unidad de Salud P\u00fablica de la Universidad Aut\u00f3noma, Dra. Karla Rubilar, indic\u00f3 que \u201ccomo universidad, como facultad de Ciencias de la Salud, hemos venido haciendo grandes esfuerzos por poner a disposici\u00f3n de las personas, desde la academia, los temas que a la gente de interesan. Fue as\u00ed como realizamos un seminario para abordar la crisis de las isapres, posteriormente el rol de Fonasa y ahora reunimos a candidatos y candidatas, por la regi\u00f3n metropolitana al Consejo Constitucional, con la finalidad de conocer sus planteamientos en temas sociales y seguridad. En este caso, especialmente, hemos visto muy poca difusi\u00f3n de la campa\u00f1a y las elecciones que se realizar\u00e1n en el mes de mayo. Creemos que el desconocimiento da\u00f1a la democracia y esta actividad suma a los esfuerzos por mejorar la calidad de nuestro debate y acercar los temas a las personas, convencidos de que mientras m\u00e1s informaci\u00f3n, y de calidad, ponemos a disposici\u00f3n de la gente mejor es su capacidad para tomar decisiones\u201d.<\/p>\n\n\n\n<p><strong>Seguridad: Carabineros, Fuerzas Armadas y Gendarmer\u00eda<\/strong><\/p>\n\n\n\n<p>En materia de seguridad el ex ministro del Interior y candidato, Rodrigo Delgado, manifest\u00f3 que \u201ctodas las crisis tienen oportunidades y los espacios para debatir temas de seguridad p\u00fablica, de control de orden p\u00fablico en materia de narcotr\u00e1fico y crimen organizado, son diversos. El debate constitucional por supuesto que es un muy buen espacio para fijar posturas y enviar se\u00f1ales contundentes a quienes tambi\u00e9n viven de se\u00f1ales. Es muy importante, en mi opini\u00f3n, que la pr\u00f3xima constituci\u00f3n tenga nivel de cap\u00edtulo a las Fuerzas Armadas y de las polic\u00edas y a Gendarmer\u00eda. Creo que el rol de Gendarmer\u00eda debe relevarse en este debate constitucional\u201d.<\/p>\n\n\n\n<p>Por su parte el candidato Jaime Ravinet indic\u00f3 que \u201cel acuerdo nacional por la seguridad firmado por el presidente de la Rep\u00fablica, con alcaldes y gobernadores, yo espero que no sea un show medi\u00e1tico, sino que sea un contenido real. Resulta contradictorio que mientras el presidente llama a aprobar la ley Nain \u2013 Retamal el Partido Comunista y sus propios partidarios del Frente Amplio lo rechazan en la C\u00e1mara de Diputados. Y hace algunos d\u00edas su Ministra del Interior, Carolina Toh\u00e1, se retir\u00f3 de la comisi\u00f3n porque simplemente el Senado aprob\u00f3 una indicaci\u00f3n que nos les conviene. Creo que es importante que la seguridad se tome en serio, respaldando a Carabineros, d\u00e1ndole todo el apoyo necesario. Esto es lo que Chile requiere\u201d.<\/p>\n\n\n\n<p>La actividad, abierta a todo p\u00fablico y que tuvo transmisi\u00f3n a todo Chile v\u00eda streaming, cont\u00f3 con la presencia de representantes de las candidaturas, estudiantes, acad\u00e9micos y autoridades acad\u00e9micas de la Universidad Aut\u00f3noma de Chile.&nbsp;<\/p>\n","protected":false},"excerpt":{"rendered":"<div class=\"pvc_clear\"><\/div>\n<p id=\"pvc_stats_40029\" class=\"pvc_stats total_only  \" data-element-id=\"40029\" style=\"\"><i class=\"pvc-stats-icon large\" aria-hidden=\"true\"><svg aria-hidden=\"true\" focusable=\"false\" data-prefix=\"far\" data-icon=\"chart-bar\" role=\"img\" xmlns=\"http:\/\/www.w3.org\/2000\/svg\" viewBox=\"0 0 512 512\" class=\"svg-inline--fa fa-chart-bar fa-w-16 fa-2x\"><path fill=\"currentColor\" d=\"M396.8 352h22.4c6.4 0 12.8-6.4 12.8-12.8V108.8c0-6.4-6.4-12.8-12.8-12.8h-22.4c-6.4 0-12.8 6.4-12.8 12.8v230.4c0 6.4 6.4 12.8 12.8 12.8zm-192 0h22.4c6.4 0 12.8-6.4 12.8-12.8V140.8c0-6.4-6.4-12.8-12.8-12.8h-22.4c-6.4 0-12.8 6.4-12.8 12.8v198.4c0 6.4 6.4 12.8 12.8 12.8zm96 0h22.4c6.4 0 12.8-6.4 12.8-12.8V204.8c0-6.4-6.4-12.8-12.8-12.8h-22.4c-6.4 0-12.8 6.4-12.8 12.8v134.4c0 6.4 6.4 12.8 12.8 12.8zM496 400H48V80c0-8.84-7.16-16-16-16H16C7.16 64 0 71.16 0 80v336c0 17.67 14.33 32 32 32h464c8.84 0 16-7.16 16-16v-16c0-8.84-7.16-16-16-16zm-387.2-48h22.4c6.4 0 12.8-6.4 12.8-12.8v-70.4c0-6.4-6.4-12.8-12.8-12.8h-22.4c-6.4 0-12.8 6.4-12.8 12.8v70.4c0 6.4 6.4 12.8 12.8 12.8z\" class=\"\"><\/path><\/svg><\/i> <img loading=\"lazy\" decoding=\"async\" width=\"16\" height=\"16\" alt=\"Loading\" src=\"https:\/\/temucotelevision.cl\/web\/wp-content\/plugins\/page-views-count\/ajax-loader-2x.gif\" border=0 \/><\/p>\n<div class=\"pvc_clear\"><\/div>\n<p>Esto en el marco del seminario \u201cDi\u00e1logos Constitucionales: Una mirada desde la Universidad\u201d organizado por la Universidad Aut\u00f3noma de Chile<\/p>\n","protected":false},"author":1,"featured_media":40030,"comment_status":"open","ping_status":"open","sticky":false,"template":"","format":"standard","meta":{"colormag_page_container_layout":"default_layout","colormag_page_sidebar_layout":"default_layout","footnotes":""},"categories":[16],"tags":[2952,966,6325],"class_list":["post-40029","post","type-post","status-publish","format-standard","has-post-thumbnail","hentry","category-policial","tag-candidatos","tag-consejo","tag-rm"],"a3_pvc":{"activated":true,"total_views":46,"today_views":0},"_links":{"self":[{"href":"https:\/\/temucotelevision.cl\/web\/wp-json\/wp\/v2\/posts\/40029","targetHints":{"allow":["GET"]}}],"collection":[{"href":"https:\/\/temucotelevision.cl\/web\/wp-json\/wp\/v2\/posts"}],"about":[{"href":"https:\/\/temucotelevision.cl\/web\/wp-json\/wp\/v2\/types\/post"}],"author":[{"embeddable":true,"href":"https:\/\/temucotelevision.cl\/web\/wp-json\/wp\/v2\/users\/1"}],"replies":[{"embeddable":true,"href":"https:\/\/temucotelevision.cl\/web\/wp-json\/wp\/v2\/comments?post=40029"}],"version-history":[{"count":1,"href":"https:\/\/temucotelevision.cl\/web\/wp-json\/wp\/v2\/posts\/40029\/revisions"}],"predecessor-version":[{"id":40031,"href":"https:\/\/temucotelevision.cl\/web\/wp-json\/wp\/v2\/posts\/40029\/revisions\/40031"}],"wp:featuredmedia":[{"embeddable":true,"href":"https:\/\/temucotelevision.cl\/web\/wp-json\/wp\/v2\/media\/40030"}],"wp:attachment":[{"href":"https:\/\/temucotelevision.cl\/web\/wp-json\/wp\/v2\/media?parent=40029"}],"wp:term":[{"taxonomy":"category","embeddable":true,"href":"https:\/\/temucotelevision.cl\/web\/wp-json\/wp\/v2\/categories?post=40029"},{"taxonomy":"post_tag","embeddable":true,"href":"https:\/\/temucotelevision.cl\/web\/wp-json\/wp\/v2\/tags?post=40029"}],"curies":[{"name":"wp","href":"https:\/\/api.w.org\/{rel}","templated":true}]}}