{"id":40021,"date":"2023-04-05T12:39:53","date_gmt":"2023-04-05T15:39:53","guid":{"rendered":"https:\/\/temucotelevision.cl\/web\/?p=40021"},"modified":"2023-04-05T12:47:02","modified_gmt":"2023-04-05T15:47:02","slug":"brigada-antinarcoticos-de-la-pdi-allana-cinco-domicilios-en-puerto-saavedra-detuvieron-a-tres-integrantes-de-clan-familiar","status":"publish","type":"post","link":"https:\/\/temucotelevision.cl\/web\/2023\/04\/05\/brigada-antinarcoticos-de-la-pdi-allana-cinco-domicilios-en-puerto-saavedra-detuvieron-a-tres-integrantes-de-clan-familiar\/","title":{"rendered":"Brigada Antinarc\u00f3ticos de la PDI allana cinco domicilios en Puerto Saavedra: detuvieron a tres integrantes de clan familiar"},"content":{"rendered":"<div class=\"pvc_clear\"><\/div><p id=\"pvc_stats_40021\" class=\"pvc_stats total_only  \" data-element-id=\"40021\" style=\"\"><i class=\"pvc-stats-icon large\" aria-hidden=\"true\"><svg aria-hidden=\"true\" focusable=\"false\" data-prefix=\"far\" data-icon=\"chart-bar\" role=\"img\" xmlns=\"http:\/\/www.w3.org\/2000\/svg\" viewBox=\"0 0 512 512\" class=\"svg-inline--fa fa-chart-bar fa-w-16 fa-2x\"><path fill=\"currentColor\" d=\"M396.8 352h22.4c6.4 0 12.8-6.4 12.8-12.8V108.8c0-6.4-6.4-12.8-12.8-12.8h-22.4c-6.4 0-12.8 6.4-12.8 12.8v230.4c0 6.4 6.4 12.8 12.8 12.8zm-192 0h22.4c6.4 0 12.8-6.4 12.8-12.8V140.8c0-6.4-6.4-12.8-12.8-12.8h-22.4c-6.4 0-12.8 6.4-12.8 12.8v198.4c0 6.4 6.4 12.8 12.8 12.8zm96 0h22.4c6.4 0 12.8-6.4 12.8-12.8V204.8c0-6.4-6.4-12.8-12.8-12.8h-22.4c-6.4 0-12.8 6.4-12.8 12.8v134.4c0 6.4 6.4 12.8 12.8 12.8zM496 400H48V80c0-8.84-7.16-16-16-16H16C7.16 64 0 71.16 0 80v336c0 17.67 14.33 32 32 32h464c8.84 0 16-7.16 16-16v-16c0-8.84-7.16-16-16-16zm-387.2-48h22.4c6.4 0 12.8-6.4 12.8-12.8v-70.4c0-6.4-6.4-12.8-12.8-12.8h-22.4c-6.4 0-12.8 6.4-12.8 12.8v70.4c0 6.4 6.4 12.8 12.8 12.8z\" class=\"\"><\/path><\/svg><\/i> <img loading=\"lazy\" decoding=\"async\" width=\"16\" height=\"16\" alt=\"Loading\" src=\"https:\/\/temucotelevision.cl\/web\/wp-content\/plugins\/page-views-count\/ajax-loader-2x.gif\" border=0 \/><\/p><div class=\"pvc_clear\"><\/div>\n<p>Detectives&nbsp;de la Brigada Antinarc\u00f3ticos y Contra el Crimen Organizado (Brianco) Temuco,&nbsp;realizaron un allanamiento en cinco domicilios de la comuna de Puerto Saavedra, donde lograron la detenci\u00f3n de tres integrantes de un clan familiar que estar\u00eda dedicado al microtr\u00e1fico de drogas en la zona costera, a trav\u00e9s de la modalidad&nbsp;delivery.<\/p>\n\n\n\n<p>A trav\u00e9s de la denominada operaci\u00f3n \u201cWinter II\u201d, los polic\u00edas detuvieron a A.C.M.M. -34 a\u00f1os- con detencionesanteriores por hurto simple y microtr\u00e1fico a\u00f1o 2022; C.A.C.M. -26 a\u00f1os- tambi\u00e9n con detenciones por tr\u00e1fico en peque\u00f1as cantidades; y E.H.H.C -27 a\u00f1os- y con antecedentes por diversos robos con violencia. <\/p>\n\n\n\n<p>El subprefecto Freddy Ag\u00fcero,&nbsp;jefe de la&nbsp;Brianco&nbsp;Temuco, indic\u00f3&nbsp;que&nbsp;las diligencias se&nbsp;efectuaron por \u00f3rdenes de investigar de la&nbsp;Fiscal\u00eda Local&nbsp;de Carahue,&nbsp;\u201cmediante el constante procesamiento de informaci\u00f3n barrial, sectorial y poblacional, lograron la individualizaci\u00f3n de un clan familiar y de un sujeto que abastec\u00eda de distintos tipos de droga a consumidores de la comuna de Puerto Saavedra. Una diligencia importante, ya que se intervinieron cinco domicilios, se detuvo a tres personas y se sac\u00f3 de circulaci\u00f3n distintos tipos de droga\u201d.<\/p>\n\n\n\n<p>En el operativo se incaut\u00f3&nbsp;cannabis&nbsp;sativa a granel, cinco plantas del mismo g\u00e9nero, clorhidrato de&nbsp;coca\u00edna&nbsp;y coca\u00edna base, asimismo, se decomisaron $145 mil pesos en efectivo, una balanza digital y bolsas dosificadoras de droga.<\/p>\n\n\n\n<p>Los imputados fueron puestos a disposici\u00f3n del Juzgado de Garant\u00eda de Carahue para realizar el control de detenci\u00f3n y posterior formalizaci\u00f3n, donde se decret\u00f3 la medida cautelar de reclusi\u00f3n nocturna para uno de los detenidos, mientras que los otros dos quedaron con arraigo nacional y firma mensual, se establecieron tres meses como plazo de investigaci\u00f3n. <\/p>\n\n\n\n<figure class=\"wp-block-image size-large\"><img loading=\"lazy\" decoding=\"async\" width=\"1024\" height=\"768\" src=\"https:\/\/temucotelevision.cl\/web\/wp-content\/uploads\/2023\/04\/06e1d54f-1474-4039-a1c3-3f08f1dc7ec5-1024x768.jpg\" class=\"wp-image-40023\" srcset=\"https:\/\/temucotelevision.cl\/web\/wp-content\/uploads\/2023\/04\/06e1d54f-1474-4039-a1c3-3f08f1dc7ec5-1024x768.jpg 1024w, https:\/\/temucotelevision.cl\/web\/wp-content\/uploads\/2023\/04\/06e1d54f-1474-4039-a1c3-3f08f1dc7ec5-768x576.jpg 768w, https:\/\/temucotelevision.cl\/web\/wp-content\/uploads\/2023\/04\/06e1d54f-1474-4039-a1c3-3f08f1dc7ec5-1536x1152.jpg 1536w, https:\/\/temucotelevision.cl\/web\/wp-content\/uploads\/2023\/04\/06e1d54f-1474-4039-a1c3-3f08f1dc7ec5.jpg 1600w\" sizes=\"auto, (max-width: 1024px) 100vw, 1024px\" \/><\/figure>\n\n\n\n<p> <\/p>\n","protected":false},"excerpt":{"rendered":"<div class=\"pvc_clear\"><\/div>\n<p id=\"pvc_stats_40021\" class=\"pvc_stats total_only  \" data-element-id=\"40021\" style=\"\"><i class=\"pvc-stats-icon large\" aria-hidden=\"true\"><svg aria-hidden=\"true\" focusable=\"false\" data-prefix=\"far\" data-icon=\"chart-bar\" role=\"img\" xmlns=\"http:\/\/www.w3.org\/2000\/svg\" viewBox=\"0 0 512 512\" class=\"svg-inline--fa fa-chart-bar fa-w-16 fa-2x\"><path fill=\"currentColor\" d=\"M396.8 352h22.4c6.4 0 12.8-6.4 12.8-12.8V108.8c0-6.4-6.4-12.8-12.8-12.8h-22.4c-6.4 0-12.8 6.4-12.8 12.8v230.4c0 6.4 6.4 12.8 12.8 12.8zm-192 0h22.4c6.4 0 12.8-6.4 12.8-12.8V140.8c0-6.4-6.4-12.8-12.8-12.8h-22.4c-6.4 0-12.8 6.4-12.8 12.8v198.4c0 6.4 6.4 12.8 12.8 12.8zm96 0h22.4c6.4 0 12.8-6.4 12.8-12.8V204.8c0-6.4-6.4-12.8-12.8-12.8h-22.4c-6.4 0-12.8 6.4-12.8 12.8v134.4c0 6.4 6.4 12.8 12.8 12.8zM496 400H48V80c0-8.84-7.16-16-16-16H16C7.16 64 0 71.16 0 80v336c0 17.67 14.33 32 32 32h464c8.84 0 16-7.16 16-16v-16c0-8.84-7.16-16-16-16zm-387.2-48h22.4c6.4 0 12.8-6.4 12.8-12.8v-70.4c0-6.4-6.4-12.8-12.8-12.8h-22.4c-6.4 0-12.8 6.4-12.8 12.8v70.4c0 6.4 6.4 12.8 12.8 12.8z\" class=\"\"><\/path><\/svg><\/i> <img loading=\"lazy\" decoding=\"async\" width=\"16\" height=\"16\" alt=\"Loading\" src=\"https:\/\/temucotelevision.cl\/web\/wp-content\/plugins\/page-views-count\/ajax-loader-2x.gif\" border=0 \/><\/p>\n<div class=\"pvc_clear\"><\/div>\n<p>Detectives&nbsp;de la Brigada Antinarc\u00f3ticos y Contra el Crimen Organizado (Brianco) Temuco,&nbsp;realizaron un allanamiento en cinco domicilios de la comuna de<\/p>\n","protected":false},"author":1,"featured_media":28420,"comment_status":"open","ping_status":"open","sticky":false,"template":"","format":"standard","meta":{"colormag_page_container_layout":"default_layout","colormag_page_sidebar_layout":"default_layout","footnotes":""},"categories":[15,16],"tags":[],"class_list":["post-40021","post","type-post","status-publish","format-standard","has-post-thumbnail","hentry","category-la-araucania","category-policial"],"a3_pvc":{"activated":true,"total_views":113,"today_views":0},"_links":{"self":[{"href":"https:\/\/temucotelevision.cl\/web\/wp-json\/wp\/v2\/posts\/40021","targetHints":{"allow":["GET"]}}],"collection":[{"href":"https:\/\/temucotelevision.cl\/web\/wp-json\/wp\/v2\/posts"}],"about":[{"href":"https:\/\/temucotelevision.cl\/web\/wp-json\/wp\/v2\/types\/post"}],"author":[{"embeddable":true,"href":"https:\/\/temucotelevision.cl\/web\/wp-json\/wp\/v2\/users\/1"}],"replies":[{"embeddable":true,"href":"https:\/\/temucotelevision.cl\/web\/wp-json\/wp\/v2\/comments?post=40021"}],"version-history":[{"count":2,"href":"https:\/\/temucotelevision.cl\/web\/wp-json\/wp\/v2\/posts\/40021\/revisions"}],"predecessor-version":[{"id":40024,"href":"https:\/\/temucotelevision.cl\/web\/wp-json\/wp\/v2\/posts\/40021\/revisions\/40024"}],"wp:featuredmedia":[{"embeddable":true,"href":"https:\/\/temucotelevision.cl\/web\/wp-json\/wp\/v2\/media\/28420"}],"wp:attachment":[{"href":"https:\/\/temucotelevision.cl\/web\/wp-json\/wp\/v2\/media?parent=40021"}],"wp:term":[{"taxonomy":"category","embeddable":true,"href":"https:\/\/temucotelevision.cl\/web\/wp-json\/wp\/v2\/categories?post=40021"},{"taxonomy":"post_tag","embeddable":true,"href":"https:\/\/temucotelevision.cl\/web\/wp-json\/wp\/v2\/tags?post=40021"}],"curies":[{"name":"wp","href":"https:\/\/api.w.org\/{rel}","templated":true}]}}