{"id":40019,"date":"2023-04-05T12:31:57","date_gmt":"2023-04-05T15:31:57","guid":{"rendered":"https:\/\/temucotelevision.cl\/web\/?p=40019"},"modified":"2023-04-05T12:32:00","modified_gmt":"2023-04-05T15:32:00","slug":"diputado-leal-rechaza-decision-del-gobierno-de-subir-impuesto-especifico-a-los-combustibles-y-advierte-graves-consecuencias-para-la-clase-media","status":"publish","type":"post","link":"https:\/\/temucotelevision.cl\/web\/2023\/04\/05\/diputado-leal-rechaza-decision-del-gobierno-de-subir-impuesto-especifico-a-los-combustibles-y-advierte-graves-consecuencias-para-la-clase-media\/","title":{"rendered":"Diputado Leal rechaza decisi\u00f3n del Gobierno de subir Impuesto Espec\u00edfico a los Combustibles y advierte \u201cgraves consecuencias para la clase media\u201d"},"content":{"rendered":"<div class=\"pvc_clear\"><\/div><p id=\"pvc_stats_40019\" class=\"pvc_stats total_only  \" data-element-id=\"40019\" style=\"\"><i class=\"pvc-stats-icon large\" aria-hidden=\"true\"><svg aria-hidden=\"true\" focusable=\"false\" data-prefix=\"far\" data-icon=\"chart-bar\" role=\"img\" xmlns=\"http:\/\/www.w3.org\/2000\/svg\" viewBox=\"0 0 512 512\" class=\"svg-inline--fa fa-chart-bar fa-w-16 fa-2x\"><path fill=\"currentColor\" d=\"M396.8 352h22.4c6.4 0 12.8-6.4 12.8-12.8V108.8c0-6.4-6.4-12.8-12.8-12.8h-22.4c-6.4 0-12.8 6.4-12.8 12.8v230.4c0 6.4 6.4 12.8 12.8 12.8zm-192 0h22.4c6.4 0 12.8-6.4 12.8-12.8V140.8c0-6.4-6.4-12.8-12.8-12.8h-22.4c-6.4 0-12.8 6.4-12.8 12.8v198.4c0 6.4 6.4 12.8 12.8 12.8zm96 0h22.4c6.4 0 12.8-6.4 12.8-12.8V204.8c0-6.4-6.4-12.8-12.8-12.8h-22.4c-6.4 0-12.8 6.4-12.8 12.8v134.4c0 6.4 6.4 12.8 12.8 12.8zM496 400H48V80c0-8.84-7.16-16-16-16H16C7.16 64 0 71.16 0 80v336c0 17.67 14.33 32 32 32h464c8.84 0 16-7.16 16-16v-16c0-8.84-7.16-16-16-16zm-387.2-48h22.4c6.4 0 12.8-6.4 12.8-12.8v-70.4c0-6.4-6.4-12.8-12.8-12.8h-22.4c-6.4 0-12.8 6.4-12.8 12.8v70.4c0 6.4 6.4 12.8 12.8 12.8z\" class=\"\"><\/path><\/svg><\/i> <img loading=\"lazy\" decoding=\"async\" width=\"16\" height=\"16\" alt=\"Loading\" src=\"https:\/\/temucotelevision.cl\/web\/wp-content\/plugins\/page-views-count\/ajax-loader-2x.gif\" border=0 \/><\/p><div class=\"pvc_clear\"><\/div>\n<p><br>El representante de La Araucan\u00eda calific\u00f3 el anuncio como \u201cabsolutamente insensato e inoportuno\u201d, anticipando incluso que \u201cva a perjudicar a la inmensa mayor\u00eda de los chilenos\u201d.<\/p>\n\n\n\n<p><br>Como un \u201cverdadero mazazo\u201d al bolsillo de la clase media calific\u00f3 el diputado por la Regi\u00f3n de La Araucan\u00eda, Henry Leal (UDI), el anuncio de la ministra de Medio Ambiente, Maisa Rojas, quien inform\u00f3 que est\u00e1 \u201cpr\u00e1cticamente listo\u201d el alza al Impuesto Espec\u00edfico a los Combustibles que propondr\u00e1 el Gobierno en el corto plazo, pese a que las bencinas en el pa\u00eds registran uno de los precios m\u00e1s altos de toda su historia, bordeando incluso los $1.400 pesos el litro en ciertas regiones.<\/p>\n\n\n\n<p><br>Al respecto, y junto con calificar como \u201cabsolutamente insensata\u201d la medida, el parlamentario gremialista asegur\u00f3 que en este minuto \u201cno se justifica\u201d debido a la grave situaci\u00f3n econ\u00f3mica por la que atraviesa el pa\u00eds, donde la inflaci\u00f3n de los \u00faltimos doce meses se mantiene en dos d\u00edgitos, la tasa de desempleo registra un 8,4% y, adem\u00e1s, se augura un bajo crecimiento para el resto del a\u00f1o.<\/p>\n\n\n\n<p><br>\u201cCuando vivimos una de las inflaciones m\u00e1s altas de la \u00faltima d\u00e9cada, con un desempleo que bordea los dos d\u00edgitos y un precio de los combustibles jam\u00e1s antes visto en nuestro pa\u00eds, al Gobierno no se le ocurre otra idea m\u00e1s genial que aumentar el Impuesto Espec\u00edfico a los Combustibles, que perjudica no s\u00f3lo a la clase media y a la inmensa mayor\u00eda de los chilenos, sino que tambi\u00e9n a todas las personas que durante la pandemia encontraron en su auto una forma de obtener ingresos, pero que hoy ven que esta medida los puede afectar gravemente\u201d, manifest\u00f3 el diputado Leal.<\/p>\n\n\n\n<p><br>Por lo mismo, y junto con cuestionar al Ejecutivo por realizar dicho anuncio, el representante del Distrito 23 adelant\u00f3 que votar\u00e1 en contra de cualquier proyecto que se presente en esa l\u00ednea, advirtiendo que \u201cno vamos a estar disponibles a meterle la mano al bolsillo a los chilenos, como lamentablemente lo est\u00e1 proponiendo el actual Gobierno\u201d.<\/p>\n\n\n\n<p><br>\u201cEs absolutamente insensato e inconsciente que las actuales autoridades propongan un alza a uno de los impuestos m\u00e1s injustificados que existen en nuestro pa\u00eds. Estamos hablando de que cerca de un 40% de lo que uno paga en bencina corresponde al Impuesto Espec\u00edfico, y si ya no tiene justificaci\u00f3n alguna mantener dicho gravamen, menos a\u00fan lo va a tener una eventual alza, como lo pretende imponer el Ejecutivo\u201d, reiter\u00f3 el diputado UDI, quien finalmente llam\u00f3 al Gobierno a actuar \u201ccon mayor sentido de realidad y en sinton\u00eda con lo que exigen los chilenos\u201d.<\/p>\n\n\n\n<p><br>\u201cEste anuncio s\u00f3lo demuestra la falta de sinton\u00eda de esta administraci\u00f3n con las demandas de los chilenos. Hay miles de familias afectadas por las deudas, esperando que el Gobierno les ofrezca una ayuda real y concreta, pero en vez de ello proponen un alza de un impuesto que los afectar\u00e1 mucho m\u00e1s. Por eso esperamos que el Gobierno reconozca lo inoportuno de su anuncio y retroceda lo antes posible, de lo contrario rechazaremos cualquier iniciativa que vaya en esa l\u00ednea\u201d, advirti\u00f3 Leal.<\/p>\n","protected":false},"excerpt":{"rendered":"<div class=\"pvc_clear\"><\/div>\n<p id=\"pvc_stats_40019\" class=\"pvc_stats total_only  \" data-element-id=\"40019\" style=\"\"><i class=\"pvc-stats-icon large\" aria-hidden=\"true\"><svg aria-hidden=\"true\" focusable=\"false\" data-prefix=\"far\" data-icon=\"chart-bar\" role=\"img\" xmlns=\"http:\/\/www.w3.org\/2000\/svg\" viewBox=\"0 0 512 512\" class=\"svg-inline--fa fa-chart-bar fa-w-16 fa-2x\"><path fill=\"currentColor\" d=\"M396.8 352h22.4c6.4 0 12.8-6.4 12.8-12.8V108.8c0-6.4-6.4-12.8-12.8-12.8h-22.4c-6.4 0-12.8 6.4-12.8 12.8v230.4c0 6.4 6.4 12.8 12.8 12.8zm-192 0h22.4c6.4 0 12.8-6.4 12.8-12.8V140.8c0-6.4-6.4-12.8-12.8-12.8h-22.4c-6.4 0-12.8 6.4-12.8 12.8v198.4c0 6.4 6.4 12.8 12.8 12.8zm96 0h22.4c6.4 0 12.8-6.4 12.8-12.8V204.8c0-6.4-6.4-12.8-12.8-12.8h-22.4c-6.4 0-12.8 6.4-12.8 12.8v134.4c0 6.4 6.4 12.8 12.8 12.8zM496 400H48V80c0-8.84-7.16-16-16-16H16C7.16 64 0 71.16 0 80v336c0 17.67 14.33 32 32 32h464c8.84 0 16-7.16 16-16v-16c0-8.84-7.16-16-16-16zm-387.2-48h22.4c6.4 0 12.8-6.4 12.8-12.8v-70.4c0-6.4-6.4-12.8-12.8-12.8h-22.4c-6.4 0-12.8 6.4-12.8 12.8v70.4c0 6.4 6.4 12.8 12.8 12.8z\" class=\"\"><\/path><\/svg><\/i> <img loading=\"lazy\" decoding=\"async\" width=\"16\" height=\"16\" alt=\"Loading\" src=\"https:\/\/temucotelevision.cl\/web\/wp-content\/plugins\/page-views-count\/ajax-loader-2x.gif\" border=0 \/><\/p>\n<div class=\"pvc_clear\"><\/div>\n<p>El representante de La Araucan\u00eda calific\u00f3 el anuncio como \u201cabsolutamente insensato e inoportuno\u201d, anticipando incluso que \u201cva a perjudicar a<\/p>\n","protected":false},"author":1,"featured_media":7271,"comment_status":"open","ping_status":"open","sticky":false,"template":"","format":"standard","meta":{"colormag_page_container_layout":"default_layout","colormag_page_sidebar_layout":"default_layout","footnotes":""},"categories":[15,84],"tags":[2181,5474],"class_list":["post-40019","post","type-post","status-publish","format-standard","has-post-thumbnail","hentry","category-la-araucania","category-politica","tag-bencinas","tag-dioutado"],"a3_pvc":{"activated":true,"total_views":81,"today_views":0},"_links":{"self":[{"href":"https:\/\/temucotelevision.cl\/web\/wp-json\/wp\/v2\/posts\/40019","targetHints":{"allow":["GET"]}}],"collection":[{"href":"https:\/\/temucotelevision.cl\/web\/wp-json\/wp\/v2\/posts"}],"about":[{"href":"https:\/\/temucotelevision.cl\/web\/wp-json\/wp\/v2\/types\/post"}],"author":[{"embeddable":true,"href":"https:\/\/temucotelevision.cl\/web\/wp-json\/wp\/v2\/users\/1"}],"replies":[{"embeddable":true,"href":"https:\/\/temucotelevision.cl\/web\/wp-json\/wp\/v2\/comments?post=40019"}],"version-history":[{"count":1,"href":"https:\/\/temucotelevision.cl\/web\/wp-json\/wp\/v2\/posts\/40019\/revisions"}],"predecessor-version":[{"id":40020,"href":"https:\/\/temucotelevision.cl\/web\/wp-json\/wp\/v2\/posts\/40019\/revisions\/40020"}],"wp:featuredmedia":[{"embeddable":true,"href":"https:\/\/temucotelevision.cl\/web\/wp-json\/wp\/v2\/media\/7271"}],"wp:attachment":[{"href":"https:\/\/temucotelevision.cl\/web\/wp-json\/wp\/v2\/media?parent=40019"}],"wp:term":[{"taxonomy":"category","embeddable":true,"href":"https:\/\/temucotelevision.cl\/web\/wp-json\/wp\/v2\/categories?post=40019"},{"taxonomy":"post_tag","embeddable":true,"href":"https:\/\/temucotelevision.cl\/web\/wp-json\/wp\/v2\/tags?post=40019"}],"curies":[{"name":"wp","href":"https:\/\/api.w.org\/{rel}","templated":true}]}}