{"id":39428,"date":"2023-03-14T10:04:23","date_gmt":"2023-03-14T13:04:23","guid":{"rendered":"https:\/\/temucotelevision.cl\/web\/?p=39428"},"modified":"2023-03-14T10:04:24","modified_gmt":"2023-03-14T13:04:24","slug":"ministerio-de-agricultura-confirma-primer-caso-de-influenza-aviar-en-plantel-productivo-y-sag-auto-suspende-exportaciones-de-carnes-de-ave","status":"publish","type":"post","link":"https:\/\/temucotelevision.cl\/web\/2023\/03\/14\/ministerio-de-agricultura-confirma-primer-caso-de-influenza-aviar-en-plantel-productivo-y-sag-auto-suspende-exportaciones-de-carnes-de-ave\/","title":{"rendered":"Ministerio de Agricultura confirma primer caso de influenza aviar en plantel productivo y SAG auto suspende exportaciones de carnes de ave\u00a0"},"content":{"rendered":"<div class=\"pvc_clear\"><\/div><p id=\"pvc_stats_39428\" class=\"pvc_stats total_only  \" data-element-id=\"39428\" style=\"\"><i class=\"pvc-stats-icon large\" aria-hidden=\"true\"><svg aria-hidden=\"true\" focusable=\"false\" data-prefix=\"far\" data-icon=\"chart-bar\" role=\"img\" xmlns=\"http:\/\/www.w3.org\/2000\/svg\" viewBox=\"0 0 512 512\" class=\"svg-inline--fa fa-chart-bar fa-w-16 fa-2x\"><path fill=\"currentColor\" d=\"M396.8 352h22.4c6.4 0 12.8-6.4 12.8-12.8V108.8c0-6.4-6.4-12.8-12.8-12.8h-22.4c-6.4 0-12.8 6.4-12.8 12.8v230.4c0 6.4 6.4 12.8 12.8 12.8zm-192 0h22.4c6.4 0 12.8-6.4 12.8-12.8V140.8c0-6.4-6.4-12.8-12.8-12.8h-22.4c-6.4 0-12.8 6.4-12.8 12.8v198.4c0 6.4 6.4 12.8 12.8 12.8zm96 0h22.4c6.4 0 12.8-6.4 12.8-12.8V204.8c0-6.4-6.4-12.8-12.8-12.8h-22.4c-6.4 0-12.8 6.4-12.8 12.8v134.4c0 6.4 6.4 12.8 12.8 12.8zM496 400H48V80c0-8.84-7.16-16-16-16H16C7.16 64 0 71.16 0 80v336c0 17.67 14.33 32 32 32h464c8.84 0 16-7.16 16-16v-16c0-8.84-7.16-16-16-16zm-387.2-48h22.4c6.4 0 12.8-6.4 12.8-12.8v-70.4c0-6.4-6.4-12.8-12.8-12.8h-22.4c-6.4 0-12.8 6.4-12.8 12.8v70.4c0 6.4 6.4 12.8 12.8 12.8z\" class=\"\"><\/path><\/svg><\/i> <img loading=\"lazy\" decoding=\"async\" width=\"16\" height=\"16\" alt=\"Loading\" src=\"https:\/\/temucotelevision.cl\/web\/wp-content\/plugins\/page-views-count\/ajax-loader-2x.gif\" border=0 \/><\/p><div class=\"pvc_clear\"><\/div>\n<p>El ministro Esteban Valenzuela, tras sostener una reuni\u00f3n con los gremios donde inform\u00f3 del hallazgo, remarc\u00f3 que el consumo de carnes blancas no reviste un riesgo para la poblaci\u00f3n e insisti\u00f3 en no remover ni manipular aves silvestres muertas u otras vivas que evidencien conductas anormales.&nbsp;<\/p>\n\n\n\n<p>El Servicio Agr\u00edcola y Ganadero, SAG, confirm\u00f3 la detecci\u00f3n del primer caso de influenza aviar en el sector privado, correspondiente a un plantel industrial de aves ubicado en la Regi\u00f3n de O\u2019Higgins. Tras el hallazgo, el SAG activ\u00f3 el protocolo existente que implica el sacrificio de las aves afectadas y el aislamiento de la zona, medidas sanitarias que tienen como fin evitar la diseminaci\u00f3n de la enfermedad a otros planteles av\u00edcolas.&nbsp;&nbsp;<\/p>\n\n\n\n<p>Por lo mismo, el ministro de Agricultura, Esteban Valenzuela, junto a la alta direcci\u00f3n del SAG, se reunieron este lunes con los diversos actores de la industria asociados en ChileCarne, adem\u00e1s de Chilehuevos y productores independientes del rubro, para darles cuenta de los detalles de la situaci\u00f3n y sus implicancias.&nbsp;<\/p>\n\n\n\n<p>El ministro precis\u00f3 que es \u201cun caso comprobado en un plantel en el sector poniente de la comuna de Rancagua. El SAG ha procedido al control de dicha zona y de inmediato, adem\u00e1s, cumpliendo los m\u00e1s altos est\u00e1ndares, se ha informado a la Organizaci\u00f3n Mundial de Sanidad Animal (OMSA) y se ha procedido por tanto a cerrar la exportaci\u00f3n de carnes de ave\u201d, sostuvo la autoridad.&nbsp;<\/p>\n\n\n\n<p>La medida, tomada por el SAG, se traduce en la auto suspensi\u00f3n de la certificaci\u00f3n de exportaciones de productos av\u00edcolas nacionales, determinaci\u00f3n informada adem\u00e1s a todos sus socios comerciales.&nbsp;<\/p>\n\n\n\n<p>Respecto de esto, Carlos Orellana, jefe de la Divisi\u00f3n de Protecci\u00f3n Pecuaria del servicio dependiente de Minagri, explic\u00f3 que \u201cestamos viendo ahora la afectaci\u00f3n de un plantel comercial, estamos hablando de 40 mil aves reproductoras. Este plantel est\u00e1 ubicado en la sexta regi\u00f3n y de manera precautoria nosotros hemos suspendido nuestra certificaci\u00f3n de exportaci\u00f3n\u201d, aclar\u00f3.&nbsp;<\/p>\n\n\n\n<p>La directora nacional (s) del SAG, Andrea Collao, remarc\u00f3 que \u201cel Servicio Agr\u00edcola y Ganadero ha venido desarrollando ya hace casi 4 meses una estrategia sanitaria en torno a la prevenci\u00f3n (\u2026) En menos de 24 horas se ha realizado una detecci\u00f3n precoz, lo que refleja que el sistema s\u00ed funciona y por ende necesitamos recalcar las medidas de bioseguridad que deben tener los establecimientos\u201d, se\u00f1al\u00f3 Collao.&nbsp;<\/p>\n\n\n\n<p>Cabe se\u00f1alar que el organismo ha venido desarrollando un estrecho trabajo con el sector privado desde que se levant\u00f3 la alerta a nivel mundial, virus altamente pat\u00f3geno que lleg\u00f3 al pa\u00eds a trav\u00e9s de aves migratorias provenientes del hemisferio norte en el mes de diciembre del a\u00f1o pasado, activando una campa\u00f1a de emergencia en todo Chile. A la fecha existen 12 regiones con casos positivos de influenza aviar de alta patogenicidad en aves silvestres y traspatio, con un total de 27 especies de aves afectadas.&nbsp;<\/p>\n\n\n\n<p>Precisamente desde la industria, Juan Carlos Dom\u00ednguez, presidente de ChileCarne, expres\u00f3 que \u201cdados los protocolos que tiene el SAG y su implementaci\u00f3n, se logr\u00f3 una alerta temprana y, por lo tanto, ya se est\u00e1 actuando para contener la situaci\u00f3n. Como dec\u00eda el ministro, ojal\u00e1 podamos recuperar la condici\u00f3n de pa\u00eds libre de influenza aviar lo antes posible para seguir ofreciendo nuestros productos, tanto en Chile como en el mundo\u201d, sostuvo el representante del gremio.&nbsp;<\/p>\n\n\n\n<p>Durante este per\u00edodo de 4 meses el SAG ha muestreado a m\u00e1s de 16 mil aves de traspatio, a casi 4 mil aves industriales y a casi 3 mil aves silvestres, con el fin de detectar oportunamente la presencia del virus y tomar las medidas necesarias para minimizar lo m\u00e1s posible su impacto en el pa\u00eds y llevar tranquilidad a los hogares.&nbsp;&nbsp;<\/p>\n\n\n\n<p>En ese sentido, Patricio Kurte, gerente general de la Asociaci\u00f3n Gremial de Productores de Huevos de Chile -Chilehuevos-, asegur\u00f3 que \u201ctanto la carne de ave como el huevo mantienen su condici\u00f3n de inocuidad y por lo tanto, pueden seguir consumi\u00e9ndose sin ning\u00fan problema. Incluso aunque se presentara alguna otra situaci\u00f3n en alg\u00fan otro plantel esa situaci\u00f3n se va a mantener. Esa es la tranquilidad que quer\u00edamos transmitir\u201d, puntualiz\u00f3.&nbsp;&nbsp;&nbsp;<\/p>\n\n\n\n<p>El SAG reafirmo el urgente llamado a los due\u00f1os\/as de aves de corral a extremar las medidas de bioseguridad en sus instalaciones, principalmente encerrando a sus aves para evitar el contacto con aves silvestres u otras que pudiesen estar afectadas, para evitar el contagio de sus aves con influenza aviar altamente pat\u00f3gena y ante la sospecha de s\u00edntomas se contacten de inmediato al SAG a trav\u00e9s de los siguientes canales de comunicaci\u00f3n:&nbsp;<\/p>\n\n\n\n<ul class=\"wp-block-list\"><li>Oficina SAG m\u00e1s cercana a su domicilio.&nbsp;<\/li><li>Tel\u00e9fono 22 3451100, atenci\u00f3n de lunes a domingo de 8:00 a 21:00 horas&nbsp;<\/li><li>Whatsapp +569 6908 9780 de lunes a domingo las 24 horas del d\u00eda.&nbsp;<\/li><li>Correo electr\u00f3nico:&nbsp;<a href=\"mailto:oficina.informaciones@sag.gob.cl\" target=\"_blank\" rel=\"noreferrer noopener\">oficina.informaciones@sag.gob.cl<\/a>&nbsp;<\/li><\/ul>\n","protected":false},"excerpt":{"rendered":"<div class=\"pvc_clear\"><\/div>\n<p id=\"pvc_stats_39428\" class=\"pvc_stats total_only  \" data-element-id=\"39428\" style=\"\"><i class=\"pvc-stats-icon large\" aria-hidden=\"true\"><svg aria-hidden=\"true\" focusable=\"false\" data-prefix=\"far\" data-icon=\"chart-bar\" role=\"img\" xmlns=\"http:\/\/www.w3.org\/2000\/svg\" viewBox=\"0 0 512 512\" class=\"svg-inline--fa fa-chart-bar fa-w-16 fa-2x\"><path fill=\"currentColor\" d=\"M396.8 352h22.4c6.4 0 12.8-6.4 12.8-12.8V108.8c0-6.4-6.4-12.8-12.8-12.8h-22.4c-6.4 0-12.8 6.4-12.8 12.8v230.4c0 6.4 6.4 12.8 12.8 12.8zm-192 0h22.4c6.4 0 12.8-6.4 12.8-12.8V140.8c0-6.4-6.4-12.8-12.8-12.8h-22.4c-6.4 0-12.8 6.4-12.8 12.8v198.4c0 6.4 6.4 12.8 12.8 12.8zm96 0h22.4c6.4 0 12.8-6.4 12.8-12.8V204.8c0-6.4-6.4-12.8-12.8-12.8h-22.4c-6.4 0-12.8 6.4-12.8 12.8v134.4c0 6.4 6.4 12.8 12.8 12.8zM496 400H48V80c0-8.84-7.16-16-16-16H16C7.16 64 0 71.16 0 80v336c0 17.67 14.33 32 32 32h464c8.84 0 16-7.16 16-16v-16c0-8.84-7.16-16-16-16zm-387.2-48h22.4c6.4 0 12.8-6.4 12.8-12.8v-70.4c0-6.4-6.4-12.8-12.8-12.8h-22.4c-6.4 0-12.8 6.4-12.8 12.8v70.4c0 6.4 6.4 12.8 12.8 12.8z\" class=\"\"><\/path><\/svg><\/i> <img loading=\"lazy\" decoding=\"async\" width=\"16\" height=\"16\" alt=\"Loading\" src=\"https:\/\/temucotelevision.cl\/web\/wp-content\/plugins\/page-views-count\/ajax-loader-2x.gif\" border=0 \/><\/p>\n<div class=\"pvc_clear\"><\/div>\n<p>El ministro Esteban Valenzuela, tras sostener una reuni\u00f3n con los gremios donde inform\u00f3 del hallazgo, remarc\u00f3 que el consumo de<\/p>\n","protected":false},"author":1,"featured_media":39429,"comment_status":"open","ping_status":"open","sticky":false,"template":"","format":"standard","meta":{"colormag_page_container_layout":"default_layout","colormag_page_sidebar_layout":"default_layout","footnotes":""},"categories":[15],"tags":[319,6053,990,2687,5331],"class_list":["post-39428","post","type-post","status-publish","format-standard","has-post-thumbnail","hentry","category-la-araucania","tag-agricultura","tag-aviar","tag-influenza","tag-ministerio","tag-sag"],"a3_pvc":{"activated":true,"total_views":55,"today_views":0},"_links":{"self":[{"href":"https:\/\/temucotelevision.cl\/web\/wp-json\/wp\/v2\/posts\/39428","targetHints":{"allow":["GET"]}}],"collection":[{"href":"https:\/\/temucotelevision.cl\/web\/wp-json\/wp\/v2\/posts"}],"about":[{"href":"https:\/\/temucotelevision.cl\/web\/wp-json\/wp\/v2\/types\/post"}],"author":[{"embeddable":true,"href":"https:\/\/temucotelevision.cl\/web\/wp-json\/wp\/v2\/users\/1"}],"replies":[{"embeddable":true,"href":"https:\/\/temucotelevision.cl\/web\/wp-json\/wp\/v2\/comments?post=39428"}],"version-history":[{"count":1,"href":"https:\/\/temucotelevision.cl\/web\/wp-json\/wp\/v2\/posts\/39428\/revisions"}],"predecessor-version":[{"id":39430,"href":"https:\/\/temucotelevision.cl\/web\/wp-json\/wp\/v2\/posts\/39428\/revisions\/39430"}],"wp:featuredmedia":[{"embeddable":true,"href":"https:\/\/temucotelevision.cl\/web\/wp-json\/wp\/v2\/media\/39429"}],"wp:attachment":[{"href":"https:\/\/temucotelevision.cl\/web\/wp-json\/wp\/v2\/media?parent=39428"}],"wp:term":[{"taxonomy":"category","embeddable":true,"href":"https:\/\/temucotelevision.cl\/web\/wp-json\/wp\/v2\/categories?post=39428"},{"taxonomy":"post_tag","embeddable":true,"href":"https:\/\/temucotelevision.cl\/web\/wp-json\/wp\/v2\/tags?post=39428"}],"curies":[{"name":"wp","href":"https:\/\/api.w.org\/{rel}","templated":true}]}}