{"id":39424,"date":"2023-03-13T20:34:32","date_gmt":"2023-03-13T23:34:32","guid":{"rendered":"https:\/\/temucotelevision.cl\/web\/?p=39424"},"modified":"2023-03-13T20:34:33","modified_gmt":"2023-03-13T23:34:33","slug":"primera-generacion-de-estudiantes-de-campus-nacimiento-cmpc-duoc-uc-inicia-sus-clases","status":"publish","type":"post","link":"https:\/\/temucotelevision.cl\/web\/2023\/03\/13\/primera-generacion-de-estudiantes-de-campus-nacimiento-cmpc-duoc-uc-inicia-sus-clases\/","title":{"rendered":"Primera generaci\u00f3n de estudiantes de Campus Nacimiento CMPC Duoc UC inicia sus clases"},"content":{"rendered":"<div class=\"pvc_clear\"><\/div><p id=\"pvc_stats_39424\" class=\"pvc_stats total_only  \" data-element-id=\"39424\" style=\"\"><i class=\"pvc-stats-icon large\" aria-hidden=\"true\"><svg aria-hidden=\"true\" focusable=\"false\" data-prefix=\"far\" data-icon=\"chart-bar\" role=\"img\" xmlns=\"http:\/\/www.w3.org\/2000\/svg\" viewBox=\"0 0 512 512\" class=\"svg-inline--fa fa-chart-bar fa-w-16 fa-2x\"><path fill=\"currentColor\" d=\"M396.8 352h22.4c6.4 0 12.8-6.4 12.8-12.8V108.8c0-6.4-6.4-12.8-12.8-12.8h-22.4c-6.4 0-12.8 6.4-12.8 12.8v230.4c0 6.4 6.4 12.8 12.8 12.8zm-192 0h22.4c6.4 0 12.8-6.4 12.8-12.8V140.8c0-6.4-6.4-12.8-12.8-12.8h-22.4c-6.4 0-12.8 6.4-12.8 12.8v198.4c0 6.4 6.4 12.8 12.8 12.8zm96 0h22.4c6.4 0 12.8-6.4 12.8-12.8V204.8c0-6.4-6.4-12.8-12.8-12.8h-22.4c-6.4 0-12.8 6.4-12.8 12.8v134.4c0 6.4 6.4 12.8 12.8 12.8zM496 400H48V80c0-8.84-7.16-16-16-16H16C7.16 64 0 71.16 0 80v336c0 17.67 14.33 32 32 32h464c8.84 0 16-7.16 16-16v-16c0-8.84-7.16-16-16-16zm-387.2-48h22.4c6.4 0 12.8-6.4 12.8-12.8v-70.4c0-6.4-6.4-12.8-12.8-12.8h-22.4c-6.4 0-12.8 6.4-12.8 12.8v70.4c0 6.4 6.4 12.8 12.8 12.8z\" class=\"\"><\/path><\/svg><\/i> <img loading=\"lazy\" decoding=\"async\" width=\"16\" height=\"16\" alt=\"Loading\" src=\"https:\/\/temucotelevision.cl\/web\/wp-content\/plugins\/page-views-count\/ajax-loader-2x.gif\" border=0 \/><\/p><div class=\"pvc_clear\"><\/div>\n<p><em>Una jornada hist\u00f3rica vivi\u00f3 Nacimiento ya que por primera vez en la comuna se iniciaron las clases de las siete carreras que imparte el nuevo establecimiento. Son m\u00e1s de 200 alumnos quienes recorrer\u00e1n diariamente las instalaciones del moderno edificio de 3 pisos, ubicado en la c\u00e9ntrica calle Julio Hemmelman.<\/em><\/p>\n\n\n\n<p>A las 8 de la ma\u00f1ana comenzaron las clases para la primera generaci\u00f3n de alumnos del Campus Nacimiento CMPC DUOC UC. Los estudiantes de las carreras T\u00e9cnico en Enfermer\u00eda, Analista Programador y Mantenimiento Industrial llegaron puntuales a sus aulas.<\/p>\n\n\n\n<p>Provenientes de distintas comunas de las provincias de Biob\u00edo y Malleco, los j\u00f3venes han convertido a esta instituci\u00f3n en un centro educacional donde confluyen los futuros t\u00e9cnicos que por primera vez no deben trasladarse a Concepci\u00f3n o Temuco para poder seguir estudios superiores de calidad, y con infraestructura de primer nivel.<\/p>\n\n\n\n<p>Es el caso de Gabriela Sandoval, de Nacimiento, madre de una peque\u00f1a de 6 a\u00f1os y que cursa T\u00e9cnico en Enfermer\u00eda, quien coment\u00f3 que esta experiencia \u201cno ha sido para nada estresante, este primer d\u00eda ha estado todo tranquilo y alegre; he sentido todo agradable y c\u00e1lido\u201d. Gabriela, tambi\u00e9n se\u00f1al\u00f3 que por el momento est\u00e1 en las clases te\u00f3ricas y que el apoyo de las docentes ha sido fundamental: \u201cLaboratorio nos tiene un poco m\u00e1s nerviosos porque vamos a estar m\u00e1s a fondo en la carrera\u201d.<\/p>\n\n\n\n<p>Desde Angol lleg\u00f3 Yuriza Rojas a su primer d\u00eda de clases, y asegur\u00f3 que \u201cla primera clase me ayud\u00f3 a motivarme porque llegu\u00e9 algo preocupada, pero ahora tengo mucho \u00e1nimo para seguir los otros ramos que vienen y el pr\u00f3ximo semestre\u201d.&nbsp;<\/p>\n\n\n\n<p>El alcalde de Nacimiento, Carlos Toloza, estuvo presente en este primer d\u00eda y sostuvo: \u201cHemos recorrido junto al director todas las dependencias, las salas y laboratorios, conversado con alumnos que vienen de distintas partes por ejemplo de Angol, Renaico, Millant\u00fa y Nacimiento\u201d, y junto con destacar que m\u00e1s del 80 por ciento de las matr\u00edculas son de nacimentanos, agreg\u00f3 que \u201csi bien es cierto que el Campus CMPC DUOC UC est\u00e1 en el coraz\u00f3n de Nacimiento, en el sector estaci\u00f3n muchas veces se sent\u00edan postergados y ahora son el centro de la educaci\u00f3n. Nosotros hemos hecho la invitaci\u00f3n a todas las personas de las dem\u00e1s comunas que quieran venir ac\u00e1, ya que todav\u00eda hay matr\u00edculas disponibles, en esta instituci\u00f3n acreditada y que goza de mucho prestigio\u201d.<\/p>\n\n\n\n<p>Desde CMPC, el jefe de Asuntos Corporativos de Nacimiento, Cristi\u00e1n Cuiti\u00f1o, recalc\u00f3 que \u201cson 7 carreras las que ya partieron hoy sus jornadas acad\u00e9micas y estamos muy contentos de poder cumplir con el compromiso de nuestra compa\u00f1\u00eda, de poder contar con una infraestructura de primer nivel para que las alumnas y alumnos puedan desarrollar su futuro\u201d.<\/p>\n\n\n\n<p>Finalmente, Cuiti\u00f1o reforz\u00f3 la invitaci\u00f3n a todas aquellas personas que toman a\u00fan la decisi\u00f3n de seguir estudiando o asumir un nuevo desaf\u00edo a matricularse en el Campus Nacimiento CMPC DUOC UC hasta el 31 de marzo.<\/p>\n\n\n\n<p>Asimismo, Pablo Briones Kloss, Subdirector del Campus Nacimiento CMPC DUOC UC, expres\u00f3: \u201cHay que ver el desarrollo del edificio desde que no hab\u00eda nada hasta hoy, con estudiantes en sus salas de clase y los docentes, eso emociona. En el fondo habla de la misi\u00f3n en la que estamos ac\u00e1, que es formar personas para una sociedad mejor\u201d.&nbsp;<\/p>\n\n\n\n<p>La sede ofrece a los alumnos que viven fuera de Nacimiento movilizaci\u00f3n gratuita, para poder llegar sin contratiempos, y sin que esto signifique un gasto extra para las familias. Son 3 recorridos los que pasar\u00e1n por distintas comunas al inicio de la jornada,\u00a0\u00a0tambi\u00e9n en la tarde y noche para los horarios vespertinos.<\/p>\n\n\n\n<figure class=\"wp-block-image size-large\"><img loading=\"lazy\" decoding=\"async\" width=\"1024\" height=\"678\" src=\"https:\/\/temucotelevision.cl\/web\/wp-content\/uploads\/2023\/03\/Estudiantes3-1024x678.jpg\" alt=\"\" class=\"wp-image-39426\" srcset=\"https:\/\/temucotelevision.cl\/web\/wp-content\/uploads\/2023\/03\/Estudiantes3-1024x678.jpg 1024w, https:\/\/temucotelevision.cl\/web\/wp-content\/uploads\/2023\/03\/Estudiantes3-768x509.jpg 768w, https:\/\/temucotelevision.cl\/web\/wp-content\/uploads\/2023\/03\/Estudiantes3-1536x1017.jpg 1536w, https:\/\/temucotelevision.cl\/web\/wp-content\/uploads\/2023\/03\/Estudiantes3-2048x1356.jpg 2048w\" sizes=\"auto, (max-width: 1024px) 100vw, 1024px\" \/><\/figure>\n\n\n\n<p><strong>Recorridos:<\/strong><\/p>\n\n\n\n<p><strong><u>Laja-Nacimiento:<\/u><\/strong><strong><u>&nbsp;<\/u><\/strong><strong><\/strong><\/p>\n\n\n\n<p>Trayecto diurno:<\/p>\n\n\n\n<p>Salida desde Plaza C\u00edvica de Laja a las&nbsp;06:45 hrs.,&nbsp;parada en Millant\u00fa&nbsp;07:00 hrs.&nbsp;y llegada a Duoc UC a las&nbsp;08:00 hrs.<\/p>\n\n\n\n<p>Retorno desde Duoc UC a las&nbsp;19:15 hrs.&nbsp;con parada en Millant\u00fa&nbsp;y Plaza C\u00edvica de Laja.<\/p>\n\n\n\n<p>Trayecto vespertino:<\/p>\n\n\n\n<p>Salida desde Plaza C\u00edvica de Laja a las&nbsp;17:10&nbsp;hrs.,&nbsp;y&nbsp;con llegada al Duoc UC a las&nbsp;18:30 hrs.<\/p>\n\n\n\n<p>Retorno desde Duoc UC a las&nbsp;22:30 hrs.&nbsp;con parada en Plaza C\u00edvica de Laja.<\/p>\n\n\n\n<p><strong><u>Angol-Renaico-Nacimiento<\/u><\/strong><strong><\/strong><\/p>\n\n\n\n<p>Trayecto diurno:<\/p>\n\n\n\n<p>Salida desde plaza de armas Angol, frente delegaci\u00f3n provincial, a las 7.00 hrs.<br>Paradero Tijeral a las 7.15&nbsp;hrs.<br>Terminal Renaico a las 7.25 hrs.&nbsp;<br>Llegada a&nbsp;CMPOC DUOC UC&nbsp;08:10 hrs. (aprox.)<\/p>\n\n\n\n<p>Regreso desde Duoc UC Nacimiento a las 19:30 hrs.<br><br>Trayecto vespertino:<\/p>\n\n\n\n<p>Salida desde&nbsp;&nbsp;&nbsp;plaza de armas Angol frente delegaci\u00f3n provincial,&nbsp;18.00 hrs.<br>Paradero Tijeral&nbsp;&nbsp;18.20<br>Llegada a Duoc 19.00 hrs&nbsp;(aprox)<\/p>\n\n\n\n<p>Regreso desde Duoc UC Nacimiento a las 22:30 hrs.<\/p>\n\n\n\n<p><strong><u>Villa Mininco-Negrete-Nacimiento<\/u><\/strong><strong><\/strong><\/p>\n\n\n\n<p>Trayecto diurno:<\/p>\n\n\n\n<p>Salida desde Gimnasio&nbsp;&nbsp;Villa Mininco&nbsp;a las 7.00 hrs.<br>Frontis Municipalidad&nbsp;Negrete a las 7.40hrs.<br>Llegada a Duoc 08:10 hrs&nbsp;(Aprox.)<br><\/p>\n\n\n\n<p>Regreso desde Duoc UC Nacimiento a las 19:30 hrs.<br><br>Trayecto vespertino:<\/p>\n\n\n\n<p>Salida desde Paradero Copec Villa Mininco a las 16 hrs.<br>Frontis Municipalidad&nbsp;Negrete a las&nbsp; 16.40&nbsp;hrs.<br>Llegada a Duoc 17:10 hrs&nbsp;(Aprox.)<br><\/p>\n\n\n\n<p>Regreso desde Duoc UC Nacimiento a las 22:30 hrs.<\/p>\n\n\n\n<p><strong><u>Los&nbsp;<\/u><\/strong><strong><u>\u00c1<\/u><\/strong><strong><u>ngeles-Nacimiento<\/u><\/strong><strong><\/strong><\/p>\n\n\n\n<p>Trayecto diurno:<\/p>\n\n\n\n<p>Salida desde plaza de armas frontis Delegaci\u00f3n Provincial en Los&nbsp;\u00c1ngeles a las 06:50 hrs.<br>Regreso desde Duoc UC Nacimiento a las 19:15 hrs. hasta plaza de armas frontis Delegaci\u00f3n Provincial en Los&nbsp;\u00c1ngeles<br><\/p>\n\n\n\n<p>Trayecto vespertino:<\/p>\n\n\n\n<p>Salida desde plaza de armas frontis Delegaci\u00f3n Provincial en Los&nbsp;\u00c1ngeles a las 17:15 hrs. hasta Duoc UC Nacimiento.<\/p>\n\n\n\n<p>Regreso desde Duoc UC Nacimiento a las 22:30 hrs. hasta plaza de armas frontis Delegaci\u00f3n Provincial en Los&nbsp;\u00c1ngeles<\/p>\n","protected":false},"excerpt":{"rendered":"<div class=\"pvc_clear\"><\/div>\n<p id=\"pvc_stats_39424\" class=\"pvc_stats total_only  \" data-element-id=\"39424\" style=\"\"><i class=\"pvc-stats-icon large\" aria-hidden=\"true\"><svg aria-hidden=\"true\" focusable=\"false\" data-prefix=\"far\" data-icon=\"chart-bar\" role=\"img\" xmlns=\"http:\/\/www.w3.org\/2000\/svg\" viewBox=\"0 0 512 512\" class=\"svg-inline--fa fa-chart-bar fa-w-16 fa-2x\"><path fill=\"currentColor\" d=\"M396.8 352h22.4c6.4 0 12.8-6.4 12.8-12.8V108.8c0-6.4-6.4-12.8-12.8-12.8h-22.4c-6.4 0-12.8 6.4-12.8 12.8v230.4c0 6.4 6.4 12.8 12.8 12.8zm-192 0h22.4c6.4 0 12.8-6.4 12.8-12.8V140.8c0-6.4-6.4-12.8-12.8-12.8h-22.4c-6.4 0-12.8 6.4-12.8 12.8v198.4c0 6.4 6.4 12.8 12.8 12.8zm96 0h22.4c6.4 0 12.8-6.4 12.8-12.8V204.8c0-6.4-6.4-12.8-12.8-12.8h-22.4c-6.4 0-12.8 6.4-12.8 12.8v134.4c0 6.4 6.4 12.8 12.8 12.8zM496 400H48V80c0-8.84-7.16-16-16-16H16C7.16 64 0 71.16 0 80v336c0 17.67 14.33 32 32 32h464c8.84 0 16-7.16 16-16v-16c0-8.84-7.16-16-16-16zm-387.2-48h22.4c6.4 0 12.8-6.4 12.8-12.8v-70.4c0-6.4-6.4-12.8-12.8-12.8h-22.4c-6.4 0-12.8 6.4-12.8 12.8v70.4c0 6.4 6.4 12.8 12.8 12.8z\" class=\"\"><\/path><\/svg><\/i> <img loading=\"lazy\" decoding=\"async\" width=\"16\" height=\"16\" alt=\"Loading\" src=\"https:\/\/temucotelevision.cl\/web\/wp-content\/plugins\/page-views-count\/ajax-loader-2x.gif\" border=0 \/><\/p>\n<div class=\"pvc_clear\"><\/div>\n<p>Una jornada hist\u00f3rica vivi\u00f3 Nacimiento ya que por primera vez en la comuna se iniciaron las clases de las siete<\/p>\n","protected":false},"author":1,"featured_media":39425,"comment_status":"open","ping_status":"open","sticky":false,"template":"","format":"standard","meta":{"colormag_page_container_layout":"default_layout","colormag_page_sidebar_layout":"default_layout","footnotes":""},"categories":[101],"tags":[659,2365,1246,150],"class_list":["post-39424","post","type-post","status-publish","format-standard","has-post-thumbnail","hentry","category-actualidad","tag-clases","tag-cmpc","tag-duoc","tag-estudiantes"],"a3_pvc":{"activated":true,"total_views":142,"today_views":0},"_links":{"self":[{"href":"https:\/\/temucotelevision.cl\/web\/wp-json\/wp\/v2\/posts\/39424","targetHints":{"allow":["GET"]}}],"collection":[{"href":"https:\/\/temucotelevision.cl\/web\/wp-json\/wp\/v2\/posts"}],"about":[{"href":"https:\/\/temucotelevision.cl\/web\/wp-json\/wp\/v2\/types\/post"}],"author":[{"embeddable":true,"href":"https:\/\/temucotelevision.cl\/web\/wp-json\/wp\/v2\/users\/1"}],"replies":[{"embeddable":true,"href":"https:\/\/temucotelevision.cl\/web\/wp-json\/wp\/v2\/comments?post=39424"}],"version-history":[{"count":1,"href":"https:\/\/temucotelevision.cl\/web\/wp-json\/wp\/v2\/posts\/39424\/revisions"}],"predecessor-version":[{"id":39427,"href":"https:\/\/temucotelevision.cl\/web\/wp-json\/wp\/v2\/posts\/39424\/revisions\/39427"}],"wp:featuredmedia":[{"embeddable":true,"href":"https:\/\/temucotelevision.cl\/web\/wp-json\/wp\/v2\/media\/39425"}],"wp:attachment":[{"href":"https:\/\/temucotelevision.cl\/web\/wp-json\/wp\/v2\/media?parent=39424"}],"wp:term":[{"taxonomy":"category","embeddable":true,"href":"https:\/\/temucotelevision.cl\/web\/wp-json\/wp\/v2\/categories?post=39424"},{"taxonomy":"post_tag","embeddable":true,"href":"https:\/\/temucotelevision.cl\/web\/wp-json\/wp\/v2\/tags?post=39424"}],"curies":[{"name":"wp","href":"https:\/\/api.w.org\/{rel}","templated":true}]}}