{"id":39420,"date":"2023-03-13T20:27:01","date_gmt":"2023-03-13T23:27:01","guid":{"rendered":"https:\/\/temucotelevision.cl\/web\/?p=39420"},"modified":"2023-03-13T20:27:02","modified_gmt":"2023-03-13T23:27:02","slug":"en-museo-regional-se-realizara-feria-sustentable-precio-justo-y-autogestion","status":"publish","type":"post","link":"https:\/\/temucotelevision.cl\/web\/2023\/03\/13\/en-museo-regional-se-realizara-feria-sustentable-precio-justo-y-autogestion\/","title":{"rendered":"En Museo Regional se realizar\u00e1 feria sustentable precio justo y autogesti\u00f3n"},"content":{"rendered":"<div class=\"pvc_clear\"><\/div><p id=\"pvc_stats_39420\" class=\"pvc_stats total_only  \" data-element-id=\"39420\" style=\"\"><i class=\"pvc-stats-icon large\" aria-hidden=\"true\"><svg aria-hidden=\"true\" focusable=\"false\" data-prefix=\"far\" data-icon=\"chart-bar\" role=\"img\" xmlns=\"http:\/\/www.w3.org\/2000\/svg\" viewBox=\"0 0 512 512\" class=\"svg-inline--fa fa-chart-bar fa-w-16 fa-2x\"><path fill=\"currentColor\" d=\"M396.8 352h22.4c6.4 0 12.8-6.4 12.8-12.8V108.8c0-6.4-6.4-12.8-12.8-12.8h-22.4c-6.4 0-12.8 6.4-12.8 12.8v230.4c0 6.4 6.4 12.8 12.8 12.8zm-192 0h22.4c6.4 0 12.8-6.4 12.8-12.8V140.8c0-6.4-6.4-12.8-12.8-12.8h-22.4c-6.4 0-12.8 6.4-12.8 12.8v198.4c0 6.4 6.4 12.8 12.8 12.8zm96 0h22.4c6.4 0 12.8-6.4 12.8-12.8V204.8c0-6.4-6.4-12.8-12.8-12.8h-22.4c-6.4 0-12.8 6.4-12.8 12.8v134.4c0 6.4 6.4 12.8 12.8 12.8zM496 400H48V80c0-8.84-7.16-16-16-16H16C7.16 64 0 71.16 0 80v336c0 17.67 14.33 32 32 32h464c8.84 0 16-7.16 16-16v-16c0-8.84-7.16-16-16-16zm-387.2-48h22.4c6.4 0 12.8-6.4 12.8-12.8v-70.4c0-6.4-6.4-12.8-12.8-12.8h-22.4c-6.4 0-12.8 6.4-12.8 12.8v70.4c0 6.4 6.4 12.8 12.8 12.8z\" class=\"\"><\/path><\/svg><\/i> <img loading=\"lazy\" decoding=\"async\" width=\"16\" height=\"16\" alt=\"Loading\" src=\"https:\/\/temucotelevision.cl\/web\/wp-content\/plugins\/page-views-count\/ajax-loader-2x.gif\" border=0 \/><\/p><div class=\"pvc_clear\"><\/div>\n<p>Feria Sustentable Precio Justo y Autogesti\u00f3n, es una muestra de artesanos y emprendedores que trabajan desde la autogesti\u00f3n y la sustentabilidad, ser\u00e1n m\u00e1s de 50 emprendedores en distintas artes y oficios, todo hecho a mano, quienes se dar\u00e1n cita este 14 y 15 de marzo en el espacio externo del Museo Regional de la Araucan\u00eda.<\/p>\n\n\n\n<p>Mar\u00eda Ang\u00e9lica Mardones, organizadora de este evento comenta que \u201cesta es la cuarta versi\u00f3n que debi\u00f3 realizarse en abril del 2020, sin embargo, por las condiciones sanitarias mundiales debi\u00f3 ser suspendida, pudiendo reci\u00e9n en esta fecha hacerla\u201d.<\/p>\n\n\n\n<p>Mardones agrega que en esta feria participan distintos artesanos y emprendedores sustentables \u201cHay emprendedores que desde su vereda cuidan el medio ambiente, haciendo reciclaje, otros cultivan \u00e1rboles nativos, recuperando as\u00ed los bosques da\u00f1ados y extintos todos los d\u00edas, ya sea por la tala indiscriminada o por el fuego descontrolado, tambi\u00e9n hay personas que buscan crear conciencia para frenar el fast fashion, creando prendas desde telas recicladas o dando segunda vida a la ropa\u201d.<\/p>\n\n\n\n<p>\u201cLa intenci\u00f3n inicial de esta Feria Sustentable fue crear redes, abrir espacios urbanos y acercar a la comunidad a un Comercio Justo y Directo y es algo que se ha logrado a cabalidad. Adem\u00e1s hay mucho traspaso cultural con la presencia de artesanos de oficios antiguos como telar mapuche y orfebrer\u00eda. Por ello agradecemos inmensamente a la direcci\u00f3n, administraci\u00f3n y a todo el personal del Museo Regional, quienes nos han abierto una vez m\u00e1s sus puertas para realizar esta hermosa actividad\u201d, explica.<\/p>\n\n\n\n<p>La invitaci\u00f3n es a visitar esta Feria en Avenida. Alemania 084, desde las 10:00 hasta las 17:15 horas, los d\u00edas martes 14 y mi\u00e9rcoles 15 de marzo.<\/p>\n\n\n\n<figure class=\"wp-block-image size-full\"><img loading=\"lazy\" decoding=\"async\" width=\"800\" height=\"800\" src=\"https:\/\/temucotelevision.cl\/web\/wp-content\/uploads\/2023\/03\/Feria.jpg\" alt=\"\" class=\"wp-image-39422\" srcset=\"https:\/\/temucotelevision.cl\/web\/wp-content\/uploads\/2023\/03\/Feria.jpg 800w, https:\/\/temucotelevision.cl\/web\/wp-content\/uploads\/2023\/03\/Feria-768x768.jpg 768w\" sizes=\"auto, (max-width: 800px) 100vw, 800px\" \/><\/figure>\n","protected":false},"excerpt":{"rendered":"<div class=\"pvc_clear\"><\/div>\n<p id=\"pvc_stats_39420\" class=\"pvc_stats total_only  \" data-element-id=\"39420\" style=\"\"><i class=\"pvc-stats-icon large\" aria-hidden=\"true\"><svg aria-hidden=\"true\" focusable=\"false\" data-prefix=\"far\" data-icon=\"chart-bar\" role=\"img\" xmlns=\"http:\/\/www.w3.org\/2000\/svg\" viewBox=\"0 0 512 512\" class=\"svg-inline--fa fa-chart-bar fa-w-16 fa-2x\"><path fill=\"currentColor\" d=\"M396.8 352h22.4c6.4 0 12.8-6.4 12.8-12.8V108.8c0-6.4-6.4-12.8-12.8-12.8h-22.4c-6.4 0-12.8 6.4-12.8 12.8v230.4c0 6.4 6.4 12.8 12.8 12.8zm-192 0h22.4c6.4 0 12.8-6.4 12.8-12.8V140.8c0-6.4-6.4-12.8-12.8-12.8h-22.4c-6.4 0-12.8 6.4-12.8 12.8v198.4c0 6.4 6.4 12.8 12.8 12.8zm96 0h22.4c6.4 0 12.8-6.4 12.8-12.8V204.8c0-6.4-6.4-12.8-12.8-12.8h-22.4c-6.4 0-12.8 6.4-12.8 12.8v134.4c0 6.4 6.4 12.8 12.8 12.8zM496 400H48V80c0-8.84-7.16-16-16-16H16C7.16 64 0 71.16 0 80v336c0 17.67 14.33 32 32 32h464c8.84 0 16-7.16 16-16v-16c0-8.84-7.16-16-16-16zm-387.2-48h22.4c6.4 0 12.8-6.4 12.8-12.8v-70.4c0-6.4-6.4-12.8-12.8-12.8h-22.4c-6.4 0-12.8 6.4-12.8 12.8v70.4c0 6.4 6.4 12.8 12.8 12.8z\" class=\"\"><\/path><\/svg><\/i> <img loading=\"lazy\" decoding=\"async\" width=\"16\" height=\"16\" alt=\"Loading\" src=\"https:\/\/temucotelevision.cl\/web\/wp-content\/plugins\/page-views-count\/ajax-loader-2x.gif\" border=0 \/><\/p>\n<div class=\"pvc_clear\"><\/div>\n<p>Feria Sustentable Precio Justo y Autogesti\u00f3n, es una muestra de artesanos y emprendedores que trabajan desde la autogesti\u00f3n y la<\/p>\n","protected":false},"author":1,"featured_media":39421,"comment_status":"open","ping_status":"open","sticky":false,"template":"","format":"standard","meta":{"colormag_page_container_layout":"default_layout","colormag_page_sidebar_layout":"default_layout","footnotes":""},"categories":[86,14],"tags":[257,529,2710,5670],"class_list":["post-39420","post","type-post","status-publish","format-standard","has-post-thumbnail","hentry","category-panoramas","category-temuco","tag-feria","tag-museo","tag-regional","tag-sustentable"],"a3_pvc":{"activated":true,"total_views":141,"today_views":0},"_links":{"self":[{"href":"https:\/\/temucotelevision.cl\/web\/wp-json\/wp\/v2\/posts\/39420","targetHints":{"allow":["GET"]}}],"collection":[{"href":"https:\/\/temucotelevision.cl\/web\/wp-json\/wp\/v2\/posts"}],"about":[{"href":"https:\/\/temucotelevision.cl\/web\/wp-json\/wp\/v2\/types\/post"}],"author":[{"embeddable":true,"href":"https:\/\/temucotelevision.cl\/web\/wp-json\/wp\/v2\/users\/1"}],"replies":[{"embeddable":true,"href":"https:\/\/temucotelevision.cl\/web\/wp-json\/wp\/v2\/comments?post=39420"}],"version-history":[{"count":1,"href":"https:\/\/temucotelevision.cl\/web\/wp-json\/wp\/v2\/posts\/39420\/revisions"}],"predecessor-version":[{"id":39423,"href":"https:\/\/temucotelevision.cl\/web\/wp-json\/wp\/v2\/posts\/39420\/revisions\/39423"}],"wp:featuredmedia":[{"embeddable":true,"href":"https:\/\/temucotelevision.cl\/web\/wp-json\/wp\/v2\/media\/39421"}],"wp:attachment":[{"href":"https:\/\/temucotelevision.cl\/web\/wp-json\/wp\/v2\/media?parent=39420"}],"wp:term":[{"taxonomy":"category","embeddable":true,"href":"https:\/\/temucotelevision.cl\/web\/wp-json\/wp\/v2\/categories?post=39420"},{"taxonomy":"post_tag","embeddable":true,"href":"https:\/\/temucotelevision.cl\/web\/wp-json\/wp\/v2\/tags?post=39420"}],"curies":[{"name":"wp","href":"https:\/\/api.w.org\/{rel}","templated":true}]}}