{"id":39410,"date":"2023-03-13T17:14:04","date_gmt":"2023-03-13T20:14:04","guid":{"rendered":"https:\/\/temucotelevision.cl\/web\/?p=39410"},"modified":"2023-03-13T17:14:05","modified_gmt":"2023-03-13T20:14:05","slug":"%ef%bf%bcsenadora-aravena-por-seguidilla-de-ataques-en-la-araucania-el-gobierno-no-puede-partir-este-segundo-ano-con-la-misma-inaccion","status":"publish","type":"post","link":"https:\/\/temucotelevision.cl\/web\/2023\/03\/13\/%ef%bf%bcsenadora-aravena-por-seguidilla-de-ataques-en-la-araucania-el-gobierno-no-puede-partir-este-segundo-ano-con-la-misma-inaccion\/","title":{"rendered":"\ufffcSenadora Aravena por seguidilla de ataques en La Araucan\u00eda: \u201cEl gobierno no puede partir este segundo a\u00f1o con la misma inacci\u00f3n\u201d"},"content":{"rendered":"<div class=\"pvc_clear\"><\/div><p id=\"pvc_stats_39410\" class=\"pvc_stats total_only  \" data-element-id=\"39410\" style=\"\"><i class=\"pvc-stats-icon large\" aria-hidden=\"true\"><svg aria-hidden=\"true\" focusable=\"false\" data-prefix=\"far\" data-icon=\"chart-bar\" role=\"img\" xmlns=\"http:\/\/www.w3.org\/2000\/svg\" viewBox=\"0 0 512 512\" class=\"svg-inline--fa fa-chart-bar fa-w-16 fa-2x\"><path fill=\"currentColor\" d=\"M396.8 352h22.4c6.4 0 12.8-6.4 12.8-12.8V108.8c0-6.4-6.4-12.8-12.8-12.8h-22.4c-6.4 0-12.8 6.4-12.8 12.8v230.4c0 6.4 6.4 12.8 12.8 12.8zm-192 0h22.4c6.4 0 12.8-6.4 12.8-12.8V140.8c0-6.4-6.4-12.8-12.8-12.8h-22.4c-6.4 0-12.8 6.4-12.8 12.8v198.4c0 6.4 6.4 12.8 12.8 12.8zm96 0h22.4c6.4 0 12.8-6.4 12.8-12.8V204.8c0-6.4-6.4-12.8-12.8-12.8h-22.4c-6.4 0-12.8 6.4-12.8 12.8v134.4c0 6.4 6.4 12.8 12.8 12.8zM496 400H48V80c0-8.84-7.16-16-16-16H16C7.16 64 0 71.16 0 80v336c0 17.67 14.33 32 32 32h464c8.84 0 16-7.16 16-16v-16c0-8.84-7.16-16-16-16zm-387.2-48h22.4c6.4 0 12.8-6.4 12.8-12.8v-70.4c0-6.4-6.4-12.8-12.8-12.8h-22.4c-6.4 0-12.8 6.4-12.8 12.8v70.4c0 6.4 6.4 12.8 12.8 12.8z\" class=\"\"><\/path><\/svg><\/i> <img loading=\"lazy\" decoding=\"async\" width=\"16\" height=\"16\" alt=\"Loading\" src=\"https:\/\/temucotelevision.cl\/web\/wp-content\/plugins\/page-views-count\/ajax-loader-2x.gif\" border=0 \/><\/p><div class=\"pvc_clear\"><\/div>\n<ul class=\"wp-block-list\"><li><em>La parlamentaria del Partido Republicano afirm\u00f3 que \u201cen la regi\u00f3n necesitamos un gobierno que est\u00e9 desplegado y no replegado, sobre todo ante esta nueva ofensiva terrorista que se est\u00e1 registrando en las \u00faltimas semanas\u201d. De paso, cuestion\u00f3 que el gobierno haya anunciado y luego desestimado la visita del Presidente Boric a la zona hoy lunes.<\/em><\/li><\/ul>\n\n\n\n<p>Una serie de hechos de violencia se han registrado en las \u00faltimas semanas en La Araucan\u00eda, dejando como lamentable consecuencia a personas heridas a bala, destrucci\u00f3n de iglesia, escuela y una sede comunitaria, y de maquinaria, entre otros da\u00f1os, que incluye el corte de rutas esta ma\u00f1ana en el sector de Collipulli.<\/p>\n\n\n\n<p>Para la Senadora Republicana por la regi\u00f3n, Carmen Gloria Aravena, estos atentados terroristas son parte de una nueva ofensiva de violencia de las org\u00e1nicas radicales que operan en esta parte del pa\u00eds, y que responde a un abierto desaf\u00edo y una medici\u00f3n de fuerza con el gobierno en el inicio del segundo a\u00f1o de gesti\u00f3n de la actual administraci\u00f3n, sumado a la reciente detenci\u00f3n de un miembro de la CAM, pero tambi\u00e9n como se\u00f1al de que seguir\u00e1n enfrentando al Estado como parte de sus actividades criminales y subversivas.<\/p>\n\n\n\n<p>\u201cAqu\u00ed lo que necesitamos es un gobierno desplegado y no replegado como viene ocurriendo, y por lo mismo, es una se\u00f1al de debilidad que el Ejecutivo haya anunciado el fin de semana la visita del Presidente Boric a la regi\u00f3n y horas despu\u00e9s la haya desestimado, porque queda la sensaci\u00f3n de que precisamente no viene ante esta escalada de violencia. Y si esa es efectivamente la raz\u00f3n de la suspensi\u00f3n de la visita, quienes vivimos en la Araucan\u00eda estamos en el peor de los mundos\u201d, puntualiz\u00f3 la congresista.<\/p>\n\n\n\n<p>Aravena a\u00f1adi\u00f3 que \u201cprecisamente hubiese sido una expresi\u00f3n potente de compromiso con la regi\u00f3n, que en el actual escenario, el Mandatario venga a La Araucan\u00eda a constatar en persona en qu\u00e9 est\u00e1 la agenda de medidas que el mismo anunci\u00f3 en la visita que hizo en noviembre pasado, porque pese a que reconoci\u00f3 la existencia de actividades terroristas y la implementaci\u00f3n de una serie de acciones, hasta ahora no se han visto resultados concretos y tampoco se percibe mayor seguridad por parte de los habitantes de esta zona\u201d.<\/p>\n\n\n\n<p>\u201cEl gobierno acaba de hacer un ajuste ministerial para enfrentar el segundo a\u00f1o de gobierno ante un primer per\u00edodo que fue un fracaso en materia de seguridad p\u00fablica, por lo que uno esperar\u00eda que el terrorismo que afecta a La Araucan\u00eda se enfrente con decisi\u00f3n y no con la misma inacci\u00f3n que hemos observado hasta el momento. Lo que se necesita aqu\u00ed es enfrentar con fuerza el terrorismo y el crimen organizado, con una estrategia clara y permanente, que hasta ahora brilla por su ausencia\u201d, enfatiz\u00f3 la senadora republicana.<\/p>\n\n\n\n<p>\u201cSer\u00eda bueno que el gobierno establezca un anillo de seguridad, especialmente en la provincia de Malleco, que es la m\u00e1s afectada por la violencia terrorista, para reforzar los controles, especialmente de noche, y para desarticular a estas organizaciones radicales y evitar que se sigan formando otras nuevas, como viene sucediendo\u201d, concluy\u00f3 Carmen Gloria Aravena.<\/p>\n","protected":false},"excerpt":{"rendered":"<div class=\"pvc_clear\"><\/div>\n<p id=\"pvc_stats_39410\" class=\"pvc_stats total_only  \" data-element-id=\"39410\" style=\"\"><i class=\"pvc-stats-icon large\" aria-hidden=\"true\"><svg aria-hidden=\"true\" focusable=\"false\" data-prefix=\"far\" data-icon=\"chart-bar\" role=\"img\" xmlns=\"http:\/\/www.w3.org\/2000\/svg\" viewBox=\"0 0 512 512\" class=\"svg-inline--fa fa-chart-bar fa-w-16 fa-2x\"><path fill=\"currentColor\" d=\"M396.8 352h22.4c6.4 0 12.8-6.4 12.8-12.8V108.8c0-6.4-6.4-12.8-12.8-12.8h-22.4c-6.4 0-12.8 6.4-12.8 12.8v230.4c0 6.4 6.4 12.8 12.8 12.8zm-192 0h22.4c6.4 0 12.8-6.4 12.8-12.8V140.8c0-6.4-6.4-12.8-12.8-12.8h-22.4c-6.4 0-12.8 6.4-12.8 12.8v198.4c0 6.4 6.4 12.8 12.8 12.8zm96 0h22.4c6.4 0 12.8-6.4 12.8-12.8V204.8c0-6.4-6.4-12.8-12.8-12.8h-22.4c-6.4 0-12.8 6.4-12.8 12.8v134.4c0 6.4 6.4 12.8 12.8 12.8zM496 400H48V80c0-8.84-7.16-16-16-16H16C7.16 64 0 71.16 0 80v336c0 17.67 14.33 32 32 32h464c8.84 0 16-7.16 16-16v-16c0-8.84-7.16-16-16-16zm-387.2-48h22.4c6.4 0 12.8-6.4 12.8-12.8v-70.4c0-6.4-6.4-12.8-12.8-12.8h-22.4c-6.4 0-12.8 6.4-12.8 12.8v70.4c0 6.4 6.4 12.8 12.8 12.8z\" class=\"\"><\/path><\/svg><\/i> <img loading=\"lazy\" decoding=\"async\" width=\"16\" height=\"16\" alt=\"Loading\" src=\"https:\/\/temucotelevision.cl\/web\/wp-content\/plugins\/page-views-count\/ajax-loader-2x.gif\" border=0 \/><\/p>\n<div class=\"pvc_clear\"><\/div>\n<p>La parlamentaria del Partido Republicano afirm\u00f3 que \u201cen la regi\u00f3n necesitamos un gobierno que est\u00e9 desplegado y no replegado, sobre<\/p>\n","protected":false},"author":1,"featured_media":39398,"comment_status":"open","ping_status":"open","sticky":false,"template":"","format":"standard","meta":{"colormag_page_container_layout":"default_layout","colormag_page_sidebar_layout":"default_layout","footnotes":""},"categories":[84],"tags":[1236,5402,206,170,2065],"class_list":["post-39410","post","type-post","status-publish","format-standard","has-post-thumbnail","hentry","category-politica","tag-ataques","tag-carmen-gloria-aravena","tag-gobierno","tag-region","tag-senadora"],"a3_pvc":{"activated":true,"total_views":42,"today_views":0},"_links":{"self":[{"href":"https:\/\/temucotelevision.cl\/web\/wp-json\/wp\/v2\/posts\/39410","targetHints":{"allow":["GET"]}}],"collection":[{"href":"https:\/\/temucotelevision.cl\/web\/wp-json\/wp\/v2\/posts"}],"about":[{"href":"https:\/\/temucotelevision.cl\/web\/wp-json\/wp\/v2\/types\/post"}],"author":[{"embeddable":true,"href":"https:\/\/temucotelevision.cl\/web\/wp-json\/wp\/v2\/users\/1"}],"replies":[{"embeddable":true,"href":"https:\/\/temucotelevision.cl\/web\/wp-json\/wp\/v2\/comments?post=39410"}],"version-history":[{"count":1,"href":"https:\/\/temucotelevision.cl\/web\/wp-json\/wp\/v2\/posts\/39410\/revisions"}],"predecessor-version":[{"id":39411,"href":"https:\/\/temucotelevision.cl\/web\/wp-json\/wp\/v2\/posts\/39410\/revisions\/39411"}],"wp:featuredmedia":[{"embeddable":true,"href":"https:\/\/temucotelevision.cl\/web\/wp-json\/wp\/v2\/media\/39398"}],"wp:attachment":[{"href":"https:\/\/temucotelevision.cl\/web\/wp-json\/wp\/v2\/media?parent=39410"}],"wp:term":[{"taxonomy":"category","embeddable":true,"href":"https:\/\/temucotelevision.cl\/web\/wp-json\/wp\/v2\/categories?post=39410"},{"taxonomy":"post_tag","embeddable":true,"href":"https:\/\/temucotelevision.cl\/web\/wp-json\/wp\/v2\/tags?post=39410"}],"curies":[{"name":"wp","href":"https:\/\/api.w.org\/{rel}","templated":true}]}}