{"id":39408,"date":"2023-03-13T17:12:27","date_gmt":"2023-03-13T20:12:27","guid":{"rendered":"https:\/\/temucotelevision.cl\/web\/?p=39408"},"modified":"2023-03-13T17:12:28","modified_gmt":"2023-03-13T20:12:28","slug":"diputado-rathgeb-por-nuevos-hechos-de-violencia-en-la-araucania-presidente-boric-sea-valiente-y-tome-decisiones-importantes-para-la-region","status":"publish","type":"post","link":"https:\/\/temucotelevision.cl\/web\/2023\/03\/13\/diputado-rathgeb-por-nuevos-hechos-de-violencia-en-la-araucania-presidente-boric-sea-valiente-y-tome-decisiones-importantes-para-la-region\/","title":{"rendered":"Diputado Rathgeb por nuevos hechos de violencia en La Araucan\u00eda: \u201cPresidente Boric sea valiente y tome decisiones importantes para la Regi\u00f3n\u201d"},"content":{"rendered":"<div class=\"pvc_clear\"><\/div><p id=\"pvc_stats_39408\" class=\"pvc_stats total_only  \" data-element-id=\"39408\" style=\"\"><i class=\"pvc-stats-icon large\" aria-hidden=\"true\"><svg aria-hidden=\"true\" focusable=\"false\" data-prefix=\"far\" data-icon=\"chart-bar\" role=\"img\" xmlns=\"http:\/\/www.w3.org\/2000\/svg\" viewBox=\"0 0 512 512\" class=\"svg-inline--fa fa-chart-bar fa-w-16 fa-2x\"><path fill=\"currentColor\" d=\"M396.8 352h22.4c6.4 0 12.8-6.4 12.8-12.8V108.8c0-6.4-6.4-12.8-12.8-12.8h-22.4c-6.4 0-12.8 6.4-12.8 12.8v230.4c0 6.4 6.4 12.8 12.8 12.8zm-192 0h22.4c6.4 0 12.8-6.4 12.8-12.8V140.8c0-6.4-6.4-12.8-12.8-12.8h-22.4c-6.4 0-12.8 6.4-12.8 12.8v198.4c0 6.4 6.4 12.8 12.8 12.8zm96 0h22.4c6.4 0 12.8-6.4 12.8-12.8V204.8c0-6.4-6.4-12.8-12.8-12.8h-22.4c-6.4 0-12.8 6.4-12.8 12.8v134.4c0 6.4 6.4 12.8 12.8 12.8zM496 400H48V80c0-8.84-7.16-16-16-16H16C7.16 64 0 71.16 0 80v336c0 17.67 14.33 32 32 32h464c8.84 0 16-7.16 16-16v-16c0-8.84-7.16-16-16-16zm-387.2-48h22.4c6.4 0 12.8-6.4 12.8-12.8v-70.4c0-6.4-6.4-12.8-12.8-12.8h-22.4c-6.4 0-12.8 6.4-12.8 12.8v70.4c0 6.4 6.4 12.8 12.8 12.8z\" class=\"\"><\/path><\/svg><\/i> <img loading=\"lazy\" decoding=\"async\" width=\"16\" height=\"16\" alt=\"Loading\" src=\"https:\/\/temucotelevision.cl\/web\/wp-content\/plugins\/page-views-count\/ajax-loader-2x.gif\" border=0 \/><\/p><div class=\"pvc_clear\"><\/div>\n<p><strong>El congresista se\u00f1al\u00f3 que es el mandatario el que debe adoptar medidas de manera urgente y sin titubear, considerando la ola de hechos de violencia que se dieron en Malleco y Caut\u00edn en las \u00faltimas horas.<\/strong><\/p>\n\n\n\n<p>En menos de 24 horas La Araucan\u00eda vivi\u00f3 una de sus noches m\u00e1s violentas del \u00faltimo tiempo, que incluy\u00f3 un ataque incendiario a una escuela rural en Victoria, cortes de ruta simult\u00e1neos en Collipulli, Angol y Curacaut\u00edn, la quema de una iglesia en la ruta 181 en el tramo Victoria-Curacaut\u00edn, un veh\u00edculo destruido por las llamas y tambi\u00e9n la intencionalidad del fuego en 5 m\u00e1quinas en Gorbea, entre otros hechos de violencia y delincuencia tanto en Malleco como Caut\u00edn.<\/p>\n\n\n\n<p>El diputado de Renovaci\u00f3n Nacional y presidente regional de la colectividad, Jorge Rathgeb, se\u00f1al\u00f3 que ac\u00e1 el Gobierno sigue teniendo una actitud timorata a la hora de tomar decisiones y que eso se refleja con los episodios de violencia.<\/p>\n\n\n\n<p>Rathgeb, coment\u00f3 que es inentendible que los \u201cdementes\u201d quemen una escuela rural donde los ni\u00f1os son los principales perjudicados, lo mismo que se derriben \u00e1rboles para bloquear carreteras o bien se quemen maquinaras que son fuentes de trabajo de muchos.<\/p>\n\n\n\n<p>El legislador se\u00f1al\u00f3 que es hora de que el Gobierno deje de hacer o\u00eddos sordos y de una vez por toda vela por una seguridad que est\u00e1 completamente p\u00e9rdida en La Araucan\u00eda.<\/p>\n\n\n\n<p>\u201cAl parecer el solo anuncio de la visita del Presidente Boric a la Regi\u00f3n, aumenta el grado de violencia. Presidente Boric sea valiente, tome decisiones importantes y relevantes para nuestra Regi\u00f3n y no haga anuncios que en definitiva no se cumplen y no van en resguardo de la paz y seguridad que quieren nuestros vecinos\u201d, fueron las palabras del diputado Rathgeb, ante lo ocurrido en las \u00faltimas horas.<\/p>\n\n\n\n<p>El congresista tambi\u00e9n indic\u00f3 que espera que la Defensor\u00eda de la Ni\u00f1ez, pueda visitar la zona, considerando que ya se vivi\u00f3 un episodio donde las im\u00e1genes mostraban la presencia de ni\u00f1os en una protesta que se realiz\u00f3 en una unidad policial y ahora les quemaron su escuela en Victoria.<\/p>\n\n\n\n<p>Para finalizar el diputado agreg\u00f3 que cuando se rechaz\u00f3 la idea de legislar la Reforma Tributaria, todo el oficialismo sal\u00eda a conversar con los medios y ahora ante esta clase de hechos no dicen nada, lo cual es llamativo.<\/p>\n","protected":false},"excerpt":{"rendered":"<div class=\"pvc_clear\"><\/div>\n<p id=\"pvc_stats_39408\" class=\"pvc_stats total_only  \" data-element-id=\"39408\" style=\"\"><i class=\"pvc-stats-icon large\" aria-hidden=\"true\"><svg aria-hidden=\"true\" focusable=\"false\" data-prefix=\"far\" data-icon=\"chart-bar\" role=\"img\" xmlns=\"http:\/\/www.w3.org\/2000\/svg\" viewBox=\"0 0 512 512\" class=\"svg-inline--fa fa-chart-bar fa-w-16 fa-2x\"><path fill=\"currentColor\" d=\"M396.8 352h22.4c6.4 0 12.8-6.4 12.8-12.8V108.8c0-6.4-6.4-12.8-12.8-12.8h-22.4c-6.4 0-12.8 6.4-12.8 12.8v230.4c0 6.4 6.4 12.8 12.8 12.8zm-192 0h22.4c6.4 0 12.8-6.4 12.8-12.8V140.8c0-6.4-6.4-12.8-12.8-12.8h-22.4c-6.4 0-12.8 6.4-12.8 12.8v198.4c0 6.4 6.4 12.8 12.8 12.8zm96 0h22.4c6.4 0 12.8-6.4 12.8-12.8V204.8c0-6.4-6.4-12.8-12.8-12.8h-22.4c-6.4 0-12.8 6.4-12.8 12.8v134.4c0 6.4 6.4 12.8 12.8 12.8zM496 400H48V80c0-8.84-7.16-16-16-16H16C7.16 64 0 71.16 0 80v336c0 17.67 14.33 32 32 32h464c8.84 0 16-7.16 16-16v-16c0-8.84-7.16-16-16-16zm-387.2-48h22.4c6.4 0 12.8-6.4 12.8-12.8v-70.4c0-6.4-6.4-12.8-12.8-12.8h-22.4c-6.4 0-12.8 6.4-12.8 12.8v70.4c0 6.4 6.4 12.8 12.8 12.8z\" class=\"\"><\/path><\/svg><\/i> <img loading=\"lazy\" decoding=\"async\" width=\"16\" height=\"16\" alt=\"Loading\" src=\"https:\/\/temucotelevision.cl\/web\/wp-content\/plugins\/page-views-count\/ajax-loader-2x.gif\" border=0 \/><\/p>\n<div class=\"pvc_clear\"><\/div>\n<p>El congresista se\u00f1al\u00f3 que es el mandatario el que debe adoptar medidas de manera urgente y sin titubear, considerando la<\/p>\n","protected":false},"author":1,"featured_media":39394,"comment_status":"open","ping_status":"open","sticky":false,"template":"","format":"standard","meta":{"colormag_page_container_layout":"default_layout","colormag_page_sidebar_layout":"default_layout","footnotes":""},"categories":[84],"tags":[3989,154,176,489,1237],"class_list":["post-39408","post","type-post","status-publish","format-standard","has-post-thumbnail","hentry","category-politica","tag-boric","tag-diputado","tag-presidente","tag-rathgeb","tag-violencia"],"a3_pvc":{"activated":true,"total_views":98,"today_views":0},"_links":{"self":[{"href":"https:\/\/temucotelevision.cl\/web\/wp-json\/wp\/v2\/posts\/39408","targetHints":{"allow":["GET"]}}],"collection":[{"href":"https:\/\/temucotelevision.cl\/web\/wp-json\/wp\/v2\/posts"}],"about":[{"href":"https:\/\/temucotelevision.cl\/web\/wp-json\/wp\/v2\/types\/post"}],"author":[{"embeddable":true,"href":"https:\/\/temucotelevision.cl\/web\/wp-json\/wp\/v2\/users\/1"}],"replies":[{"embeddable":true,"href":"https:\/\/temucotelevision.cl\/web\/wp-json\/wp\/v2\/comments?post=39408"}],"version-history":[{"count":1,"href":"https:\/\/temucotelevision.cl\/web\/wp-json\/wp\/v2\/posts\/39408\/revisions"}],"predecessor-version":[{"id":39409,"href":"https:\/\/temucotelevision.cl\/web\/wp-json\/wp\/v2\/posts\/39408\/revisions\/39409"}],"wp:featuredmedia":[{"embeddable":true,"href":"https:\/\/temucotelevision.cl\/web\/wp-json\/wp\/v2\/media\/39394"}],"wp:attachment":[{"href":"https:\/\/temucotelevision.cl\/web\/wp-json\/wp\/v2\/media?parent=39408"}],"wp:term":[{"taxonomy":"category","embeddable":true,"href":"https:\/\/temucotelevision.cl\/web\/wp-json\/wp\/v2\/categories?post=39408"},{"taxonomy":"post_tag","embeddable":true,"href":"https:\/\/temucotelevision.cl\/web\/wp-json\/wp\/v2\/tags?post=39408"}],"curies":[{"name":"wp","href":"https:\/\/api.w.org\/{rel}","templated":true}]}}