{"id":39400,"date":"2023-03-13T13:08:12","date_gmt":"2023-03-13T16:08:12","guid":{"rendered":"https:\/\/temucotelevision.cl\/web\/?p=39400"},"modified":"2023-03-13T13:08:12","modified_gmt":"2023-03-13T16:08:12","slug":"encuesta-a-clientes-de-aguas-araucania-registro-alza-en-gestion-de-la-emergencia","status":"publish","type":"post","link":"https:\/\/temucotelevision.cl\/web\/2023\/03\/13\/encuesta-a-clientes-de-aguas-araucania-registro-alza-en-gestion-de-la-emergencia\/","title":{"rendered":"Encuesta a clientes de Aguas Araucan\u00eda registr\u00f3 alza en gesti\u00f3n de la emergencia"},"content":{"rendered":"<div class=\"pvc_clear\"><\/div><p id=\"pvc_stats_39400\" class=\"pvc_stats total_only  \" data-element-id=\"39400\" style=\"\"><i class=\"pvc-stats-icon large\" aria-hidden=\"true\"><svg aria-hidden=\"true\" focusable=\"false\" data-prefix=\"far\" data-icon=\"chart-bar\" role=\"img\" xmlns=\"http:\/\/www.w3.org\/2000\/svg\" viewBox=\"0 0 512 512\" class=\"svg-inline--fa fa-chart-bar fa-w-16 fa-2x\"><path fill=\"currentColor\" d=\"M396.8 352h22.4c6.4 0 12.8-6.4 12.8-12.8V108.8c0-6.4-6.4-12.8-12.8-12.8h-22.4c-6.4 0-12.8 6.4-12.8 12.8v230.4c0 6.4 6.4 12.8 12.8 12.8zm-192 0h22.4c6.4 0 12.8-6.4 12.8-12.8V140.8c0-6.4-6.4-12.8-12.8-12.8h-22.4c-6.4 0-12.8 6.4-12.8 12.8v198.4c0 6.4 6.4 12.8 12.8 12.8zm96 0h22.4c6.4 0 12.8-6.4 12.8-12.8V204.8c0-6.4-6.4-12.8-12.8-12.8h-22.4c-6.4 0-12.8 6.4-12.8 12.8v134.4c0 6.4 6.4 12.8 12.8 12.8zM496 400H48V80c0-8.84-7.16-16-16-16H16C7.16 64 0 71.16 0 80v336c0 17.67 14.33 32 32 32h464c8.84 0 16-7.16 16-16v-16c0-8.84-7.16-16-16-16zm-387.2-48h22.4c6.4 0 12.8-6.4 12.8-12.8v-70.4c0-6.4-6.4-12.8-12.8-12.8h-22.4c-6.4 0-12.8 6.4-12.8 12.8v70.4c0 6.4 6.4 12.8 12.8 12.8z\" class=\"\"><\/path><\/svg><\/i> <img loading=\"lazy\" decoding=\"async\" width=\"16\" height=\"16\" alt=\"Loading\" src=\"https:\/\/temucotelevision.cl\/web\/wp-content\/plugins\/page-views-count\/ajax-loader-2x.gif\" border=0 \/><\/p><div class=\"pvc_clear\"><\/div>\n<p><em>Anualmente la compa\u00f1\u00eda realiza una medici\u00f3n externa de la percepci\u00f3n de sus clientes, orientada a mejorar la satisfacci\u00f3n de sus usuarios con su modelo de atenci\u00f3n, que tiene al cliente y sus necesidades, como eje central.<\/em><\/p>\n\n\n\n<p>Con una satisfacci\u00f3n neta del 63%, muy por sobre el promedio de la industria sanitaria, Aguas Araucan\u00eda registr\u00f3 importantes alzas respecto del mismo per\u00edodo evaluado el 2021 en la encuesta anual de percepci\u00f3n de clientes que realiza la consultora externa Praxis. Los principales aspectos que destacaron en esta medici\u00f3n fueron gesti\u00f3n de la emergencia, medio ambiente y transparencia.<\/p>\n\n\n\n<p>As\u00ed lo dio a conocer el gerente de Clientes de Aguas Araucan\u00eda, Milton Morales, quien manifest\u00f3 su satisfacci\u00f3n con los resultados que \u201cson fruto del esfuerzo de todo el equipo, que d\u00eda a d\u00eda trabaja para entregar el mejor servicio la comunidad\u201d, dijo.<\/p>\n\n\n\n<p>Uno de los aspectos m\u00e1s destacados fue el aumento en la satisfacci\u00f3n de los clientes con la gesti\u00f3n de la emergencia que aument\u00f3 de un 19% a un 46%. \u201cesto es particularmente relevante, porque precisamente son las contingencias las que m\u00e1s inconvenientes pueden generar a nuestros vecinos y que registremos un alza muy significativa en su atenci\u00f3n, es se\u00f1al de que estamos en el camino correcto\u201d, sostuvo.<\/p>\n\n\n\n<p>Otra de las \u00e1reas que experiment\u00f3 un aumento significativo en la&nbsp;satisfacci\u00f3n de los usuarios de la sanitaria regional fue el aspecto \u201ccomprometida con el medio ambiente\u201d que subi\u00f3 de un 46% a 61% mientras que en el factor \u201ctransparencia\u201d, los \u00edndices aumentaron de 55% a 68%.<\/p>\n\n\n\n<p>\u201cNuestra compa\u00f1\u00eda permanentemente est\u00e1 en la b\u00fasqueda de la excelencia en la atenci\u00f3n. Tenemos una regi\u00f3n grande y dispersa y es un desaf\u00edo mantener siempre informados a nuestros clientes y as\u00ed tambi\u00e9n escucharlos activamente a trav\u00e9s de diversos medios: nuestros canales de atenci\u00f3n, estudios de percepci\u00f3n, comparaciones con la industria y encuestas de entidades reguladoras como la Superintendencia de Servicios Sanitarios (SISS)\u201d, acot\u00f3.<\/p>\n\n\n\n<figure class=\"wp-block-image size-large\"><img loading=\"lazy\" decoding=\"async\" width=\"1024\" height=\"768\" src=\"https:\/\/temucotelevision.cl\/web\/wp-content\/uploads\/2023\/03\/emergencia-ARA-1024x768.jpg\" alt=\"\" class=\"wp-image-39402\" srcset=\"https:\/\/temucotelevision.cl\/web\/wp-content\/uploads\/2023\/03\/emergencia-ARA-1024x768.jpg 1024w, https:\/\/temucotelevision.cl\/web\/wp-content\/uploads\/2023\/03\/emergencia-ARA-768x576.jpg 768w, https:\/\/temucotelevision.cl\/web\/wp-content\/uploads\/2023\/03\/emergencia-ARA-1536x1152.jpg 1536w, https:\/\/temucotelevision.cl\/web\/wp-content\/uploads\/2023\/03\/emergencia-ARA.jpg 1600w\" sizes=\"auto, (max-width: 1024px) 100vw, 1024px\" \/><\/figure>\n","protected":false},"excerpt":{"rendered":"<div class=\"pvc_clear\"><\/div>\n<p id=\"pvc_stats_39400\" class=\"pvc_stats total_only  \" data-element-id=\"39400\" style=\"\"><i class=\"pvc-stats-icon large\" aria-hidden=\"true\"><svg aria-hidden=\"true\" focusable=\"false\" data-prefix=\"far\" data-icon=\"chart-bar\" role=\"img\" xmlns=\"http:\/\/www.w3.org\/2000\/svg\" viewBox=\"0 0 512 512\" class=\"svg-inline--fa fa-chart-bar fa-w-16 fa-2x\"><path fill=\"currentColor\" d=\"M396.8 352h22.4c6.4 0 12.8-6.4 12.8-12.8V108.8c0-6.4-6.4-12.8-12.8-12.8h-22.4c-6.4 0-12.8 6.4-12.8 12.8v230.4c0 6.4 6.4 12.8 12.8 12.8zm-192 0h22.4c6.4 0 12.8-6.4 12.8-12.8V140.8c0-6.4-6.4-12.8-12.8-12.8h-22.4c-6.4 0-12.8 6.4-12.8 12.8v198.4c0 6.4 6.4 12.8 12.8 12.8zm96 0h22.4c6.4 0 12.8-6.4 12.8-12.8V204.8c0-6.4-6.4-12.8-12.8-12.8h-22.4c-6.4 0-12.8 6.4-12.8 12.8v134.4c0 6.4 6.4 12.8 12.8 12.8zM496 400H48V80c0-8.84-7.16-16-16-16H16C7.16 64 0 71.16 0 80v336c0 17.67 14.33 32 32 32h464c8.84 0 16-7.16 16-16v-16c0-8.84-7.16-16-16-16zm-387.2-48h22.4c6.4 0 12.8-6.4 12.8-12.8v-70.4c0-6.4-6.4-12.8-12.8-12.8h-22.4c-6.4 0-12.8 6.4-12.8 12.8v70.4c0 6.4 6.4 12.8 12.8 12.8z\" class=\"\"><\/path><\/svg><\/i> <img loading=\"lazy\" decoding=\"async\" width=\"16\" height=\"16\" alt=\"Loading\" src=\"https:\/\/temucotelevision.cl\/web\/wp-content\/plugins\/page-views-count\/ajax-loader-2x.gif\" border=0 \/><\/p>\n<div class=\"pvc_clear\"><\/div>\n<p>Anualmente la compa\u00f1\u00eda realiza una medici\u00f3n externa de la percepci\u00f3n de sus clientes, orientada a mejorar la satisfacci\u00f3n de sus<\/p>\n","protected":false},"author":1,"featured_media":39401,"comment_status":"open","ping_status":"open","sticky":false,"template":"","format":"standard","meta":{"colormag_page_container_layout":"default_layout","colormag_page_sidebar_layout":"default_layout","footnotes":""},"categories":[14],"tags":[753,516,268],"class_list":["post-39400","post","type-post","status-publish","format-standard","has-post-thumbnail","hentry","category-temuco","tag-aguas-araucania","tag-clientes","tag-emergencias"],"a3_pvc":{"activated":true,"total_views":80,"today_views":0},"_links":{"self":[{"href":"https:\/\/temucotelevision.cl\/web\/wp-json\/wp\/v2\/posts\/39400","targetHints":{"allow":["GET"]}}],"collection":[{"href":"https:\/\/temucotelevision.cl\/web\/wp-json\/wp\/v2\/posts"}],"about":[{"href":"https:\/\/temucotelevision.cl\/web\/wp-json\/wp\/v2\/types\/post"}],"author":[{"embeddable":true,"href":"https:\/\/temucotelevision.cl\/web\/wp-json\/wp\/v2\/users\/1"}],"replies":[{"embeddable":true,"href":"https:\/\/temucotelevision.cl\/web\/wp-json\/wp\/v2\/comments?post=39400"}],"version-history":[{"count":1,"href":"https:\/\/temucotelevision.cl\/web\/wp-json\/wp\/v2\/posts\/39400\/revisions"}],"predecessor-version":[{"id":39403,"href":"https:\/\/temucotelevision.cl\/web\/wp-json\/wp\/v2\/posts\/39400\/revisions\/39403"}],"wp:featuredmedia":[{"embeddable":true,"href":"https:\/\/temucotelevision.cl\/web\/wp-json\/wp\/v2\/media\/39401"}],"wp:attachment":[{"href":"https:\/\/temucotelevision.cl\/web\/wp-json\/wp\/v2\/media?parent=39400"}],"wp:term":[{"taxonomy":"category","embeddable":true,"href":"https:\/\/temucotelevision.cl\/web\/wp-json\/wp\/v2\/categories?post=39400"},{"taxonomy":"post_tag","embeddable":true,"href":"https:\/\/temucotelevision.cl\/web\/wp-json\/wp\/v2\/tags?post=39400"}],"curies":[{"name":"wp","href":"https:\/\/api.w.org\/{rel}","templated":true}]}}