{"id":39385,"date":"2023-03-12T10:57:43","date_gmt":"2023-03-12T13:57:43","guid":{"rendered":"https:\/\/temucotelevision.cl\/web\/?p=39385"},"modified":"2023-03-12T10:57:43","modified_gmt":"2023-03-12T13:57:43","slug":"senadora-carmen-gloria-aravena-advierte-ofensiva-terrorista-en-la-araucania-tras-nuevo-ataque-en-victoria-y-llama-al-gobierno-a-reforzar-la-seguridad","status":"publish","type":"post","link":"https:\/\/temucotelevision.cl\/web\/2023\/03\/12\/senadora-carmen-gloria-aravena-advierte-ofensiva-terrorista-en-la-araucania-tras-nuevo-ataque-en-victoria-y-llama-al-gobierno-a-reforzar-la-seguridad\/","title":{"rendered":"Senadora Carmen Gloria Aravena advierte ofensiva terrorista en La Araucania tras nuevo ataque en Victoria y llama al gobierno a reforzar la seguridad"},"content":{"rendered":"<div class=\"pvc_clear\"><\/div><p id=\"pvc_stats_39385\" class=\"pvc_stats total_only  \" data-element-id=\"39385\" style=\"\"><i class=\"pvc-stats-icon large\" aria-hidden=\"true\"><svg aria-hidden=\"true\" focusable=\"false\" data-prefix=\"far\" data-icon=\"chart-bar\" role=\"img\" xmlns=\"http:\/\/www.w3.org\/2000\/svg\" viewBox=\"0 0 512 512\" class=\"svg-inline--fa fa-chart-bar fa-w-16 fa-2x\"><path fill=\"currentColor\" d=\"M396.8 352h22.4c6.4 0 12.8-6.4 12.8-12.8V108.8c0-6.4-6.4-12.8-12.8-12.8h-22.4c-6.4 0-12.8 6.4-12.8 12.8v230.4c0 6.4 6.4 12.8 12.8 12.8zm-192 0h22.4c6.4 0 12.8-6.4 12.8-12.8V140.8c0-6.4-6.4-12.8-12.8-12.8h-22.4c-6.4 0-12.8 6.4-12.8 12.8v198.4c0 6.4 6.4 12.8 12.8 12.8zm96 0h22.4c6.4 0 12.8-6.4 12.8-12.8V204.8c0-6.4-6.4-12.8-12.8-12.8h-22.4c-6.4 0-12.8 6.4-12.8 12.8v134.4c0 6.4 6.4 12.8 12.8 12.8zM496 400H48V80c0-8.84-7.16-16-16-16H16C7.16 64 0 71.16 0 80v336c0 17.67 14.33 32 32 32h464c8.84 0 16-7.16 16-16v-16c0-8.84-7.16-16-16-16zm-387.2-48h22.4c6.4 0 12.8-6.4 12.8-12.8v-70.4c0-6.4-6.4-12.8-12.8-12.8h-22.4c-6.4 0-12.8 6.4-12.8 12.8v70.4c0 6.4 6.4 12.8 12.8 12.8z\" class=\"\"><\/path><\/svg><\/i> <img loading=\"lazy\" decoding=\"async\" width=\"16\" height=\"16\" alt=\"Loading\" src=\"https:\/\/temucotelevision.cl\/web\/wp-content\/plugins\/page-views-count\/ajax-loader-2x.gif\" border=0 \/><\/p><div class=\"pvc_clear\"><\/div>\n<p>No es casualidad que tras la reciente detenci\u00f3n de un integrante de la CAM, se est\u00e9 cometiento una seguidilla de ataques terroristas en La Araucania, que ha dejado personas heridas a bala y destrucci\u00f3n de bienes, como el hecho registrado anoche en Victoria y otros previos los \u00faltimos d\u00edas.<\/p>\n\n\n\n<p>Una regi\u00f3n y sus habitantes no pueden vivir en un estado permanente de alerta y temor como ocurre ac\u00e1. Eso tambi\u00e9n tiene un costo en la salud mental y emocional de las personas y eso es lo que el Estado y los sectores de izquierda que minimizan lo que aqu\u00ed ocurre, no logran o no quieren ver.<\/p>\n\n\n\n<p>Venimos saliendo de un per\u00edodo agotador por la emergencia de los incendios, muchos de ellos provocados intencionalmente, y ahora continuamos con esto. No tener paz ni un solo d\u00eda es demoledor para cualquier ser humano y por esto hay que frenar esta amenaza permanente a la integridad de los chilenos que viven en la Macrozona Sur.<\/p>\n\n\n\n<p>El gobierno tiene que asumir la responsabilidad de reforzar la seguridad en La Araucan\u00eda.<\/p>\n","protected":false},"excerpt":{"rendered":"<div class=\"pvc_clear\"><\/div>\n<p id=\"pvc_stats_39385\" class=\"pvc_stats total_only  \" data-element-id=\"39385\" style=\"\"><i class=\"pvc-stats-icon large\" aria-hidden=\"true\"><svg aria-hidden=\"true\" focusable=\"false\" data-prefix=\"far\" data-icon=\"chart-bar\" role=\"img\" xmlns=\"http:\/\/www.w3.org\/2000\/svg\" viewBox=\"0 0 512 512\" class=\"svg-inline--fa fa-chart-bar fa-w-16 fa-2x\"><path fill=\"currentColor\" d=\"M396.8 352h22.4c6.4 0 12.8-6.4 12.8-12.8V108.8c0-6.4-6.4-12.8-12.8-12.8h-22.4c-6.4 0-12.8 6.4-12.8 12.8v230.4c0 6.4 6.4 12.8 12.8 12.8zm-192 0h22.4c6.4 0 12.8-6.4 12.8-12.8V140.8c0-6.4-6.4-12.8-12.8-12.8h-22.4c-6.4 0-12.8 6.4-12.8 12.8v198.4c0 6.4 6.4 12.8 12.8 12.8zm96 0h22.4c6.4 0 12.8-6.4 12.8-12.8V204.8c0-6.4-6.4-12.8-12.8-12.8h-22.4c-6.4 0-12.8 6.4-12.8 12.8v134.4c0 6.4 6.4 12.8 12.8 12.8zM496 400H48V80c0-8.84-7.16-16-16-16H16C7.16 64 0 71.16 0 80v336c0 17.67 14.33 32 32 32h464c8.84 0 16-7.16 16-16v-16c0-8.84-7.16-16-16-16zm-387.2-48h22.4c6.4 0 12.8-6.4 12.8-12.8v-70.4c0-6.4-6.4-12.8-12.8-12.8h-22.4c-6.4 0-12.8 6.4-12.8 12.8v70.4c0 6.4 6.4 12.8 12.8 12.8z\" class=\"\"><\/path><\/svg><\/i> <img loading=\"lazy\" decoding=\"async\" width=\"16\" height=\"16\" alt=\"Loading\" src=\"https:\/\/temucotelevision.cl\/web\/wp-content\/plugins\/page-views-count\/ajax-loader-2x.gif\" border=0 \/><\/p>\n<div class=\"pvc_clear\"><\/div>\n<p>No es casualidad que tras la reciente detenci\u00f3n de un integrante de la CAM, se est\u00e9 cometiento una seguidilla de<\/p>\n","protected":false},"author":1,"featured_media":39386,"comment_status":"open","ping_status":"open","sticky":false,"template":"","format":"standard","meta":{"colormag_page_container_layout":"default_layout","colormag_page_sidebar_layout":"default_layout","footnotes":""},"categories":[84],"tags":[349,2065,227],"class_list":["post-39385","post","type-post","status-publish","format-standard","has-post-thumbnail","hentry","category-politica","tag-ataque","tag-senadora","tag-victoria"],"a3_pvc":{"activated":true,"total_views":39,"today_views":0},"_links":{"self":[{"href":"https:\/\/temucotelevision.cl\/web\/wp-json\/wp\/v2\/posts\/39385","targetHints":{"allow":["GET"]}}],"collection":[{"href":"https:\/\/temucotelevision.cl\/web\/wp-json\/wp\/v2\/posts"}],"about":[{"href":"https:\/\/temucotelevision.cl\/web\/wp-json\/wp\/v2\/types\/post"}],"author":[{"embeddable":true,"href":"https:\/\/temucotelevision.cl\/web\/wp-json\/wp\/v2\/users\/1"}],"replies":[{"embeddable":true,"href":"https:\/\/temucotelevision.cl\/web\/wp-json\/wp\/v2\/comments?post=39385"}],"version-history":[{"count":1,"href":"https:\/\/temucotelevision.cl\/web\/wp-json\/wp\/v2\/posts\/39385\/revisions"}],"predecessor-version":[{"id":39387,"href":"https:\/\/temucotelevision.cl\/web\/wp-json\/wp\/v2\/posts\/39385\/revisions\/39387"}],"wp:featuredmedia":[{"embeddable":true,"href":"https:\/\/temucotelevision.cl\/web\/wp-json\/wp\/v2\/media\/39386"}],"wp:attachment":[{"href":"https:\/\/temucotelevision.cl\/web\/wp-json\/wp\/v2\/media?parent=39385"}],"wp:term":[{"taxonomy":"category","embeddable":true,"href":"https:\/\/temucotelevision.cl\/web\/wp-json\/wp\/v2\/categories?post=39385"},{"taxonomy":"post_tag","embeddable":true,"href":"https:\/\/temucotelevision.cl\/web\/wp-json\/wp\/v2\/tags?post=39385"}],"curies":[{"name":"wp","href":"https:\/\/api.w.org\/{rel}","templated":true}]}}