{"id":39378,"date":"2023-03-12T10:49:01","date_gmt":"2023-03-12T13:49:01","guid":{"rendered":"https:\/\/temucotelevision.cl\/web\/?p=39378"},"modified":"2023-03-12T10:50:27","modified_gmt":"2023-03-12T13:50:27","slug":"mas-de-200-brigadistas-de-empresas-forestales-fueron-amedrentados-a-balazos-por-desconocidos-en-los-sauces-mientras-combatian-un-incendio","status":"publish","type":"post","link":"https:\/\/temucotelevision.cl\/web\/2023\/03\/12\/mas-de-200-brigadistas-de-empresas-forestales-fueron-amedrentados-a-balazos-por-desconocidos-en-los-sauces-mientras-combatian-un-incendio\/","title":{"rendered":"M\u00e1s de 200 brigadistas de empresas forestales fueron amedrentados a balazos por desconocidos en Los Sauces mientras combat\u00edan un incendio"},"content":{"rendered":"<div class=\"pvc_clear\"><\/div><p id=\"pvc_stats_39378\" class=\"pvc_stats total_only  \" data-element-id=\"39378\" style=\"\"><i class=\"pvc-stats-icon large\" aria-hidden=\"true\"><svg aria-hidden=\"true\" focusable=\"false\" data-prefix=\"far\" data-icon=\"chart-bar\" role=\"img\" xmlns=\"http:\/\/www.w3.org\/2000\/svg\" viewBox=\"0 0 512 512\" class=\"svg-inline--fa fa-chart-bar fa-w-16 fa-2x\"><path fill=\"currentColor\" d=\"M396.8 352h22.4c6.4 0 12.8-6.4 12.8-12.8V108.8c0-6.4-6.4-12.8-12.8-12.8h-22.4c-6.4 0-12.8 6.4-12.8 12.8v230.4c0 6.4 6.4 12.8 12.8 12.8zm-192 0h22.4c6.4 0 12.8-6.4 12.8-12.8V140.8c0-6.4-6.4-12.8-12.8-12.8h-22.4c-6.4 0-12.8 6.4-12.8 12.8v198.4c0 6.4 6.4 12.8 12.8 12.8zm96 0h22.4c6.4 0 12.8-6.4 12.8-12.8V204.8c0-6.4-6.4-12.8-12.8-12.8h-22.4c-6.4 0-12.8 6.4-12.8 12.8v134.4c0 6.4 6.4 12.8 12.8 12.8zM496 400H48V80c0-8.84-7.16-16-16-16H16C7.16 64 0 71.16 0 80v336c0 17.67 14.33 32 32 32h464c8.84 0 16-7.16 16-16v-16c0-8.84-7.16-16-16-16zm-387.2-48h22.4c6.4 0 12.8-6.4 12.8-12.8v-70.4c0-6.4-6.4-12.8-12.8-12.8h-22.4c-6.4 0-12.8 6.4-12.8 12.8v70.4c0 6.4 6.4 12.8 12.8 12.8z\" class=\"\"><\/path><\/svg><\/i> <img loading=\"lazy\" decoding=\"async\" width=\"16\" height=\"16\" alt=\"Loading\" src=\"https:\/\/temucotelevision.cl\/web\/wp-content\/plugins\/page-views-count\/ajax-loader-2x.gif\" border=0 \/><\/p><div class=\"pvc_clear\"><\/div>\n<p>A las 12.45 horas del ayer s\u00e1bado, m\u00e1s de 200 brigadistas de las empresas forestales se encontraban combatiendo un incendio en el fundo San Luis, a 30 kil\u00f3metros de la comuna de Los Sauces en la regi\u00f3n de la Araucan\u00eda, cuando desde un cerro aparecieron dos camionetas con m\u00e1s de 12 personas armadas que comenzaron a disparar.<\/p>\n\n\n\n<p>En el lugar las empresas se encontraban trabajando con 5 furgones de traslado de los brigadistas, 3 skidder, 1 bulldozer y 1 cami\u00f3n aljibe. Adem\u00e1s, se encontraban con un resguardo de 3 carabineros.<\/p>\n\n\n\n<p>Por seguridad, todas las personas abandonaron el lugar en caravana en direcci\u00f3n a Los Sauces y el incendio a es hora estaba descontrolado.<\/p>\n\n\n\n<figure class=\"wp-block-image size-large\"><img loading=\"lazy\" decoding=\"async\" width=\"1024\" height=\"564\" src=\"https:\/\/temucotelevision.cl\/web\/wp-content\/uploads\/2023\/03\/Incendio-Los-Sauces-1024x564.jpeg\" alt=\"\" class=\"wp-image-39383\" srcset=\"https:\/\/temucotelevision.cl\/web\/wp-content\/uploads\/2023\/03\/Incendio-Los-Sauces-1024x564.jpeg 1024w, https:\/\/temucotelevision.cl\/web\/wp-content\/uploads\/2023\/03\/Incendio-Los-Sauces-768x423.jpeg 768w, https:\/\/temucotelevision.cl\/web\/wp-content\/uploads\/2023\/03\/Incendio-Los-Sauces-1536x846.jpeg 1536w, https:\/\/temucotelevision.cl\/web\/wp-content\/uploads\/2023\/03\/Incendio-Los-Sauces.jpeg 1600w\" sizes=\"auto, (max-width: 1024px) 100vw, 1024px\" \/><\/figure>\n\n\n\n<figure class=\"wp-block-image size-large\"><img loading=\"lazy\" decoding=\"async\" width=\"1024\" height=\"555\" src=\"https:\/\/temucotelevision.cl\/web\/wp-content\/uploads\/2023\/03\/Incendio-Los-Sauces-2-1024x555.jpeg\" alt=\"\" class=\"wp-image-39380\" srcset=\"https:\/\/temucotelevision.cl\/web\/wp-content\/uploads\/2023\/03\/Incendio-Los-Sauces-2-1024x555.jpeg 1024w, https:\/\/temucotelevision.cl\/web\/wp-content\/uploads\/2023\/03\/Incendio-Los-Sauces-2-768x416.jpeg 768w, https:\/\/temucotelevision.cl\/web\/wp-content\/uploads\/2023\/03\/Incendio-Los-Sauces-2-1536x832.jpeg 1536w, https:\/\/temucotelevision.cl\/web\/wp-content\/uploads\/2023\/03\/Incendio-Los-Sauces-2.jpeg 1600w\" sizes=\"auto, (max-width: 1024px) 100vw, 1024px\" \/><\/figure>\n","protected":false},"excerpt":{"rendered":"<div class=\"pvc_clear\"><\/div>\n<p id=\"pvc_stats_39378\" class=\"pvc_stats total_only  \" data-element-id=\"39378\" style=\"\"><i class=\"pvc-stats-icon large\" aria-hidden=\"true\"><svg aria-hidden=\"true\" focusable=\"false\" data-prefix=\"far\" data-icon=\"chart-bar\" role=\"img\" xmlns=\"http:\/\/www.w3.org\/2000\/svg\" viewBox=\"0 0 512 512\" class=\"svg-inline--fa fa-chart-bar fa-w-16 fa-2x\"><path fill=\"currentColor\" d=\"M396.8 352h22.4c6.4 0 12.8-6.4 12.8-12.8V108.8c0-6.4-6.4-12.8-12.8-12.8h-22.4c-6.4 0-12.8 6.4-12.8 12.8v230.4c0 6.4 6.4 12.8 12.8 12.8zm-192 0h22.4c6.4 0 12.8-6.4 12.8-12.8V140.8c0-6.4-6.4-12.8-12.8-12.8h-22.4c-6.4 0-12.8 6.4-12.8 12.8v198.4c0 6.4 6.4 12.8 12.8 12.8zm96 0h22.4c6.4 0 12.8-6.4 12.8-12.8V204.8c0-6.4-6.4-12.8-12.8-12.8h-22.4c-6.4 0-12.8 6.4-12.8 12.8v134.4c0 6.4 6.4 12.8 12.8 12.8zM496 400H48V80c0-8.84-7.16-16-16-16H16C7.16 64 0 71.16 0 80v336c0 17.67 14.33 32 32 32h464c8.84 0 16-7.16 16-16v-16c0-8.84-7.16-16-16-16zm-387.2-48h22.4c6.4 0 12.8-6.4 12.8-12.8v-70.4c0-6.4-6.4-12.8-12.8-12.8h-22.4c-6.4 0-12.8 6.4-12.8 12.8v70.4c0 6.4 6.4 12.8 12.8 12.8z\" class=\"\"><\/path><\/svg><\/i> <img loading=\"lazy\" decoding=\"async\" width=\"16\" height=\"16\" alt=\"Loading\" src=\"https:\/\/temucotelevision.cl\/web\/wp-content\/plugins\/page-views-count\/ajax-loader-2x.gif\" border=0 \/><\/p>\n<div class=\"pvc_clear\"><\/div>\n<p>A las 12.45 horas del ayer s\u00e1bado, m\u00e1s de 200 brigadistas de las empresas forestales se encontraban combatiendo un incendio<\/p>\n","protected":false},"author":1,"featured_media":39379,"comment_status":"open","ping_status":"open","sticky":false,"template":"","format":"standard","meta":{"colormag_page_container_layout":"default_layout","colormag_page_sidebar_layout":"default_layout","footnotes":""},"categories":[15],"tags":[4929,423,1042,267,1546],"class_list":["post-39378","post","type-post","status-publish","format-standard","has-post-thumbnail","hentry","category-la-araucania","tag-balazos","tag-brigadistas","tag-empresas","tag-forestales","tag-los-sauces"],"a3_pvc":{"activated":true,"total_views":90,"today_views":0},"_links":{"self":[{"href":"https:\/\/temucotelevision.cl\/web\/wp-json\/wp\/v2\/posts\/39378","targetHints":{"allow":["GET"]}}],"collection":[{"href":"https:\/\/temucotelevision.cl\/web\/wp-json\/wp\/v2\/posts"}],"about":[{"href":"https:\/\/temucotelevision.cl\/web\/wp-json\/wp\/v2\/types\/post"}],"author":[{"embeddable":true,"href":"https:\/\/temucotelevision.cl\/web\/wp-json\/wp\/v2\/users\/1"}],"replies":[{"embeddable":true,"href":"https:\/\/temucotelevision.cl\/web\/wp-json\/wp\/v2\/comments?post=39378"}],"version-history":[{"count":2,"href":"https:\/\/temucotelevision.cl\/web\/wp-json\/wp\/v2\/posts\/39378\/revisions"}],"predecessor-version":[{"id":39384,"href":"https:\/\/temucotelevision.cl\/web\/wp-json\/wp\/v2\/posts\/39378\/revisions\/39384"}],"wp:featuredmedia":[{"embeddable":true,"href":"https:\/\/temucotelevision.cl\/web\/wp-json\/wp\/v2\/media\/39379"}],"wp:attachment":[{"href":"https:\/\/temucotelevision.cl\/web\/wp-json\/wp\/v2\/media?parent=39378"}],"wp:term":[{"taxonomy":"category","embeddable":true,"href":"https:\/\/temucotelevision.cl\/web\/wp-json\/wp\/v2\/categories?post=39378"},{"taxonomy":"post_tag","embeddable":true,"href":"https:\/\/temucotelevision.cl\/web\/wp-json\/wp\/v2\/tags?post=39378"}],"curies":[{"name":"wp","href":"https:\/\/api.w.org\/{rel}","templated":true}]}}