{"id":39375,"date":"2023-03-10T23:45:20","date_gmt":"2023-03-11T02:45:20","guid":{"rendered":"https:\/\/temucotelevision.cl\/web\/?p=39375"},"modified":"2023-03-10T23:45:21","modified_gmt":"2023-03-11T02:45:21","slug":"diputados-de-la-araucania-solicitaran-estado-de-sitio-acotado-para-la-zona-de-ercilla","status":"publish","type":"post","link":"https:\/\/temucotelevision.cl\/web\/2023\/03\/10\/diputados-de-la-araucania-solicitaran-estado-de-sitio-acotado-para-la-zona-de-ercilla\/","title":{"rendered":"Diputados de La Araucan\u00eda solicitar\u00e1n Estado de Sitio &#8220;Acotado&#8221; para la zona de Ercilla"},"content":{"rendered":"<div class=\"pvc_clear\"><\/div><p id=\"pvc_stats_39375\" class=\"pvc_stats total_only  \" data-element-id=\"39375\" style=\"\"><i class=\"pvc-stats-icon large\" aria-hidden=\"true\"><svg aria-hidden=\"true\" focusable=\"false\" data-prefix=\"far\" data-icon=\"chart-bar\" role=\"img\" xmlns=\"http:\/\/www.w3.org\/2000\/svg\" viewBox=\"0 0 512 512\" class=\"svg-inline--fa fa-chart-bar fa-w-16 fa-2x\"><path fill=\"currentColor\" d=\"M396.8 352h22.4c6.4 0 12.8-6.4 12.8-12.8V108.8c0-6.4-6.4-12.8-12.8-12.8h-22.4c-6.4 0-12.8 6.4-12.8 12.8v230.4c0 6.4 6.4 12.8 12.8 12.8zm-192 0h22.4c6.4 0 12.8-6.4 12.8-12.8V140.8c0-6.4-6.4-12.8-12.8-12.8h-22.4c-6.4 0-12.8 6.4-12.8 12.8v198.4c0 6.4 6.4 12.8 12.8 12.8zm96 0h22.4c6.4 0 12.8-6.4 12.8-12.8V204.8c0-6.4-6.4-12.8-12.8-12.8h-22.4c-6.4 0-12.8 6.4-12.8 12.8v134.4c0 6.4 6.4 12.8 12.8 12.8zM496 400H48V80c0-8.84-7.16-16-16-16H16C7.16 64 0 71.16 0 80v336c0 17.67 14.33 32 32 32h464c8.84 0 16-7.16 16-16v-16c0-8.84-7.16-16-16-16zm-387.2-48h22.4c6.4 0 12.8-6.4 12.8-12.8v-70.4c0-6.4-6.4-12.8-12.8-12.8h-22.4c-6.4 0-12.8 6.4-12.8 12.8v70.4c0 6.4 6.4 12.8 12.8 12.8z\" class=\"\"><\/path><\/svg><\/i> <img loading=\"lazy\" decoding=\"async\" width=\"16\" height=\"16\" alt=\"Loading\" src=\"https:\/\/temucotelevision.cl\/web\/wp-content\/plugins\/page-views-count\/ajax-loader-2x.gif\" border=0 \/><\/p><div class=\"pvc_clear\"><\/div>\n<p>\u2022 Los diputados Republicanos junto a Renovaci\u00f3n Nacional solicitar\u00e1n dicha medida a la ministra del Interior, Carolina Toh\u00e1.<\/p>\n\n\n\n<p>Ante los graves hechos ocurridos durante esta semana en la comisar\u00eda de Fuerzas Especiales de Pailahueque, donde mujeres -con ni\u00f1os y lactantes- ingresaron ilegalmente, sumado a los disparos en plena Ruta 5 Sur, donde sujetos dispararon a veh\u00edculos y camiones, resultado un conductor herido pero adem\u00e1s atacaron un bus con pasajeros que transitaba por la principal ruta que une el pa\u00eds, los diputados Mauricio Ojeda, Stephan Schubert junto a los parlamentarios de Renovaci\u00f3n Nacional, Miguel Mellado, Jorge Ratgheb, Miguel Becker y Juan Carlos Beltr\u00e1n anunciaron que solicitar\u00e1n Estado de Sitio \u201cacotado\u201d para la zona de Ercilla y otros lugares que requieran este decreto para poder combatir el terrorismo que afecta a la Regi\u00f3n.<\/p>\n\n\n\n<p>El pr\u00f3ximo jueves 16, los parlamentarios de La Araucan\u00eda sostendr\u00e1n una reuni\u00f3n con la ministra del Interior, Carolina Toh\u00e1, instancia donde le solicitar\u00e1n que el Gobierno aplique esta medida ya que, a juicio de los parlamentarios, el Estado de Excepci\u00f3n \u201cacotado\u201d, que rige actualmente en La Araucan\u00eda y en las provincias de Arauco y Biob\u00edo (en la regi\u00f3n del Biob\u00edo), no faculta a las Fuerzas Armadas y de Orden hacer entrada y registro a domicilios que hoy en d\u00eda se conoce que podr\u00eda haber en su interior armamento de grueso calibre y municiones que son utilizadas para comer atentados terroristas.<\/p>\n\n\n\n<p>Al respecto, el diputado RN Miguel Mellado indic\u00f3 que \u201csabemos que en algunos lugares de la regi\u00f3n existe y esconden droga y armamento, con el que atentan contra chilenos honestos e inocentes (\u2026) estamos redactando la carta donde vamos a pedir formalmente que se aplique Estado de Sitio para atacar el terrorismo y narcotr\u00e1fico en La Araucan\u00eda\u201d.<\/p>\n\n\n\n<p>Mellado agreg\u00f3 que \u201csi bien hoy en d\u00eda est\u00e1 vigente el Estado de Excepci\u00f3n \u2018acotado\u2019, este impide que se pueda ingresar a domicilios a registrar o detener a delincuentes que han cometido hechos tan graves como lo que sucedi\u00f3 esta semana en la Ruta 5 Sur. Por eso es importante que el Gobierno considere este decreto ya que permitir\u00eda combatir totalmente no solo el terrorismo sino que el narcotr\u00e1fico con el apoyo de las Fuerzas Armadas y de Orden\u201d.&nbsp;<\/p>\n\n\n\n<p>Por su parte, el diputado Mauricio Ojeda, expres\u00f3 que \u201cla sensaci\u00f3n de inseguridad ya no da para m\u00e1s en La Araucan\u00eda. Es por esto que hemos tomado la decisi\u00f3n de solicitar formalmente que decreten Estado de Sitio en La Araucan\u00eda\u201d.&nbsp;<\/p>\n\n\n\n<p>Ojeda argument\u00f3 que en la solicitud que realizar\u00e1n \u201cle vamos a facilitar las cosas al gobierno porque vamos a pedir un estado de Sitio \u2018acotado\u2019 como les gusta (al Gobierno). Y que sea acotado al sector de Ercilla y lo que circunda a Temucuicui. Necesitamos que los militares puedan ingresar a todo al territorio y a todo lugar con tal de terminar con los encapuchados y los actos terroristas\u201d.<\/p>\n\n\n\n<p>Los parlamentarios insistir\u00e1n con esta solicitud ya que aseguran que el Estado no puede quedar de lado ante el terrorismo que se registra en la denominada \u201cmacrozona sur\u201d, haciendo un llamado al Presidente Gabriel Boric a que \u201cdeje de lado sus amistades con integrantes de la comunidad en cuesti\u00f3n porque estamos conscientes que durante todas sus visitas a La Araucan\u00eda como diputado fue en ese lugar pero hoy es el Presidente de Chile y cumplir con lo que mandata la Ley que es otorgar seguridad a todos los chilenos\u201d.<\/p>\n","protected":false},"excerpt":{"rendered":"<div class=\"pvc_clear\"><\/div>\n<p id=\"pvc_stats_39375\" class=\"pvc_stats total_only  \" data-element-id=\"39375\" style=\"\"><i class=\"pvc-stats-icon large\" aria-hidden=\"true\"><svg aria-hidden=\"true\" focusable=\"false\" data-prefix=\"far\" data-icon=\"chart-bar\" role=\"img\" xmlns=\"http:\/\/www.w3.org\/2000\/svg\" viewBox=\"0 0 512 512\" class=\"svg-inline--fa fa-chart-bar fa-w-16 fa-2x\"><path fill=\"currentColor\" d=\"M396.8 352h22.4c6.4 0 12.8-6.4 12.8-12.8V108.8c0-6.4-6.4-12.8-12.8-12.8h-22.4c-6.4 0-12.8 6.4-12.8 12.8v230.4c0 6.4 6.4 12.8 12.8 12.8zm-192 0h22.4c6.4 0 12.8-6.4 12.8-12.8V140.8c0-6.4-6.4-12.8-12.8-12.8h-22.4c-6.4 0-12.8 6.4-12.8 12.8v198.4c0 6.4 6.4 12.8 12.8 12.8zm96 0h22.4c6.4 0 12.8-6.4 12.8-12.8V204.8c0-6.4-6.4-12.8-12.8-12.8h-22.4c-6.4 0-12.8 6.4-12.8 12.8v134.4c0 6.4 6.4 12.8 12.8 12.8zM496 400H48V80c0-8.84-7.16-16-16-16H16C7.16 64 0 71.16 0 80v336c0 17.67 14.33 32 32 32h464c8.84 0 16-7.16 16-16v-16c0-8.84-7.16-16-16-16zm-387.2-48h22.4c6.4 0 12.8-6.4 12.8-12.8v-70.4c0-6.4-6.4-12.8-12.8-12.8h-22.4c-6.4 0-12.8 6.4-12.8 12.8v70.4c0 6.4 6.4 12.8 12.8 12.8z\" class=\"\"><\/path><\/svg><\/i> <img loading=\"lazy\" decoding=\"async\" width=\"16\" height=\"16\" alt=\"Loading\" src=\"https:\/\/temucotelevision.cl\/web\/wp-content\/plugins\/page-views-count\/ajax-loader-2x.gif\" border=0 \/><\/p>\n<div class=\"pvc_clear\"><\/div>\n<p>\u2022 Los diputados Republicanos junto a Renovaci\u00f3n Nacional solicitar\u00e1n dicha medida a la ministra del Interior, Carolina Toh\u00e1. Ante los<\/p>\n","protected":false},"author":1,"featured_media":1904,"comment_status":"open","ping_status":"open","sticky":false,"template":"","format":"standard","meta":{"colormag_page_container_layout":"default_layout","colormag_page_sidebar_layout":"default_layout","footnotes":""},"categories":[84,14],"tags":[171,712,3976,91],"class_list":["post-39375","post","type-post","status-publish","format-standard","has-post-thumbnail","hentry","category-politica","category-temuco","tag-diputados","tag-ercilla","tag-estado-de-sitio","tag-zona"],"a3_pvc":{"activated":true,"total_views":72,"today_views":0},"_links":{"self":[{"href":"https:\/\/temucotelevision.cl\/web\/wp-json\/wp\/v2\/posts\/39375","targetHints":{"allow":["GET"]}}],"collection":[{"href":"https:\/\/temucotelevision.cl\/web\/wp-json\/wp\/v2\/posts"}],"about":[{"href":"https:\/\/temucotelevision.cl\/web\/wp-json\/wp\/v2\/types\/post"}],"author":[{"embeddable":true,"href":"https:\/\/temucotelevision.cl\/web\/wp-json\/wp\/v2\/users\/1"}],"replies":[{"embeddable":true,"href":"https:\/\/temucotelevision.cl\/web\/wp-json\/wp\/v2\/comments?post=39375"}],"version-history":[{"count":1,"href":"https:\/\/temucotelevision.cl\/web\/wp-json\/wp\/v2\/posts\/39375\/revisions"}],"predecessor-version":[{"id":39376,"href":"https:\/\/temucotelevision.cl\/web\/wp-json\/wp\/v2\/posts\/39375\/revisions\/39376"}],"wp:featuredmedia":[{"embeddable":true,"href":"https:\/\/temucotelevision.cl\/web\/wp-json\/wp\/v2\/media\/1904"}],"wp:attachment":[{"href":"https:\/\/temucotelevision.cl\/web\/wp-json\/wp\/v2\/media?parent=39375"}],"wp:term":[{"taxonomy":"category","embeddable":true,"href":"https:\/\/temucotelevision.cl\/web\/wp-json\/wp\/v2\/categories?post=39375"},{"taxonomy":"post_tag","embeddable":true,"href":"https:\/\/temucotelevision.cl\/web\/wp-json\/wp\/v2\/tags?post=39375"}],"curies":[{"name":"wp","href":"https:\/\/api.w.org\/{rel}","templated":true}]}}