{"id":39372,"date":"2023-03-10T23:27:12","date_gmt":"2023-03-11T02:27:12","guid":{"rendered":"https:\/\/temucotelevision.cl\/web\/?p=39372"},"modified":"2023-03-10T23:27:13","modified_gmt":"2023-03-11T02:27:13","slug":"delegada-presidencial-andrea-parra-y-rechazo-a-reforma-tributaria-no-nos-ayuda-a-sacar-de-la-pobreza-a-la-gente-mas-vulnerable-de-malleco-la-derrota-es-de-ellos","status":"publish","type":"post","link":"https:\/\/temucotelevision.cl\/web\/2023\/03\/10\/delegada-presidencial-andrea-parra-y-rechazo-a-reforma-tributaria-no-nos-ayuda-a-sacar-de-la-pobreza-a-la-gente-mas-vulnerable-de-malleco-la-derrota-es-de-ellos\/","title":{"rendered":"Delegada Presidencial Andrea Parra y rechazo a Reforma Tributaria:\u00a0\u201cNo nos ayuda a sacar de la pobreza a la gente m\u00e1s vulnerable de Malleco. La derrota es de ellos\u201d"},"content":{"rendered":"<div class=\"pvc_clear\"><\/div><p id=\"pvc_stats_39372\" class=\"pvc_stats total_only  \" data-element-id=\"39372\" style=\"\"><i class=\"pvc-stats-icon large\" aria-hidden=\"true\"><svg aria-hidden=\"true\" focusable=\"false\" data-prefix=\"far\" data-icon=\"chart-bar\" role=\"img\" xmlns=\"http:\/\/www.w3.org\/2000\/svg\" viewBox=\"0 0 512 512\" class=\"svg-inline--fa fa-chart-bar fa-w-16 fa-2x\"><path fill=\"currentColor\" d=\"M396.8 352h22.4c6.4 0 12.8-6.4 12.8-12.8V108.8c0-6.4-6.4-12.8-12.8-12.8h-22.4c-6.4 0-12.8 6.4-12.8 12.8v230.4c0 6.4 6.4 12.8 12.8 12.8zm-192 0h22.4c6.4 0 12.8-6.4 12.8-12.8V140.8c0-6.4-6.4-12.8-12.8-12.8h-22.4c-6.4 0-12.8 6.4-12.8 12.8v198.4c0 6.4 6.4 12.8 12.8 12.8zm96 0h22.4c6.4 0 12.8-6.4 12.8-12.8V204.8c0-6.4-6.4-12.8-12.8-12.8h-22.4c-6.4 0-12.8 6.4-12.8 12.8v134.4c0 6.4 6.4 12.8 12.8 12.8zM496 400H48V80c0-8.84-7.16-16-16-16H16C7.16 64 0 71.16 0 80v336c0 17.67 14.33 32 32 32h464c8.84 0 16-7.16 16-16v-16c0-8.84-7.16-16-16-16zm-387.2-48h22.4c6.4 0 12.8-6.4 12.8-12.8v-70.4c0-6.4-6.4-12.8-12.8-12.8h-22.4c-6.4 0-12.8 6.4-12.8 12.8v70.4c0 6.4 6.4 12.8 12.8 12.8z\" class=\"\"><\/path><\/svg><\/i> <img loading=\"lazy\" decoding=\"async\" width=\"16\" height=\"16\" alt=\"Loading\" src=\"https:\/\/temucotelevision.cl\/web\/wp-content\/plugins\/page-views-count\/ajax-loader-2x.gif\" border=0 \/><\/p><div class=\"pvc_clear\"><\/div>\n<p>El pasado mi\u00e9rcoles 8 de marzo, la C\u00e1mara de Diputados rechaz\u00f3 la idea de legislar el proyecto de ley de Reforma Tributaria, con una votaci\u00f3n de 73 votos a favor, 71 en contra y tres abstenciones.<\/p>\n\n\n\n<p>Con esta derrota, numerosos proyectos y beneficios que depend\u00edan de esta configuraci\u00f3n tributaria dejan de contar con una base financiera para llevarlas a cabo, situaci\u00f3n que tambi\u00e9n golpea a potenciales beneficiarios de la provincia de Malleco.<\/p>\n\n\n\n<p>Actualmente en la Regi\u00f3n de La Araucan\u00eda, son 137.804 personas -de las cuales 32.254 son de Malleco- que son parte del Pilar Solidario, recibiendo una Pensi\u00f3n Garantizada Universal o una Pensi\u00f3n B\u00e1sica de Invalidez y que lamentablemente no podr\u00e1n acceder a la mejora propuesta a los 250 mil pesos, lo que tiene un impacto significativo a la calidad de vida de personas mayores.<\/p>\n\n\n\n<p>Sumado a lo anterior, son m\u00e1s de 261 mil las personas en la regi\u00f3n que se podr\u00edan haber beneficiado del aumento de la Asignaci\u00f3n Familiar y del Subsidio Unico Familiar. As\u00ed, el rechazo de la reforma tributaria golpea la econom\u00eda de los hogares de trabajadoras y mujeres cuidadoras de hijos e hijas que esperaban un aumento de este importante beneficio. \u00bfEn Malleco? M\u00e1s de 62 mil personas reciben este impacto.<\/p>\n\n\n\n<p>\u201cEl rechazo de la Reforma Tributaria no puede ser materia de celebraci\u00f3n para nadie, menos a\u00fan en uno de los territorios m\u00e1s pobres de nuestro pa\u00eds. M\u00e1s de 32 mil pensionados en nuestra provincia, entre los cuales tenemos adultos mayores que deben sobrevivir con baj\u00edsimos recursos, no podr\u00e1n recibir un deseado aumento en sus ingresos, entre otras malas noticias que amenazan con coartar nuestro desarrollo. Esta derrota no nos ayuda a sacar de la pobreza a la gente m\u00e1s vulnerable de nuestra provincia. Hoy, la derrota es de ellos\u201d, indic\u00f3 la Delegada Presidencial.<\/p>\n\n\n\n<p>Junto con ello, Andrea Parra repas\u00f3 otros perjuicios en el proyecto pa\u00eds que van en desmedro de la provincia: \u201cJusto en medio de un devastador incendio que nos obliga a buscar las mejores ayudas para los damnificados, recibimos este nuevo golpe en nuestro programa. Pero quiero entregar mi convicci\u00f3n de que vamos a encontrar el camino para habilitar un debate serio en el Parlamento, para que as\u00ed la Reforma Tributaria que Chile tanto necesita se haga realidad\u201d.<\/p>\n","protected":false},"excerpt":{"rendered":"<div class=\"pvc_clear\"><\/div>\n<p id=\"pvc_stats_39372\" class=\"pvc_stats total_only  \" data-element-id=\"39372\" style=\"\"><i class=\"pvc-stats-icon large\" aria-hidden=\"true\"><svg aria-hidden=\"true\" focusable=\"false\" data-prefix=\"far\" data-icon=\"chart-bar\" role=\"img\" xmlns=\"http:\/\/www.w3.org\/2000\/svg\" viewBox=\"0 0 512 512\" class=\"svg-inline--fa fa-chart-bar fa-w-16 fa-2x\"><path fill=\"currentColor\" d=\"M396.8 352h22.4c6.4 0 12.8-6.4 12.8-12.8V108.8c0-6.4-6.4-12.8-12.8-12.8h-22.4c-6.4 0-12.8 6.4-12.8 12.8v230.4c0 6.4 6.4 12.8 12.8 12.8zm-192 0h22.4c6.4 0 12.8-6.4 12.8-12.8V140.8c0-6.4-6.4-12.8-12.8-12.8h-22.4c-6.4 0-12.8 6.4-12.8 12.8v198.4c0 6.4 6.4 12.8 12.8 12.8zm96 0h22.4c6.4 0 12.8-6.4 12.8-12.8V204.8c0-6.4-6.4-12.8-12.8-12.8h-22.4c-6.4 0-12.8 6.4-12.8 12.8v134.4c0 6.4 6.4 12.8 12.8 12.8zM496 400H48V80c0-8.84-7.16-16-16-16H16C7.16 64 0 71.16 0 80v336c0 17.67 14.33 32 32 32h464c8.84 0 16-7.16 16-16v-16c0-8.84-7.16-16-16-16zm-387.2-48h22.4c6.4 0 12.8-6.4 12.8-12.8v-70.4c0-6.4-6.4-12.8-12.8-12.8h-22.4c-6.4 0-12.8 6.4-12.8 12.8v70.4c0 6.4 6.4 12.8 12.8 12.8z\" class=\"\"><\/path><\/svg><\/i> <img loading=\"lazy\" decoding=\"async\" width=\"16\" height=\"16\" alt=\"Loading\" src=\"https:\/\/temucotelevision.cl\/web\/wp-content\/plugins\/page-views-count\/ajax-loader-2x.gif\" border=0 \/><\/p>\n<div class=\"pvc_clear\"><\/div>\n<p>El pasado mi\u00e9rcoles 8 de marzo, la C\u00e1mara de Diputados rechaz\u00f3 la idea de legislar el proyecto de ley de<\/p>\n","protected":false},"author":1,"featured_media":39373,"comment_status":"open","ping_status":"open","sticky":false,"template":"","format":"standard","meta":{"colormag_page_container_layout":"default_layout","colormag_page_sidebar_layout":"default_layout","footnotes":""},"categories":[84],"tags":[2382,958,2829,112,5477],"class_list":["post-39372","post","type-post","status-publish","format-standard","has-post-thumbnail","hentry","category-politica","tag-delegada","tag-parra","tag-rechazo","tag-reforma","tag-tributaria"],"a3_pvc":{"activated":true,"total_views":156,"today_views":0},"_links":{"self":[{"href":"https:\/\/temucotelevision.cl\/web\/wp-json\/wp\/v2\/posts\/39372","targetHints":{"allow":["GET"]}}],"collection":[{"href":"https:\/\/temucotelevision.cl\/web\/wp-json\/wp\/v2\/posts"}],"about":[{"href":"https:\/\/temucotelevision.cl\/web\/wp-json\/wp\/v2\/types\/post"}],"author":[{"embeddable":true,"href":"https:\/\/temucotelevision.cl\/web\/wp-json\/wp\/v2\/users\/1"}],"replies":[{"embeddable":true,"href":"https:\/\/temucotelevision.cl\/web\/wp-json\/wp\/v2\/comments?post=39372"}],"version-history":[{"count":1,"href":"https:\/\/temucotelevision.cl\/web\/wp-json\/wp\/v2\/posts\/39372\/revisions"}],"predecessor-version":[{"id":39374,"href":"https:\/\/temucotelevision.cl\/web\/wp-json\/wp\/v2\/posts\/39372\/revisions\/39374"}],"wp:featuredmedia":[{"embeddable":true,"href":"https:\/\/temucotelevision.cl\/web\/wp-json\/wp\/v2\/media\/39373"}],"wp:attachment":[{"href":"https:\/\/temucotelevision.cl\/web\/wp-json\/wp\/v2\/media?parent=39372"}],"wp:term":[{"taxonomy":"category","embeddable":true,"href":"https:\/\/temucotelevision.cl\/web\/wp-json\/wp\/v2\/categories?post=39372"},{"taxonomy":"post_tag","embeddable":true,"href":"https:\/\/temucotelevision.cl\/web\/wp-json\/wp\/v2\/tags?post=39372"}],"curies":[{"name":"wp","href":"https:\/\/api.w.org\/{rel}","templated":true}]}}