{"id":39369,"date":"2023-03-10T23:23:03","date_gmt":"2023-03-11T02:23:03","guid":{"rendered":"https:\/\/temucotelevision.cl\/web\/?p=39369"},"modified":"2023-03-10T23:23:04","modified_gmt":"2023-03-11T02:23:04","slug":"senadora-carmen-gloria-aravena-por-cambio-de-gabinete-ademas-de-un-cambio-de-elenco-se-requiere-un-cambio-de-mentalidad-de-quienes-estan-gobernando","status":"publish","type":"post","link":"https:\/\/temucotelevision.cl\/web\/2023\/03\/10\/senadora-carmen-gloria-aravena-por-cambio-de-gabinete-ademas-de-un-cambio-de-elenco-se-requiere-un-cambio-de-mentalidad-de-quienes-estan-gobernando\/","title":{"rendered":"Senadora Carmen Gloria Aravena por cambio de gabinete: &#8220;Adem\u00e1s de un cambio de elenco se requiere un cambio de mentalidad de quienes est\u00e1n gobernando"},"content":{"rendered":"<div class=\"pvc_clear\"><\/div><p id=\"pvc_stats_39369\" class=\"pvc_stats total_only  \" data-element-id=\"39369\" style=\"\"><i class=\"pvc-stats-icon large\" aria-hidden=\"true\"><svg aria-hidden=\"true\" focusable=\"false\" data-prefix=\"far\" data-icon=\"chart-bar\" role=\"img\" xmlns=\"http:\/\/www.w3.org\/2000\/svg\" viewBox=\"0 0 512 512\" class=\"svg-inline--fa fa-chart-bar fa-w-16 fa-2x\"><path fill=\"currentColor\" d=\"M396.8 352h22.4c6.4 0 12.8-6.4 12.8-12.8V108.8c0-6.4-6.4-12.8-12.8-12.8h-22.4c-6.4 0-12.8 6.4-12.8 12.8v230.4c0 6.4 6.4 12.8 12.8 12.8zm-192 0h22.4c6.4 0 12.8-6.4 12.8-12.8V140.8c0-6.4-6.4-12.8-12.8-12.8h-22.4c-6.4 0-12.8 6.4-12.8 12.8v198.4c0 6.4 6.4 12.8 12.8 12.8zm96 0h22.4c6.4 0 12.8-6.4 12.8-12.8V204.8c0-6.4-6.4-12.8-12.8-12.8h-22.4c-6.4 0-12.8 6.4-12.8 12.8v134.4c0 6.4 6.4 12.8 12.8 12.8zM496 400H48V80c0-8.84-7.16-16-16-16H16C7.16 64 0 71.16 0 80v336c0 17.67 14.33 32 32 32h464c8.84 0 16-7.16 16-16v-16c0-8.84-7.16-16-16-16zm-387.2-48h22.4c6.4 0 12.8-6.4 12.8-12.8v-70.4c0-6.4-6.4-12.8-12.8-12.8h-22.4c-6.4 0-12.8 6.4-12.8 12.8v70.4c0 6.4 6.4 12.8 12.8 12.8z\" class=\"\"><\/path><\/svg><\/i> <img loading=\"lazy\" decoding=\"async\" width=\"16\" height=\"16\" alt=\"Loading\" src=\"https:\/\/temucotelevision.cl\/web\/wp-content\/plugins\/page-views-count\/ajax-loader-2x.gif\" border=0 \/><\/p><div class=\"pvc_clear\"><\/div>\n<p>Tras un primer a\u00f1o marcado por el fracaso del gobierno en varios \u00e1mbitos, pero fundamentalmente en materia de seguridad p\u00fablica, este ajuste ministerial puede representar una oportunidad para el gobierno de iniciar un segundo a\u00f1o con nuevos brios y evitando cometer tantos errores no forzados.<\/p>\n\n\n\n<p>Ahora, el cambio de gabinete ser\u00e1 insuficiente si no hay un cambio de mentalidad sobre las ideas y formas en que el Ejecutivo y bloque oficialista est\u00e1n enfrentando las principales urgencias del pa\u00eds.<\/p>\n\n\n\n<p>Cuando el problema son las ideas que se promueven, la gesti\u00f3n ser\u00e1 igual de err\u00e1tica, y me da la impresi\u00f3n que este gobierno es una orquesta sin un director que le d\u00e9 las pautas y la conducci\u00f3n necesaria.<\/p>\n\n\n\n<p>Si me parece acertado que haya salido la Canciller, porque su situaci\u00f3n era insostenible tras diversos episodios que dejaron muy mal parado a Chile en sus relaciones internacionales.<\/p>\n\n\n\n<p>Espero que se inicie una nueva etapa y se enmiende el rumbo en pol\u00edtica exterior con un personero de mayor experiencia en esta materia como es Alberto van Klaveren.<\/p>\n\n\n\n<p>Llama la atenci\u00f3n que en el tema m\u00e1s cr\u00edtico para el pa\u00eds, como es el crimen organizado y el terrorismo, no haya ajustes. Llevamos un a\u00f1o y no existe ni se ha presentado una estrategia nacional para enfrentar esos flagelos.\u00a0<\/p>\n\n\n\n<p>Con este cambio se da por finalizada la instalaci\u00f3n del gobierno y este segundo a\u00f1o debe ser el de la ejecuci\u00f3n y respuestas eficientes a las urgencias de los chilenos.<\/p>\n","protected":false},"excerpt":{"rendered":"<div class=\"pvc_clear\"><\/div>\n<p id=\"pvc_stats_39369\" class=\"pvc_stats total_only  \" data-element-id=\"39369\" style=\"\"><i class=\"pvc-stats-icon large\" aria-hidden=\"true\"><svg aria-hidden=\"true\" focusable=\"false\" data-prefix=\"far\" data-icon=\"chart-bar\" role=\"img\" xmlns=\"http:\/\/www.w3.org\/2000\/svg\" viewBox=\"0 0 512 512\" class=\"svg-inline--fa fa-chart-bar fa-w-16 fa-2x\"><path fill=\"currentColor\" d=\"M396.8 352h22.4c6.4 0 12.8-6.4 12.8-12.8V108.8c0-6.4-6.4-12.8-12.8-12.8h-22.4c-6.4 0-12.8 6.4-12.8 12.8v230.4c0 6.4 6.4 12.8 12.8 12.8zm-192 0h22.4c6.4 0 12.8-6.4 12.8-12.8V140.8c0-6.4-6.4-12.8-12.8-12.8h-22.4c-6.4 0-12.8 6.4-12.8 12.8v198.4c0 6.4 6.4 12.8 12.8 12.8zm96 0h22.4c6.4 0 12.8-6.4 12.8-12.8V204.8c0-6.4-6.4-12.8-12.8-12.8h-22.4c-6.4 0-12.8 6.4-12.8 12.8v134.4c0 6.4 6.4 12.8 12.8 12.8zM496 400H48V80c0-8.84-7.16-16-16-16H16C7.16 64 0 71.16 0 80v336c0 17.67 14.33 32 32 32h464c8.84 0 16-7.16 16-16v-16c0-8.84-7.16-16-16-16zm-387.2-48h22.4c6.4 0 12.8-6.4 12.8-12.8v-70.4c0-6.4-6.4-12.8-12.8-12.8h-22.4c-6.4 0-12.8 6.4-12.8 12.8v70.4c0 6.4 6.4 12.8 12.8 12.8z\" class=\"\"><\/path><\/svg><\/i> <img loading=\"lazy\" decoding=\"async\" width=\"16\" height=\"16\" alt=\"Loading\" src=\"https:\/\/temucotelevision.cl\/web\/wp-content\/plugins\/page-views-count\/ajax-loader-2x.gif\" border=0 \/><\/p>\n<div class=\"pvc_clear\"><\/div>\n<p>Tras un primer a\u00f1o marcado por el fracaso del gobierno en varios \u00e1mbitos, pero fundamentalmente en materia de seguridad p\u00fablica,<\/p>\n","protected":false},"author":1,"featured_media":39370,"comment_status":"open","ping_status":"open","sticky":false,"template":"","format":"standard","meta":{"colormag_page_container_layout":"default_layout","colormag_page_sidebar_layout":"default_layout","footnotes":""},"categories":[84],"tags":[1748,206,2065],"class_list":["post-39369","post","type-post","status-publish","format-standard","has-post-thumbnail","hentry","category-politica","tag-gabinete","tag-gobierno","tag-senadora"],"a3_pvc":{"activated":true,"total_views":79,"today_views":0},"_links":{"self":[{"href":"https:\/\/temucotelevision.cl\/web\/wp-json\/wp\/v2\/posts\/39369","targetHints":{"allow":["GET"]}}],"collection":[{"href":"https:\/\/temucotelevision.cl\/web\/wp-json\/wp\/v2\/posts"}],"about":[{"href":"https:\/\/temucotelevision.cl\/web\/wp-json\/wp\/v2\/types\/post"}],"author":[{"embeddable":true,"href":"https:\/\/temucotelevision.cl\/web\/wp-json\/wp\/v2\/users\/1"}],"replies":[{"embeddable":true,"href":"https:\/\/temucotelevision.cl\/web\/wp-json\/wp\/v2\/comments?post=39369"}],"version-history":[{"count":1,"href":"https:\/\/temucotelevision.cl\/web\/wp-json\/wp\/v2\/posts\/39369\/revisions"}],"predecessor-version":[{"id":39371,"href":"https:\/\/temucotelevision.cl\/web\/wp-json\/wp\/v2\/posts\/39369\/revisions\/39371"}],"wp:featuredmedia":[{"embeddable":true,"href":"https:\/\/temucotelevision.cl\/web\/wp-json\/wp\/v2\/media\/39370"}],"wp:attachment":[{"href":"https:\/\/temucotelevision.cl\/web\/wp-json\/wp\/v2\/media?parent=39369"}],"wp:term":[{"taxonomy":"category","embeddable":true,"href":"https:\/\/temucotelevision.cl\/web\/wp-json\/wp\/v2\/categories?post=39369"},{"taxonomy":"post_tag","embeddable":true,"href":"https:\/\/temucotelevision.cl\/web\/wp-json\/wp\/v2\/tags?post=39369"}],"curies":[{"name":"wp","href":"https:\/\/api.w.org\/{rel}","templated":true}]}}