{"id":39359,"date":"2023-03-10T21:00:16","date_gmt":"2023-03-11T00:00:16","guid":{"rendered":"https:\/\/temucotelevision.cl\/web\/?p=39359"},"modified":"2023-03-10T21:00:17","modified_gmt":"2023-03-11T00:00:17","slug":"heroes-del-ring-confirma-dos-nuevos-invitados-internacionales-para-sus-jornadas-en-santiago-y-valparaiso","status":"publish","type":"post","link":"https:\/\/temucotelevision.cl\/web\/2023\/03\/10\/heroes-del-ring-confirma-dos-nuevos-invitados-internacionales-para-sus-jornadas-en-santiago-y-valparaiso\/","title":{"rendered":"\u2018H\u00e9roes del Ring\u2019 confirma dos nuevos invitados internacionales para sus jornadas en Santiago y Valpara\u00edso"},"content":{"rendered":"<div class=\"pvc_clear\"><\/div><p id=\"pvc_stats_39359\" class=\"pvc_stats total_only  \" data-element-id=\"39359\" style=\"\"><i class=\"pvc-stats-icon large\" aria-hidden=\"true\"><svg aria-hidden=\"true\" focusable=\"false\" data-prefix=\"far\" data-icon=\"chart-bar\" role=\"img\" xmlns=\"http:\/\/www.w3.org\/2000\/svg\" viewBox=\"0 0 512 512\" class=\"svg-inline--fa fa-chart-bar fa-w-16 fa-2x\"><path fill=\"currentColor\" d=\"M396.8 352h22.4c6.4 0 12.8-6.4 12.8-12.8V108.8c0-6.4-6.4-12.8-12.8-12.8h-22.4c-6.4 0-12.8 6.4-12.8 12.8v230.4c0 6.4 6.4 12.8 12.8 12.8zm-192 0h22.4c6.4 0 12.8-6.4 12.8-12.8V140.8c0-6.4-6.4-12.8-12.8-12.8h-22.4c-6.4 0-12.8 6.4-12.8 12.8v198.4c0 6.4 6.4 12.8 12.8 12.8zm96 0h22.4c6.4 0 12.8-6.4 12.8-12.8V204.8c0-6.4-6.4-12.8-12.8-12.8h-22.4c-6.4 0-12.8 6.4-12.8 12.8v134.4c0 6.4 6.4 12.8 12.8 12.8zM496 400H48V80c0-8.84-7.16-16-16-16H16C7.16 64 0 71.16 0 80v336c0 17.67 14.33 32 32 32h464c8.84 0 16-7.16 16-16v-16c0-8.84-7.16-16-16-16zm-387.2-48h22.4c6.4 0 12.8-6.4 12.8-12.8v-70.4c0-6.4-6.4-12.8-12.8-12.8h-22.4c-6.4 0-12.8 6.4-12.8 12.8v70.4c0 6.4 6.4 12.8 12.8 12.8z\" class=\"\"><\/path><\/svg><\/i> <img loading=\"lazy\" decoding=\"async\" width=\"16\" height=\"16\" alt=\"Loading\" src=\"https:\/\/temucotelevision.cl\/web\/wp-content\/plugins\/page-views-count\/ajax-loader-2x.gif\" border=0 \/><\/p><div class=\"pvc_clear\"><\/div>\n<p class=\"has-medium-font-size\"><strong>Bandido y El Villano ser\u00e1n parte del regreso de la lucha libre a la televisi\u00f3n chilena<\/strong>.<\/p>\n\n\n\n<p>Despu\u00e9s de 40 a\u00f1os, la lucha libre chilena volver\u00e1 a la televisi\u00f3n con las dos jornadas de \u2018H\u00e9roes del Ring\u2019, a realizarse los d\u00edas&nbsp;<strong>s\u00e1bado 25 y domingo 26 de marzo, en el Gimnasio Fort\u00edn Prat de Valpara\u00edso y el Polideportivo de \u00d1u\u00f1oa<\/strong>. Ambos espect\u00e1culos ser\u00e1n transmitidos a trav\u00e9s de TNT Sports, trayendo a la popular disciplina de vuelta a las pantallas tras el fin de los recordados \u2018Titanes del Ring\u2019 en 1982, en donde se inici\u00f3 la afici\u00f3n a estos enfrentamientos a nivel local.<\/p>\n\n\n\n<p>Siendo un evento tan importante para la lucha libre local, tambi\u00e9n se contar\u00e1 con la presencia de importantes figuras internacionales, quienes disputar\u00e1n el primer t\u00edtulo mundial de esta compa\u00f1\u00eda, como son<strong>&nbsp;Bandido y El Villano<\/strong>, quienes se suman a la ya confirmada&nbsp;<strong>Natalia Markova<\/strong>, adem\u00e1s de un destacado elenco de estrellas chilenas, parte de una escena que no ha hecho m\u00e1s que crecer en a\u00f1os recientes.&nbsp;&nbsp;&nbsp;&nbsp;&nbsp;&nbsp;&nbsp;&nbsp;&nbsp;&nbsp;<\/p>\n\n\n\n<p>Con apenas 27 a\u00f1os,&nbsp;<strong>Bandido<\/strong>&nbsp;es considerado actualmente uno de los nombres m\u00e1s importantes de la Lucha Libre independiente mexicana, dado su particular estilo y sus impresionantes movimientos a\u00e9reos, con los que siempre logra sorprender a su p\u00fablico.&nbsp;<strong>AAA y The Crash<\/strong>&nbsp;son algunas de las empresas de su pa\u00eds en donde ha destacado, adem\u00e1s de haber participado en&nbsp;<strong>Ring of Honor (Estados Unidos) y New Japan Pro Wrestling (Jap\u00f3n)<\/strong>, enfrent\u00e1ndose a algunos de los luchadores m\u00e1s importantes a nivel mundial.<\/p>\n\n\n\n<p>Desde el otro lado del atl\u00e1ntico,&nbsp;<strong>El Villano<\/strong>, nacido como&nbsp;<strong>Marty Scrull<\/strong>, cuenta ya con 15 a\u00f1os de trayectoria en los cuadril\u00e1teros, destacando su enfrentamiento en el Madison Square Garden, la llamada<strong>&nbsp;\u201carena m\u00e1s famosa del mundo\u201d<\/strong>, en donde compiti\u00f3 por e<strong>l Campeonato Mundial de Ring of Honor ante m\u00e1s de 16.000 personas<\/strong>, evento que fue considerado la mejor lucha de 2019. Con una vestimenta inspirada en los m\u00e9dicos de plagas de la Europa del siglo XVI, el oriundo de Liverpool, Inglaterra, logra impresionar desde el primer momento en que aparece ante su p\u00fablico, convirti\u00e9ndose en uno de los nombres m\u00e1s destacados en la disciplina moderna dada su brutalidad aplicada contra sus oponentes.<\/p>\n\n\n\n<p>Para vivir una experiencia a\u00fan m\u00e1s completa, la jornada contar\u00e1 con los relatos de&nbsp;<strong>Hugo Savinovich y Carlos Cabrera<\/strong>, dos de las voces m\u00e1s importantes en el mercado latinoamericano de la lucha libre.<\/p>\n\n\n\n<p>Las entradas para ambos d\u00edas ya est\u00e1n disponibles a trav\u00e9s del sistema\u00a0<a rel=\"noreferrer noopener\" href=\"https:\/\/trackercl1.fidelizador.com\/L107FAB3EGE1B6483EHC4B9B5JF1C3A37E70K107FAB3E94023D87C4F65FEE8B&amp;t=5251\" target=\"_blank\">Passline<\/a>.\u00a0<\/p>\n\n\n\n<p class=\"has-medium-font-size\"><strong>M\u00e1s informaci\u00f3n en\u00a0<a rel=\"noreferrer noopener\" href=\"http:\/\/heroesdelring.cl\/\" target=\"_blank\">heroesdelring.cl<\/a>.<\/strong><\/p>\n\n\n\n<figure class=\"wp-block-image size-large is-resized\"><img loading=\"lazy\" decoding=\"async\" src=\"https:\/\/temucotelevision.cl\/web\/wp-content\/uploads\/2023\/03\/image-3-1024x1024.png\" alt=\"\" class=\"wp-image-39360\" width=\"591\" height=\"591\" srcset=\"https:\/\/temucotelevision.cl\/web\/wp-content\/uploads\/2023\/03\/image-3-1024x1024.png 1024w, https:\/\/temucotelevision.cl\/web\/wp-content\/uploads\/2023\/03\/image-3-1000x1000.png 1000w, https:\/\/temucotelevision.cl\/web\/wp-content\/uploads\/2023\/03\/image-3-768x768.png 768w, https:\/\/temucotelevision.cl\/web\/wp-content\/uploads\/2023\/03\/image-3.png 1080w\" sizes=\"auto, (max-width: 591px) 100vw, 591px\" \/><\/figure>\n","protected":false},"excerpt":{"rendered":"<div class=\"pvc_clear\"><\/div>\n<p id=\"pvc_stats_39359\" class=\"pvc_stats total_only  \" data-element-id=\"39359\" style=\"\"><i class=\"pvc-stats-icon large\" aria-hidden=\"true\"><svg aria-hidden=\"true\" focusable=\"false\" data-prefix=\"far\" data-icon=\"chart-bar\" role=\"img\" xmlns=\"http:\/\/www.w3.org\/2000\/svg\" viewBox=\"0 0 512 512\" class=\"svg-inline--fa fa-chart-bar fa-w-16 fa-2x\"><path fill=\"currentColor\" d=\"M396.8 352h22.4c6.4 0 12.8-6.4 12.8-12.8V108.8c0-6.4-6.4-12.8-12.8-12.8h-22.4c-6.4 0-12.8 6.4-12.8 12.8v230.4c0 6.4 6.4 12.8 12.8 12.8zm-192 0h22.4c6.4 0 12.8-6.4 12.8-12.8V140.8c0-6.4-6.4-12.8-12.8-12.8h-22.4c-6.4 0-12.8 6.4-12.8 12.8v198.4c0 6.4 6.4 12.8 12.8 12.8zm96 0h22.4c6.4 0 12.8-6.4 12.8-12.8V204.8c0-6.4-6.4-12.8-12.8-12.8h-22.4c-6.4 0-12.8 6.4-12.8 12.8v134.4c0 6.4 6.4 12.8 12.8 12.8zM496 400H48V80c0-8.84-7.16-16-16-16H16C7.16 64 0 71.16 0 80v336c0 17.67 14.33 32 32 32h464c8.84 0 16-7.16 16-16v-16c0-8.84-7.16-16-16-16zm-387.2-48h22.4c6.4 0 12.8-6.4 12.8-12.8v-70.4c0-6.4-6.4-12.8-12.8-12.8h-22.4c-6.4 0-12.8 6.4-12.8 12.8v70.4c0 6.4 6.4 12.8 12.8 12.8z\" class=\"\"><\/path><\/svg><\/i> <img loading=\"lazy\" decoding=\"async\" width=\"16\" height=\"16\" alt=\"Loading\" src=\"https:\/\/temucotelevision.cl\/web\/wp-content\/plugins\/page-views-count\/ajax-loader-2x.gif\" border=0 \/><\/p>\n<div class=\"pvc_clear\"><\/div>\n<p>Bandido y El Villano ser\u00e1n parte del regreso de la lucha libre a la televisi\u00f3n chilena. Despu\u00e9s de 40 a\u00f1os,<\/p>\n","protected":false},"author":1,"featured_media":39361,"comment_status":"open","ping_status":"open","sticky":false,"template":"","format":"standard","meta":{"colormag_page_container_layout":"default_layout","colormag_page_sidebar_layout":"default_layout","footnotes":""},"categories":[86],"tags":[],"class_list":["post-39359","post","type-post","status-publish","format-standard","has-post-thumbnail","hentry","category-panoramas"],"a3_pvc":{"activated":true,"total_views":69,"today_views":0},"_links":{"self":[{"href":"https:\/\/temucotelevision.cl\/web\/wp-json\/wp\/v2\/posts\/39359","targetHints":{"allow":["GET"]}}],"collection":[{"href":"https:\/\/temucotelevision.cl\/web\/wp-json\/wp\/v2\/posts"}],"about":[{"href":"https:\/\/temucotelevision.cl\/web\/wp-json\/wp\/v2\/types\/post"}],"author":[{"embeddable":true,"href":"https:\/\/temucotelevision.cl\/web\/wp-json\/wp\/v2\/users\/1"}],"replies":[{"embeddable":true,"href":"https:\/\/temucotelevision.cl\/web\/wp-json\/wp\/v2\/comments?post=39359"}],"version-history":[{"count":3,"href":"https:\/\/temucotelevision.cl\/web\/wp-json\/wp\/v2\/posts\/39359\/revisions"}],"predecessor-version":[{"id":39364,"href":"https:\/\/temucotelevision.cl\/web\/wp-json\/wp\/v2\/posts\/39359\/revisions\/39364"}],"wp:featuredmedia":[{"embeddable":true,"href":"https:\/\/temucotelevision.cl\/web\/wp-json\/wp\/v2\/media\/39361"}],"wp:attachment":[{"href":"https:\/\/temucotelevision.cl\/web\/wp-json\/wp\/v2\/media?parent=39359"}],"wp:term":[{"taxonomy":"category","embeddable":true,"href":"https:\/\/temucotelevision.cl\/web\/wp-json\/wp\/v2\/categories?post=39359"},{"taxonomy":"post_tag","embeddable":true,"href":"https:\/\/temucotelevision.cl\/web\/wp-json\/wp\/v2\/tags?post=39359"}],"curies":[{"name":"wp","href":"https:\/\/api.w.org\/{rel}","templated":true}]}}