{"id":39354,"date":"2023-03-10T18:55:33","date_gmt":"2023-03-10T21:55:33","guid":{"rendered":"https:\/\/temucotelevision.cl\/web\/?p=39354"},"modified":"2023-03-10T18:55:35","modified_gmt":"2023-03-10T21:55:35","slug":"damas-gratis-viene-a-celebrar-a-san-pablo-en-grande","status":"publish","type":"post","link":"https:\/\/temucotelevision.cl\/web\/2023\/03\/10\/damas-gratis-viene-a-celebrar-a-san-pablo-en-grande\/","title":{"rendered":"Damas Gratis viene a celebrar a &#8220;San Pablo&#8221; en grande"},"content":{"rendered":"<div class=\"pvc_clear\"><\/div><p id=\"pvc_stats_39354\" class=\"pvc_stats total_only  \" data-element-id=\"39354\" style=\"\"><i class=\"pvc-stats-icon large\" aria-hidden=\"true\"><svg aria-hidden=\"true\" focusable=\"false\" data-prefix=\"far\" data-icon=\"chart-bar\" role=\"img\" xmlns=\"http:\/\/www.w3.org\/2000\/svg\" viewBox=\"0 0 512 512\" class=\"svg-inline--fa fa-chart-bar fa-w-16 fa-2x\"><path fill=\"currentColor\" d=\"M396.8 352h22.4c6.4 0 12.8-6.4 12.8-12.8V108.8c0-6.4-6.4-12.8-12.8-12.8h-22.4c-6.4 0-12.8 6.4-12.8 12.8v230.4c0 6.4 6.4 12.8 12.8 12.8zm-192 0h22.4c6.4 0 12.8-6.4 12.8-12.8V140.8c0-6.4-6.4-12.8-12.8-12.8h-22.4c-6.4 0-12.8 6.4-12.8 12.8v198.4c0 6.4 6.4 12.8 12.8 12.8zm96 0h22.4c6.4 0 12.8-6.4 12.8-12.8V204.8c0-6.4-6.4-12.8-12.8-12.8h-22.4c-6.4 0-12.8 6.4-12.8 12.8v134.4c0 6.4 6.4 12.8 12.8 12.8zM496 400H48V80c0-8.84-7.16-16-16-16H16C7.16 64 0 71.16 0 80v336c0 17.67 14.33 32 32 32h464c8.84 0 16-7.16 16-16v-16c0-8.84-7.16-16-16-16zm-387.2-48h22.4c6.4 0 12.8-6.4 12.8-12.8v-70.4c0-6.4-6.4-12.8-12.8-12.8h-22.4c-6.4 0-12.8 6.4-12.8 12.8v70.4c0 6.4 6.4 12.8 12.8 12.8z\" class=\"\"><\/path><\/svg><\/i> <img loading=\"lazy\" decoding=\"async\" width=\"16\" height=\"16\" alt=\"Loading\" src=\"https:\/\/temucotelevision.cl\/web\/wp-content\/plugins\/page-views-count\/ajax-loader-2x.gif\" border=0 \/><\/p><div class=\"pvc_clear\"><\/div>\n<p class=\"has-medium-font-size\"><strong>La Llama regresa este 2023 con el &#8220;n\u00famero uno de la cumbia&#8221; Pablo Lescano, acompa\u00f1ado esta vez de Ke Personajes y La Delio Valdez, las m\u00e1s\u00a0esperadas agrupaciones del \u00faltimo tiempo en Chile.<\/strong><\/p>\n\n\n\n<p><strong>\u201cSi en Argentina cada a\u00f1o se organiza un gran show en el Luna Park para celebrar el cumplea\u00f1os de Pablo, en Chile el pr\u00f3ximo le celebraremos el santo\u201d<\/strong>. Con esta premisa, la nueva versi\u00f3n del festival latino de m\u00fasica popular\u00a0<strong>La Llama<\/strong>\u00a0<strong>anuncia su edici\u00f3n 2023<\/strong>. Para esta nueva versi\u00f3n, la fecha elegida es el 26 de junio, d\u00eda decretado feriado por San Pablo. Pablo Sebasti\u00e1n Lescano, l\u00edder y fundador de la agrupaci\u00f3n argentina de cumbia m\u00e1s importante del continente, tendr\u00e1 su gran fiesta de celebraci\u00f3n con un show larga duraci\u00f3n, en el que el combo de cumbia desplegar\u00e1 lo mejor de su ya hist\u00f3rico repertorio junto a cada nuevo hit que ha ido publicando en el \u00faltimo a\u00f1o. Este es el \u00fanico evento en Chile en que\u00a0<strong>Damas Gratis<\/strong>\u00a0presenta un full show.<\/p>\n\n\n\n<p>La ya tradicional cita de m\u00fasica latinoamericana contar\u00e1 este a\u00f1o en Santiago con un cartel de ensue\u00f1o para los amantes de la cumbia y el baile. Adem\u00e1s de los anfitriones, este 2023 La Llama concreta el esperad\u00edsimo debut en nuestro pa\u00eds de\u00a0<strong>KE PERSONAJES<\/strong>, joven agrupaci\u00f3n de cumbia trasandina que est\u00e1 alcanzando un inusitado \u00e9xito del otro lado de la cordillera, y que en Chile ya cuenta con una gran cantidad de seguidores, cautivados por el ritmo y la voz de su cantante Emanuel Noir. Oriundos de Concepci\u00f3n del Uruguay, provincia de Entre Rios, Ke Personajes es un cuarteto que tiene 7 a\u00f1os de mete\u00f3rica carrera, saltando del barrio a los grandes escenarios. Se form\u00f3 oficialmente, seg\u00fan ha relatado el propio Noir, en una fiesta, casi de casualidad: alguien vio que Seba Boffelli (uno de los integrantes) sub\u00eda videos a su canal de YouTube, le gust\u00f3 lo que hac\u00edan (de manera informal en ese momento) y los invit\u00f3 a tocar frente a p\u00fablico en un evento privado. Gustaron a la gente y lo dem\u00e1s ya es historia.<\/p>\n\n\n\n<p>En diciembre pasado agotaron un Luna Park en Buenos Aires. Cientos de millones de reproducciones en las distintas plataformas digitales dan cuenta del boom en que se han convertido.<\/p>\n\n\n\n<p>Tambi\u00e9n ser\u00e1 el momento para que una de las orquestas de m\u00fasica popular mas populares del Sudam\u00e9rica debute en un escenario de gran alcance en Santiago. Nos referimos a la\u00a0<strong>ORQUESTA DELIO VALDEZ<\/strong>, el grupo que en pocos a\u00f1os conquist\u00f3 Argentina con su propuesta.<\/p>\n\n\n\n<p>La Delio Valdez (LDV) es una orquesta de cumbia nacida en Buenos Aires, en el a\u00f1o 2009. Se trata de una cooperativa de m\u00fasicos que viene desarrollando una propuesta propia a partir de este ritmo que surca Latinoam\u00e9rica, como una lengua com\u00fan en clave musical propia de la regi\u00f3n. Tienen seis discos editados, siendo \u201cEl Tiempo y la Serenata\u201d su \u00faltimo disco de estudio y el que los llev\u00f3 a la masividad. Este disco obtuvo el premio Gardel al mejor \u00e1lbum m\u00fasica tropical en 2022 y les permiti\u00f3 presentarlo por Argentina, Chile, Uruguay, Brasil y M\u00e9xico, y el que los llev\u00f3 a agotar tres Luna Park de forma consecutiva. En nuestro pa\u00eds ya llenaron el Club Chocolate en 2022.<\/p>\n\n\n\n<p>Se sumar\u00e1 tambi\u00e9n un artista invitado nacional que se informar\u00e1 pr\u00f3ximamente.<\/p>\n\n\n\n<p class=\"has-medium-font-size\">Las entradas est\u00e1n a la venta en Puntoticket.com: <a href=\"https:\/\/www.puntoticket.com\/evento\/festival-la-llama-movistar-arena-2023\">Puntoticket<\/a><\/p>\n\n\n\n<p class=\"has-text-align-center has-medium-font-size\"><strong>LA LLAMA<br>Encuentro latino de m\u00fasica popular 2023<\/strong><\/p>\n\n\n\n<p class=\"has-text-align-center has-medium-font-size\"><strong>DAMAS GRATIS<br>La Delio Valdez<br>Ke Personajes<\/strong><\/p>\n\n\n\n<p><\/p>\n\n\n\n<figure class=\"wp-block-image size-large\"><img loading=\"lazy\" decoding=\"async\" width=\"576\" height=\"1024\" src=\"https:\/\/temucotelevision.cl\/web\/wp-content\/uploads\/2023\/03\/image-2-576x1024.png\" alt=\"\" class=\"wp-image-39355\" srcset=\"https:\/\/temucotelevision.cl\/web\/wp-content\/uploads\/2023\/03\/image-2-576x1024.png 576w, https:\/\/temucotelevision.cl\/web\/wp-content\/uploads\/2023\/03\/image-2-768x1365.png 768w, https:\/\/temucotelevision.cl\/web\/wp-content\/uploads\/2023\/03\/image-2-864x1536.png 864w, https:\/\/temucotelevision.cl\/web\/wp-content\/uploads\/2023\/03\/image-2.png 1080w\" sizes=\"auto, (max-width: 576px) 100vw, 576px\" \/><\/figure>\n\n\n\n<p><\/p>\n","protected":false},"excerpt":{"rendered":"<div class=\"pvc_clear\"><\/div>\n<p id=\"pvc_stats_39354\" class=\"pvc_stats total_only  \" data-element-id=\"39354\" style=\"\"><i class=\"pvc-stats-icon large\" aria-hidden=\"true\"><svg aria-hidden=\"true\" focusable=\"false\" data-prefix=\"far\" data-icon=\"chart-bar\" role=\"img\" xmlns=\"http:\/\/www.w3.org\/2000\/svg\" viewBox=\"0 0 512 512\" class=\"svg-inline--fa fa-chart-bar fa-w-16 fa-2x\"><path fill=\"currentColor\" d=\"M396.8 352h22.4c6.4 0 12.8-6.4 12.8-12.8V108.8c0-6.4-6.4-12.8-12.8-12.8h-22.4c-6.4 0-12.8 6.4-12.8 12.8v230.4c0 6.4 6.4 12.8 12.8 12.8zm-192 0h22.4c6.4 0 12.8-6.4 12.8-12.8V140.8c0-6.4-6.4-12.8-12.8-12.8h-22.4c-6.4 0-12.8 6.4-12.8 12.8v198.4c0 6.4 6.4 12.8 12.8 12.8zm96 0h22.4c6.4 0 12.8-6.4 12.8-12.8V204.8c0-6.4-6.4-12.8-12.8-12.8h-22.4c-6.4 0-12.8 6.4-12.8 12.8v134.4c0 6.4 6.4 12.8 12.8 12.8zM496 400H48V80c0-8.84-7.16-16-16-16H16C7.16 64 0 71.16 0 80v336c0 17.67 14.33 32 32 32h464c8.84 0 16-7.16 16-16v-16c0-8.84-7.16-16-16-16zm-387.2-48h22.4c6.4 0 12.8-6.4 12.8-12.8v-70.4c0-6.4-6.4-12.8-12.8-12.8h-22.4c-6.4 0-12.8 6.4-12.8 12.8v70.4c0 6.4 6.4 12.8 12.8 12.8z\" class=\"\"><\/path><\/svg><\/i> <img loading=\"lazy\" decoding=\"async\" width=\"16\" height=\"16\" alt=\"Loading\" src=\"https:\/\/temucotelevision.cl\/web\/wp-content\/plugins\/page-views-count\/ajax-loader-2x.gif\" border=0 \/><\/p>\n<div class=\"pvc_clear\"><\/div>\n<p>La Llama regresa este 2023 con el &#8220;n\u00famero uno de la cumbia&#8221; Pablo Lescano, acompa\u00f1ado esta vez de Ke Personajes<\/p>\n","protected":false},"author":1,"featured_media":39356,"comment_status":"open","ping_status":"open","sticky":false,"template":"","format":"standard","meta":{"colormag_page_container_layout":"default_layout","colormag_page_sidebar_layout":"default_layout","footnotes":""},"categories":[369],"tags":[],"class_list":["post-39354","post","type-post","status-publish","format-standard","has-post-thumbnail","hentry","category-musica"],"a3_pvc":{"activated":true,"total_views":441,"today_views":0},"_links":{"self":[{"href":"https:\/\/temucotelevision.cl\/web\/wp-json\/wp\/v2\/posts\/39354","targetHints":{"allow":["GET"]}}],"collection":[{"href":"https:\/\/temucotelevision.cl\/web\/wp-json\/wp\/v2\/posts"}],"about":[{"href":"https:\/\/temucotelevision.cl\/web\/wp-json\/wp\/v2\/types\/post"}],"author":[{"embeddable":true,"href":"https:\/\/temucotelevision.cl\/web\/wp-json\/wp\/v2\/users\/1"}],"replies":[{"embeddable":true,"href":"https:\/\/temucotelevision.cl\/web\/wp-json\/wp\/v2\/comments?post=39354"}],"version-history":[{"count":2,"href":"https:\/\/temucotelevision.cl\/web\/wp-json\/wp\/v2\/posts\/39354\/revisions"}],"predecessor-version":[{"id":39358,"href":"https:\/\/temucotelevision.cl\/web\/wp-json\/wp\/v2\/posts\/39354\/revisions\/39358"}],"wp:featuredmedia":[{"embeddable":true,"href":"https:\/\/temucotelevision.cl\/web\/wp-json\/wp\/v2\/media\/39356"}],"wp:attachment":[{"href":"https:\/\/temucotelevision.cl\/web\/wp-json\/wp\/v2\/media?parent=39354"}],"wp:term":[{"taxonomy":"category","embeddable":true,"href":"https:\/\/temucotelevision.cl\/web\/wp-json\/wp\/v2\/categories?post=39354"},{"taxonomy":"post_tag","embeddable":true,"href":"https:\/\/temucotelevision.cl\/web\/wp-json\/wp\/v2\/tags?post=39354"}],"curies":[{"name":"wp","href":"https:\/\/api.w.org\/{rel}","templated":true}]}}