{"id":39352,"date":"2023-03-10T14:51:31","date_gmt":"2023-03-10T17:51:31","guid":{"rendered":"https:\/\/temucotelevision.cl\/web\/?p=39352"},"modified":"2023-03-10T14:51:33","modified_gmt":"2023-03-10T17:51:33","slug":"pdi-angol-detiene-a-conductor-de-furgon-escolar-por-abuso-sexual","status":"publish","type":"post","link":"https:\/\/temucotelevision.cl\/web\/2023\/03\/10\/pdi-angol-detiene-a-conductor-de-furgon-escolar-por-abuso-sexual\/","title":{"rendered":"PDI Angol detiene a conductor de furg\u00f3n escolar por abuso sexual"},"content":{"rendered":"<div class=\"pvc_clear\"><\/div><p id=\"pvc_stats_39352\" class=\"pvc_stats total_only  \" data-element-id=\"39352\" style=\"\"><i class=\"pvc-stats-icon large\" aria-hidden=\"true\"><svg aria-hidden=\"true\" focusable=\"false\" data-prefix=\"far\" data-icon=\"chart-bar\" role=\"img\" xmlns=\"http:\/\/www.w3.org\/2000\/svg\" viewBox=\"0 0 512 512\" class=\"svg-inline--fa fa-chart-bar fa-w-16 fa-2x\"><path fill=\"currentColor\" d=\"M396.8 352h22.4c6.4 0 12.8-6.4 12.8-12.8V108.8c0-6.4-6.4-12.8-12.8-12.8h-22.4c-6.4 0-12.8 6.4-12.8 12.8v230.4c0 6.4 6.4 12.8 12.8 12.8zm-192 0h22.4c6.4 0 12.8-6.4 12.8-12.8V140.8c0-6.4-6.4-12.8-12.8-12.8h-22.4c-6.4 0-12.8 6.4-12.8 12.8v198.4c0 6.4 6.4 12.8 12.8 12.8zm96 0h22.4c6.4 0 12.8-6.4 12.8-12.8V204.8c0-6.4-6.4-12.8-12.8-12.8h-22.4c-6.4 0-12.8 6.4-12.8 12.8v134.4c0 6.4 6.4 12.8 12.8 12.8zM496 400H48V80c0-8.84-7.16-16-16-16H16C7.16 64 0 71.16 0 80v336c0 17.67 14.33 32 32 32h464c8.84 0 16-7.16 16-16v-16c0-8.84-7.16-16-16-16zm-387.2-48h22.4c6.4 0 12.8-6.4 12.8-12.8v-70.4c0-6.4-6.4-12.8-12.8-12.8h-22.4c-6.4 0-12.8 6.4-12.8 12.8v70.4c0 6.4 6.4 12.8 12.8 12.8z\" class=\"\"><\/path><\/svg><\/i> <img loading=\"lazy\" decoding=\"async\" width=\"16\" height=\"16\" alt=\"Loading\" src=\"https:\/\/temucotelevision.cl\/web\/wp-content\/plugins\/page-views-count\/ajax-loader-2x.gif\" border=0 \/><\/p><div class=\"pvc_clear\"><\/div>\n<p>Detectives de la Brigada&nbsp;de Investigaci\u00f3n Criminal (Bicrim) Angol, detuvieron a un hombre \u2013de 54 a\u00f1os, con antecedentes policiales por hurto y desacato-acusado de ser autor del delito de abuso sexual de mayor de 14 a\u00f1os, en contra de una adolescente que era trasladada en el furg\u00f3n escolar que el imputado conduc\u00eda.<\/p>\n\n\n\n<p>Seg\u00fan indic\u00f3 el jefe de la&nbsp;Bicrim&nbsp;Angol, subprefecto&nbsp;Gabriel Medrano,&nbsp;\u201cpersonal de turno de esta&nbsp;unidadcurs\u00f3&nbsp;una&nbsp;denuncia por el delito de abuso sexual de mayor de 14 a\u00f1os,&nbsp;por parte de una adolescente, de 16 a\u00f1os, quien se\u00f1al\u00f3 haber sido&nbsp;v\u00edctima de&nbsp;tocaciones&nbsp;por parte del conductor del furg\u00f3n escolar que la traslada diariamente desde su domicilio hasta su lugar de estudios\u201d.<\/p>\n\n\n\n<p>Tras la denuncia, y realizadas las primeras diligencias,los detectives establecieron la&nbsp;identidad del imputado, trat\u00e1ndose de&nbsp;un hombre identificado con las iniciales&nbsp;J.A.A.H. de 54 a\u00f1os, quien&nbsp;fue detenido en su domicilio en situaci\u00f3n de flagrancia.&nbsp;<\/p>\n\n\n\n<p>Por instrucci\u00f3n de la Fiscal\u00eda, el detenido pas\u00f3 a control de detenci\u00f3n en el Juzgado de Garant\u00eda de Angol durante la ma\u00f1ana de hoy -10 de marzo- donde fue dejado en libertad, decret\u00e1ndose la medida cautelar de prohibici\u00f3n de acercarse a la v\u00edctima y se estableci\u00f3 un plazo de investigaci\u00f3n de tres meses.<\/p>\n","protected":false},"excerpt":{"rendered":"<div class=\"pvc_clear\"><\/div>\n<p id=\"pvc_stats_39352\" class=\"pvc_stats total_only  \" data-element-id=\"39352\" style=\"\"><i class=\"pvc-stats-icon large\" aria-hidden=\"true\"><svg aria-hidden=\"true\" focusable=\"false\" data-prefix=\"far\" data-icon=\"chart-bar\" role=\"img\" xmlns=\"http:\/\/www.w3.org\/2000\/svg\" viewBox=\"0 0 512 512\" class=\"svg-inline--fa fa-chart-bar fa-w-16 fa-2x\"><path fill=\"currentColor\" d=\"M396.8 352h22.4c6.4 0 12.8-6.4 12.8-12.8V108.8c0-6.4-6.4-12.8-12.8-12.8h-22.4c-6.4 0-12.8 6.4-12.8 12.8v230.4c0 6.4 6.4 12.8 12.8 12.8zm-192 0h22.4c6.4 0 12.8-6.4 12.8-12.8V140.8c0-6.4-6.4-12.8-12.8-12.8h-22.4c-6.4 0-12.8 6.4-12.8 12.8v198.4c0 6.4 6.4 12.8 12.8 12.8zm96 0h22.4c6.4 0 12.8-6.4 12.8-12.8V204.8c0-6.4-6.4-12.8-12.8-12.8h-22.4c-6.4 0-12.8 6.4-12.8 12.8v134.4c0 6.4 6.4 12.8 12.8 12.8zM496 400H48V80c0-8.84-7.16-16-16-16H16C7.16 64 0 71.16 0 80v336c0 17.67 14.33 32 32 32h464c8.84 0 16-7.16 16-16v-16c0-8.84-7.16-16-16-16zm-387.2-48h22.4c6.4 0 12.8-6.4 12.8-12.8v-70.4c0-6.4-6.4-12.8-12.8-12.8h-22.4c-6.4 0-12.8 6.4-12.8 12.8v70.4c0 6.4 6.4 12.8 12.8 12.8z\" class=\"\"><\/path><\/svg><\/i> <img loading=\"lazy\" decoding=\"async\" width=\"16\" height=\"16\" alt=\"Loading\" src=\"https:\/\/temucotelevision.cl\/web\/wp-content\/plugins\/page-views-count\/ajax-loader-2x.gif\" border=0 \/><\/p>\n<div class=\"pvc_clear\"><\/div>\n<p>Detectives de la Brigada&nbsp;de Investigaci\u00f3n Criminal (Bicrim) Angol, detuvieron a un hombre \u2013de 54 a\u00f1os, con antecedentes policiales por hurto<\/p>\n","protected":false},"author":1,"featured_media":27589,"comment_status":"open","ping_status":"open","sticky":false,"template":"","format":"standard","meta":{"colormag_page_container_layout":"default_layout","colormag_page_sidebar_layout":"default_layout","footnotes":""},"categories":[15,16],"tags":[1222,1526,76],"class_list":["post-39352","post","type-post","status-publish","format-standard","has-post-thumbnail","hentry","category-la-araucania","category-policial","tag-conductor","tag-furgon","tag-pdi"],"a3_pvc":{"activated":true,"total_views":69,"today_views":0},"_links":{"self":[{"href":"https:\/\/temucotelevision.cl\/web\/wp-json\/wp\/v2\/posts\/39352","targetHints":{"allow":["GET"]}}],"collection":[{"href":"https:\/\/temucotelevision.cl\/web\/wp-json\/wp\/v2\/posts"}],"about":[{"href":"https:\/\/temucotelevision.cl\/web\/wp-json\/wp\/v2\/types\/post"}],"author":[{"embeddable":true,"href":"https:\/\/temucotelevision.cl\/web\/wp-json\/wp\/v2\/users\/1"}],"replies":[{"embeddable":true,"href":"https:\/\/temucotelevision.cl\/web\/wp-json\/wp\/v2\/comments?post=39352"}],"version-history":[{"count":1,"href":"https:\/\/temucotelevision.cl\/web\/wp-json\/wp\/v2\/posts\/39352\/revisions"}],"predecessor-version":[{"id":39353,"href":"https:\/\/temucotelevision.cl\/web\/wp-json\/wp\/v2\/posts\/39352\/revisions\/39353"}],"wp:featuredmedia":[{"embeddable":true,"href":"https:\/\/temucotelevision.cl\/web\/wp-json\/wp\/v2\/media\/27589"}],"wp:attachment":[{"href":"https:\/\/temucotelevision.cl\/web\/wp-json\/wp\/v2\/media?parent=39352"}],"wp:term":[{"taxonomy":"category","embeddable":true,"href":"https:\/\/temucotelevision.cl\/web\/wp-json\/wp\/v2\/categories?post=39352"},{"taxonomy":"post_tag","embeddable":true,"href":"https:\/\/temucotelevision.cl\/web\/wp-json\/wp\/v2\/tags?post=39352"}],"curies":[{"name":"wp","href":"https:\/\/api.w.org\/{rel}","templated":true}]}}