{"id":39348,"date":"2023-03-10T14:05:10","date_gmt":"2023-03-10T17:05:10","guid":{"rendered":"https:\/\/temucotelevision.cl\/web\/?p=39348"},"modified":"2023-03-10T14:05:11","modified_gmt":"2023-03-10T17:05:11","slug":"municipalidad-de-temuco-despues-de-30-anos-se-concreta-demolicion-de-fabrica-rendel","status":"publish","type":"post","link":"https:\/\/temucotelevision.cl\/web\/2023\/03\/10\/municipalidad-de-temuco-despues-de-30-anos-se-concreta-demolicion-de-fabrica-rendel\/","title":{"rendered":"Municipalidad de Temuco: Despu\u00e9s de 30 a\u00f1os se concreta demolici\u00f3n de f\u00e1brica Rendel\u00a0"},"content":{"rendered":"<div class=\"pvc_clear\"><\/div><p id=\"pvc_stats_39348\" class=\"pvc_stats total_only  \" data-element-id=\"39348\" style=\"\"><i class=\"pvc-stats-icon large\" aria-hidden=\"true\"><svg aria-hidden=\"true\" focusable=\"false\" data-prefix=\"far\" data-icon=\"chart-bar\" role=\"img\" xmlns=\"http:\/\/www.w3.org\/2000\/svg\" viewBox=\"0 0 512 512\" class=\"svg-inline--fa fa-chart-bar fa-w-16 fa-2x\"><path fill=\"currentColor\" d=\"M396.8 352h22.4c6.4 0 12.8-6.4 12.8-12.8V108.8c0-6.4-6.4-12.8-12.8-12.8h-22.4c-6.4 0-12.8 6.4-12.8 12.8v230.4c0 6.4 6.4 12.8 12.8 12.8zm-192 0h22.4c6.4 0 12.8-6.4 12.8-12.8V140.8c0-6.4-6.4-12.8-12.8-12.8h-22.4c-6.4 0-12.8 6.4-12.8 12.8v198.4c0 6.4 6.4 12.8 12.8 12.8zm96 0h22.4c6.4 0 12.8-6.4 12.8-12.8V204.8c0-6.4-6.4-12.8-12.8-12.8h-22.4c-6.4 0-12.8 6.4-12.8 12.8v134.4c0 6.4 6.4 12.8 12.8 12.8zM496 400H48V80c0-8.84-7.16-16-16-16H16C7.16 64 0 71.16 0 80v336c0 17.67 14.33 32 32 32h464c8.84 0 16-7.16 16-16v-16c0-8.84-7.16-16-16-16zm-387.2-48h22.4c6.4 0 12.8-6.4 12.8-12.8v-70.4c0-6.4-6.4-12.8-12.8-12.8h-22.4c-6.4 0-12.8 6.4-12.8 12.8v70.4c0 6.4 6.4 12.8 12.8 12.8z\" class=\"\"><\/path><\/svg><\/i> <img loading=\"lazy\" decoding=\"async\" width=\"16\" height=\"16\" alt=\"Loading\" src=\"https:\/\/temucotelevision.cl\/web\/wp-content\/plugins\/page-views-count\/ajax-loader-2x.gif\" border=0 \/><\/p><div class=\"pvc_clear\"><\/div>\n<p>Uno de los principales focos de la actual administraci\u00f3n municipal, a cargo de Roberto Neira, es la seguridad, y es en esta l\u00ednea que la Direcci\u00f3n de Seguridad P\u00fablica ha construido un catastro de sitios inseguros y en conjunto con la direcci\u00f3n jur\u00eddica del municipio se encuentran trabajando en dar soluci\u00f3n a estos espacios, los que, por a\u00f1os, incluso, d\u00e9cadas han provocado problemas de ruidos molestos, inseguridad e incivilidades a sus vecinos.<\/p>\n\n\n\n<p>A trav\u00e9s de un levantamiento georreferenciado por medio de una App la municipalidad ha catastrado 354 sitios en la ciudad.<\/p>\n\n\n\n<p>El alcalde Roberto Neira explic\u00f3 que la demolici\u00f3n del edificio que acogi\u00f3 a la f\u00e1brica Rendel fue posible gracias a una serie de acciones que realiz\u00f3 la municipalidad, en marzo de 2021, se declar\u00f3 \u201cpropiedad abandonada\u201d la edificaci\u00f3n, en febrero de 2022, se emite un informe delictual por Carabineros de Chile, y en marzo del mismo a\u00f1o se emite informe de propiedad abandonada por el Encargado de Operaciones Preventivas, dependiente de la Direcci\u00f3n de Seguridad P\u00fablica de la Municipalidad de Temuco; Durante el mismo mes se emite un informe que recomienda la demolici\u00f3n por parte de la Direcci\u00f3n de Obras de la Municipalidad de Temuco, posteriormente se decreta la demolici\u00f3n, debiendo notificarse a los propietarios a fin de otorgarles un plazo para que hagan presente lo que estimen necesario o demuelan a su costa.<\/p>\n\n\n\n<p>El proceso contemplo diligencias que permitieran encontrar la direcci\u00f3n de los propietarios, esto es, a trav\u00e9s de Carabineros de Chile, SII, etc., a fin de notificar personalmente a los due\u00f1os y evitar posteriores acciones tendientes a anular este acto, por tratarse de una materia compleja y de alto monto, reci\u00e9n en diciembre del 2022 se logra encontrar informaci\u00f3n respecto del propietario en la Notar\u00eda y Conservador de Bienes Ra\u00edces de Tolt\u00e9n, y en enero de 2023 se notifica al propietario y con esto en febrero se inicia proceso licitatorio para la demolici\u00f3n, en marzo se inician obras por parte del propietario, por lo que el proceso de licitaci\u00f3n iniciado por el municipio queda sin efecto.<\/p>\n\n\n\n<p>El alcalde preciso que la Municipalidad a trav\u00e9s de sus direcciones jur\u00eddica y de seguridad p\u00fablica tiene el catastro de los puntos inseguros y en este proceso de avanzar en la recuperaci\u00f3n de estos espacios tomados es vital la cooperaci\u00f3n de los due\u00f1os, \u201cnosotros no tenemos facultad sobre la propiedad privada por lo que tenemos que hacer el trabajo directo con los due\u00f1os, los que muchas veces son sociedades hereditarias, que no son f\u00e1ciles de ubicar, porque sus socios no viven en nuestra ciudad. Sin el apoyo de los due\u00f1os tenemos que hacer una gran tramitaci\u00f3n, para eso trabajamos con Carabineros, PDI y con otras instituciones del Estado, nosotros no podemos entrar a una propiedad privada sin autorizaci\u00f3n y sin que la ley nos ampare\u2026 seguiremos con este proceso de recuperaci\u00f3n de espacios que son privados, pero deben cumplir con las condiciones de entregar seguridad a los vecinos y en esto venimos trabajando hace ya un a\u00f1o y medio y pretendemos reforzar esta l\u00ednea de acci\u00f3n\u201d, indic\u00f3.<\/p>\n\n\n\n<p>La F\u00e1brica Rendel, es parte de la memoria colectiva de los vecinos del sector, quienes crecieron conociendo sus productos, pero tras el termino de sus operaciones fue poco a poco, convirti\u00e9ndose en un espacio peligroso. Amada Moncada, presidenta de la JJ.VV 27A de San Antonio, agradeci\u00f3 la&nbsp;<\/p>\n\n\n\n<p>gesti\u00f3n del municipio agregando que hoy recuperaban la sensaci\u00f3n de seguridad despu\u00e9s de m\u00e1s de 30 a\u00f1os, \u201cle agradezco al alcalde Roberto Neira, porque cuando \u00e9l fue concejal trabajo con nosotros, vino acompa\u00f1arnos y recorri\u00f3 junto a nosotros la l\u00ednea del tren y conoci\u00f3 todos los problemas que ten\u00edamos en el lugar y nos prometi\u00f3 apoyo y hoy podemos dormir tranquilos\u201d, precis\u00f3.<\/p>\n\n\n\n<p>Los puntos inseguros en Temuco como la Fabrica Rendel hoy est\u00e1n identificados a trav\u00e9s de un levantamiento georreferenciado por medio de una app, se han catastrado 354 sitios, el 26% en el Macrosector Pedro de Valdivia destacando los sitios eriazos, 66 edificaciones abandonadas, 25 de ellas en el sector centro (38%) y 15 en el sector poniente (23%), las edificaciones con \u201cOkupas\u201d son 12 en la actualidad, 3 en el centro, 3 en Pedro de Valdivia, 4 en el sector poniente y 2 en Pueblo Nuevo.<\/p>\n\n\n\n<p>El alcalde Neira ha logrado decretar la demolici\u00f3n del local ex Costa 21 y de la ex F\u00e1brica Rendel y de la misma manera, actualmente, se est\u00e1 procediendo con una propiedad en el barrio poniente, buscando traspasar las costas por la v\u00eda judicial a los due\u00f1os de estos inmuebles privados que se convierten en un problema p\u00fablico.<\/p>\n\n\n\n<figure class=\"wp-block-image size-large\"><img loading=\"lazy\" decoding=\"async\" width=\"1024\" height=\"682\" src=\"https:\/\/temucotelevision.cl\/web\/wp-content\/uploads\/2023\/03\/Fabrica-1024x682.jpeg\" alt=\"\" class=\"wp-image-39350\" srcset=\"https:\/\/temucotelevision.cl\/web\/wp-content\/uploads\/2023\/03\/Fabrica-1024x682.jpeg 1024w, https:\/\/temucotelevision.cl\/web\/wp-content\/uploads\/2023\/03\/Fabrica-768x512.jpeg 768w, https:\/\/temucotelevision.cl\/web\/wp-content\/uploads\/2023\/03\/Fabrica-1536x1023.jpeg 1536w, https:\/\/temucotelevision.cl\/web\/wp-content\/uploads\/2023\/03\/Fabrica.jpeg 1600w\" sizes=\"auto, (max-width: 1024px) 100vw, 1024px\" \/><\/figure>\n","protected":false},"excerpt":{"rendered":"<div class=\"pvc_clear\"><\/div>\n<p id=\"pvc_stats_39348\" class=\"pvc_stats total_only  \" data-element-id=\"39348\" style=\"\"><i class=\"pvc-stats-icon large\" aria-hidden=\"true\"><svg aria-hidden=\"true\" focusable=\"false\" data-prefix=\"far\" data-icon=\"chart-bar\" role=\"img\" xmlns=\"http:\/\/www.w3.org\/2000\/svg\" viewBox=\"0 0 512 512\" class=\"svg-inline--fa fa-chart-bar fa-w-16 fa-2x\"><path fill=\"currentColor\" d=\"M396.8 352h22.4c6.4 0 12.8-6.4 12.8-12.8V108.8c0-6.4-6.4-12.8-12.8-12.8h-22.4c-6.4 0-12.8 6.4-12.8 12.8v230.4c0 6.4 6.4 12.8 12.8 12.8zm-192 0h22.4c6.4 0 12.8-6.4 12.8-12.8V140.8c0-6.4-6.4-12.8-12.8-12.8h-22.4c-6.4 0-12.8 6.4-12.8 12.8v198.4c0 6.4 6.4 12.8 12.8 12.8zm96 0h22.4c6.4 0 12.8-6.4 12.8-12.8V204.8c0-6.4-6.4-12.8-12.8-12.8h-22.4c-6.4 0-12.8 6.4-12.8 12.8v134.4c0 6.4 6.4 12.8 12.8 12.8zM496 400H48V80c0-8.84-7.16-16-16-16H16C7.16 64 0 71.16 0 80v336c0 17.67 14.33 32 32 32h464c8.84 0 16-7.16 16-16v-16c0-8.84-7.16-16-16-16zm-387.2-48h22.4c6.4 0 12.8-6.4 12.8-12.8v-70.4c0-6.4-6.4-12.8-12.8-12.8h-22.4c-6.4 0-12.8 6.4-12.8 12.8v70.4c0 6.4 6.4 12.8 12.8 12.8z\" class=\"\"><\/path><\/svg><\/i> <img loading=\"lazy\" decoding=\"async\" width=\"16\" height=\"16\" alt=\"Loading\" src=\"https:\/\/temucotelevision.cl\/web\/wp-content\/plugins\/page-views-count\/ajax-loader-2x.gif\" border=0 \/><\/p>\n<div class=\"pvc_clear\"><\/div>\n<p>Uno de los principales focos de la actual administraci\u00f3n municipal, a cargo de Roberto Neira, es la seguridad, y es<\/p>\n","protected":false},"author":1,"featured_media":39349,"comment_status":"open","ping_status":"open","sticky":false,"template":"","format":"standard","meta":{"colormag_page_container_layout":"default_layout","colormag_page_sidebar_layout":"default_layout","footnotes":""},"categories":[15],"tags":[5250,5883,591,6250],"class_list":["post-39348","post","type-post","status-publish","format-standard","has-post-thumbnail","hentry","category-la-araucania","tag-demolicion","tag-fabrica","tag-municipio","tag-rendel"],"a3_pvc":{"activated":true,"total_views":203,"today_views":0},"_links":{"self":[{"href":"https:\/\/temucotelevision.cl\/web\/wp-json\/wp\/v2\/posts\/39348","targetHints":{"allow":["GET"]}}],"collection":[{"href":"https:\/\/temucotelevision.cl\/web\/wp-json\/wp\/v2\/posts"}],"about":[{"href":"https:\/\/temucotelevision.cl\/web\/wp-json\/wp\/v2\/types\/post"}],"author":[{"embeddable":true,"href":"https:\/\/temucotelevision.cl\/web\/wp-json\/wp\/v2\/users\/1"}],"replies":[{"embeddable":true,"href":"https:\/\/temucotelevision.cl\/web\/wp-json\/wp\/v2\/comments?post=39348"}],"version-history":[{"count":1,"href":"https:\/\/temucotelevision.cl\/web\/wp-json\/wp\/v2\/posts\/39348\/revisions"}],"predecessor-version":[{"id":39351,"href":"https:\/\/temucotelevision.cl\/web\/wp-json\/wp\/v2\/posts\/39348\/revisions\/39351"}],"wp:featuredmedia":[{"embeddable":true,"href":"https:\/\/temucotelevision.cl\/web\/wp-json\/wp\/v2\/media\/39349"}],"wp:attachment":[{"href":"https:\/\/temucotelevision.cl\/web\/wp-json\/wp\/v2\/media?parent=39348"}],"wp:term":[{"taxonomy":"category","embeddable":true,"href":"https:\/\/temucotelevision.cl\/web\/wp-json\/wp\/v2\/categories?post=39348"},{"taxonomy":"post_tag","embeddable":true,"href":"https:\/\/temucotelevision.cl\/web\/wp-json\/wp\/v2\/tags?post=39348"}],"curies":[{"name":"wp","href":"https:\/\/api.w.org\/{rel}","templated":true}]}}