{"id":39345,"date":"2023-03-10T13:58:20","date_gmt":"2023-03-10T16:58:20","guid":{"rendered":"https:\/\/temucotelevision.cl\/web\/?p=39345"},"modified":"2023-03-10T13:58:21","modified_gmt":"2023-03-10T16:58:21","slug":"los-riesgos-en-ciber-seguridad-que-marcaran-el-2023","status":"publish","type":"post","link":"https:\/\/temucotelevision.cl\/web\/2023\/03\/10\/los-riesgos-en-ciber-seguridad-que-marcaran-el-2023\/","title":{"rendered":"Los riesgos en ciber seguridad que marcar\u00e1n el 2023"},"content":{"rendered":"<div class=\"pvc_clear\"><\/div><p id=\"pvc_stats_39345\" class=\"pvc_stats total_only  \" data-element-id=\"39345\" style=\"\"><i class=\"pvc-stats-icon large\" aria-hidden=\"true\"><svg aria-hidden=\"true\" focusable=\"false\" data-prefix=\"far\" data-icon=\"chart-bar\" role=\"img\" xmlns=\"http:\/\/www.w3.org\/2000\/svg\" viewBox=\"0 0 512 512\" class=\"svg-inline--fa fa-chart-bar fa-w-16 fa-2x\"><path fill=\"currentColor\" d=\"M396.8 352h22.4c6.4 0 12.8-6.4 12.8-12.8V108.8c0-6.4-6.4-12.8-12.8-12.8h-22.4c-6.4 0-12.8 6.4-12.8 12.8v230.4c0 6.4 6.4 12.8 12.8 12.8zm-192 0h22.4c6.4 0 12.8-6.4 12.8-12.8V140.8c0-6.4-6.4-12.8-12.8-12.8h-22.4c-6.4 0-12.8 6.4-12.8 12.8v198.4c0 6.4 6.4 12.8 12.8 12.8zm96 0h22.4c6.4 0 12.8-6.4 12.8-12.8V204.8c0-6.4-6.4-12.8-12.8-12.8h-22.4c-6.4 0-12.8 6.4-12.8 12.8v134.4c0 6.4 6.4 12.8 12.8 12.8zM496 400H48V80c0-8.84-7.16-16-16-16H16C7.16 64 0 71.16 0 80v336c0 17.67 14.33 32 32 32h464c8.84 0 16-7.16 16-16v-16c0-8.84-7.16-16-16-16zm-387.2-48h22.4c6.4 0 12.8-6.4 12.8-12.8v-70.4c0-6.4-6.4-12.8-12.8-12.8h-22.4c-6.4 0-12.8 6.4-12.8 12.8v70.4c0 6.4 6.4 12.8 12.8 12.8z\" class=\"\"><\/path><\/svg><\/i> <img loading=\"lazy\" decoding=\"async\" width=\"16\" height=\"16\" alt=\"Loading\" src=\"https:\/\/temucotelevision.cl\/web\/wp-content\/plugins\/page-views-count\/ajax-loader-2x.gif\" border=0 \/><\/p><div class=\"pvc_clear\"><\/div>\n<ul class=\"wp-block-list\"><li><strong>El entorno geopol\u00edtico y la falta de experiencia dentro de instituciones estatales son algunos de los riesgos que David Alfaro, CEO de Arkavia Networks, identifica para este a\u00f1o.&nbsp;<\/strong><\/li><\/ul>\n\n\n\n<p>El a\u00f1o pasado fuimos testigos de c\u00f3mo instituciones como el Poder Judicial, el Estado Mayor Conjunto o el Sernac fueron v\u00edctimas de ciberataques. Las vulneraciones, como en otras partes del mundo, dejaron en evidencia lo expuestos que est\u00e1n ciudadanos y organismos a ser v\u00edctimas de este tipo de arremetidas.&nbsp;<\/p>\n\n\n\n<p>El a\u00f1o que comienza trae consigo una serie de riesgos en este \u00e1mbito. David Alfaro, CEO de Arkavia Networks, detalla los que, a su juicio, son los principales escenarios y peligros a los que hay que poner atenci\u00f3n.<\/p>\n\n\n\n<ul class=\"wp-block-list\"><li><strong>El entorno geopol\u00edtico:<\/strong>&nbsp;El aumento de los conflictos y las fricciones a nivel internacional han significado un aumento en los ciberataques.&nbsp;&nbsp;Es probable que, de mantenerse la tendencia, los intentos de sustraer informaci\u00f3n o inhabilitar ciertas plataformas sigan al alza.&nbsp;&nbsp;Despu\u00e9s de todo, y teniendo en cuenta lo que ha ocurrido con la guerra en Europa, ha quedado en evidencia que este tipo de ataques se han convertido, desde hace algunos a\u00f1os, en una nueva manera de hacer la guerra.&nbsp;<\/li><li><strong>Las tendencias econ\u00f3micas a nivel global:<\/strong>&nbsp;La incertidumbre econ\u00f3mica parece ser un escenario propicio para el aumento de los riesgos de ciberseguridad, sobre todo para las Startups o empresas m\u00e1s peque\u00f1as y personas comunes. Es perfectamente posible imaginar eventualidades en las que, ante la desesperaci\u00f3n por falta de liquidez u otro tipo de problemas, las compa\u00f1\u00edas puedan terminar accediendo a plataformas que las vulneran o las exponen a vulneraciones.&nbsp;&nbsp;Lo mismo para personas v\u00edctimas de nuevos mecanismos de estafa y robos digitales.<\/li><li><strong>Instituciones del Estado sin conocimiento suficiente:<\/strong>&nbsp;&nbsp;Los ataques que han sufrido algunas instituciones del Estado en numerosos pa\u00edses han dejado en evidencia el atraso en el que muchos de ellos se encuentran con respecto a la ciberseguridad.&nbsp;&nbsp;Es fundamental, por tanto, que tomen conciencia de aquello y que sean capaces de atraer talento y capacitarlo constantemente.&nbsp;<\/li><li><strong>Infraestructura cr\u00edtica:<\/strong>&nbsp;La infraestructura cr\u00edtica de un pa\u00eds se hace cargo, principalmente, de asegurar los servicios esenciales para la poblaci\u00f3n. Es por esto que este tipo de infraestructura necesita, sobre todo, especial atenci\u00f3n.&nbsp;&nbsp;Es aqu\u00ed donde los estados deben poner sus esfuerzos m\u00e1s profundos.&nbsp;<\/li><li><strong>Regulaciones:<\/strong>&nbsp;Muchas veces, las regulaciones de los pa\u00edses no est\u00e1n bien adaptadas para que las compa\u00f1\u00edas de ciberseguridad puedan hacer su trabajo de la mejor manera posible. Un posible desaf\u00edo para este a\u00f1o es avanzar en despejar el camino para que la ciberseguridad \u2014que se ha vuelto fundamental, tal como la seguridad p\u00fablica\u2014 pueda fortificarse.&nbsp;<\/li><li><strong>Escasez de profesionales:<\/strong>&nbsp;Tanto el mundo p\u00fablico como en el privado \u2014en muchas partes del mundo\u2014 hay una escasez de profesionales dedicados a la ciberseguridad.&nbsp;&nbsp;Una de las tareas en las que se debe avanzar es en promover las \u00e1reas de estudio ligadas a ella.&nbsp;&nbsp;Adicionalmente, las instituciones educacionales de todo tipo debieran formar en lo b\u00e1sico sobre esta materia.&nbsp;&nbsp;Al menos para aportar con las nociones elementales para no ser una v\u00edctima desinformada.<\/li><\/ul>\n","protected":false},"excerpt":{"rendered":"<div class=\"pvc_clear\"><\/div>\n<p id=\"pvc_stats_39345\" class=\"pvc_stats total_only  \" data-element-id=\"39345\" style=\"\"><i class=\"pvc-stats-icon large\" aria-hidden=\"true\"><svg aria-hidden=\"true\" focusable=\"false\" data-prefix=\"far\" data-icon=\"chart-bar\" role=\"img\" xmlns=\"http:\/\/www.w3.org\/2000\/svg\" viewBox=\"0 0 512 512\" class=\"svg-inline--fa fa-chart-bar fa-w-16 fa-2x\"><path fill=\"currentColor\" d=\"M396.8 352h22.4c6.4 0 12.8-6.4 12.8-12.8V108.8c0-6.4-6.4-12.8-12.8-12.8h-22.4c-6.4 0-12.8 6.4-12.8 12.8v230.4c0 6.4 6.4 12.8 12.8 12.8zm-192 0h22.4c6.4 0 12.8-6.4 12.8-12.8V140.8c0-6.4-6.4-12.8-12.8-12.8h-22.4c-6.4 0-12.8 6.4-12.8 12.8v198.4c0 6.4 6.4 12.8 12.8 12.8zm96 0h22.4c6.4 0 12.8-6.4 12.8-12.8V204.8c0-6.4-6.4-12.8-12.8-12.8h-22.4c-6.4 0-12.8 6.4-12.8 12.8v134.4c0 6.4 6.4 12.8 12.8 12.8zM496 400H48V80c0-8.84-7.16-16-16-16H16C7.16 64 0 71.16 0 80v336c0 17.67 14.33 32 32 32h464c8.84 0 16-7.16 16-16v-16c0-8.84-7.16-16-16-16zm-387.2-48h22.4c6.4 0 12.8-6.4 12.8-12.8v-70.4c0-6.4-6.4-12.8-12.8-12.8h-22.4c-6.4 0-12.8 6.4-12.8 12.8v70.4c0 6.4 6.4 12.8 12.8 12.8z\" class=\"\"><\/path><\/svg><\/i> <img loading=\"lazy\" decoding=\"async\" width=\"16\" height=\"16\" alt=\"Loading\" src=\"https:\/\/temucotelevision.cl\/web\/wp-content\/plugins\/page-views-count\/ajax-loader-2x.gif\" border=0 \/><\/p>\n<div class=\"pvc_clear\"><\/div>\n<p>El entorno geopol\u00edtico y la falta de experiencia dentro de instituciones estatales son algunos de los riesgos que David Alfaro,<\/p>\n","protected":false},"author":1,"featured_media":39346,"comment_status":"open","ping_status":"open","sticky":false,"template":"","format":"standard","meta":{"colormag_page_container_layout":"default_layout","colormag_page_sidebar_layout":"default_layout","footnotes":""},"categories":[101,14],"tags":[6249,3054,1329,2134],"class_list":["post-39345","post","type-post","status-publish","format-standard","has-post-thumbnail","hentry","category-actualidad","category-temuco","tag-ceo","tag-ciberseguridad","tag-internet","tag-online"],"a3_pvc":{"activated":true,"total_views":76,"today_views":0},"_links":{"self":[{"href":"https:\/\/temucotelevision.cl\/web\/wp-json\/wp\/v2\/posts\/39345","targetHints":{"allow":["GET"]}}],"collection":[{"href":"https:\/\/temucotelevision.cl\/web\/wp-json\/wp\/v2\/posts"}],"about":[{"href":"https:\/\/temucotelevision.cl\/web\/wp-json\/wp\/v2\/types\/post"}],"author":[{"embeddable":true,"href":"https:\/\/temucotelevision.cl\/web\/wp-json\/wp\/v2\/users\/1"}],"replies":[{"embeddable":true,"href":"https:\/\/temucotelevision.cl\/web\/wp-json\/wp\/v2\/comments?post=39345"}],"version-history":[{"count":1,"href":"https:\/\/temucotelevision.cl\/web\/wp-json\/wp\/v2\/posts\/39345\/revisions"}],"predecessor-version":[{"id":39347,"href":"https:\/\/temucotelevision.cl\/web\/wp-json\/wp\/v2\/posts\/39345\/revisions\/39347"}],"wp:featuredmedia":[{"embeddable":true,"href":"https:\/\/temucotelevision.cl\/web\/wp-json\/wp\/v2\/media\/39346"}],"wp:attachment":[{"href":"https:\/\/temucotelevision.cl\/web\/wp-json\/wp\/v2\/media?parent=39345"}],"wp:term":[{"taxonomy":"category","embeddable":true,"href":"https:\/\/temucotelevision.cl\/web\/wp-json\/wp\/v2\/categories?post=39345"},{"taxonomy":"post_tag","embeddable":true,"href":"https:\/\/temucotelevision.cl\/web\/wp-json\/wp\/v2\/tags?post=39345"}],"curies":[{"name":"wp","href":"https:\/\/api.w.org\/{rel}","templated":true}]}}