{"id":39087,"date":"2023-03-02T01:13:00","date_gmt":"2023-03-02T04:13:00","guid":{"rendered":"https:\/\/temucotelevision.cl\/web\/?p=39087"},"modified":"2023-03-02T01:13:01","modified_gmt":"2023-03-02T04:13:01","slug":"debutan-en-chile-este-4-de-marzo-en-el-teatro-cariola-lagos-suena-con-no-se-acaba-hasta-que-acabe-junto-a-reik","status":"publish","type":"post","link":"https:\/\/temucotelevision.cl\/web\/2023\/03\/02\/debutan-en-chile-este-4-de-marzo-en-el-teatro-cariola-lagos-suena-con-no-se-acaba-hasta-que-acabe-junto-a-reik\/","title":{"rendered":"Debutan en Chile este 4 de marzo en el\u00a0Teatro Cariola: Lagos suena con &#8220;No se acaba hasta que acabe&#8221; junto a Reik"},"content":{"rendered":"<div class=\"pvc_clear\"><\/div><p id=\"pvc_stats_39087\" class=\"pvc_stats total_only  \" data-element-id=\"39087\" style=\"\"><i class=\"pvc-stats-icon large\" aria-hidden=\"true\"><svg aria-hidden=\"true\" focusable=\"false\" data-prefix=\"far\" data-icon=\"chart-bar\" role=\"img\" xmlns=\"http:\/\/www.w3.org\/2000\/svg\" viewBox=\"0 0 512 512\" class=\"svg-inline--fa fa-chart-bar fa-w-16 fa-2x\"><path fill=\"currentColor\" d=\"M396.8 352h22.4c6.4 0 12.8-6.4 12.8-12.8V108.8c0-6.4-6.4-12.8-12.8-12.8h-22.4c-6.4 0-12.8 6.4-12.8 12.8v230.4c0 6.4 6.4 12.8 12.8 12.8zm-192 0h22.4c6.4 0 12.8-6.4 12.8-12.8V140.8c0-6.4-6.4-12.8-12.8-12.8h-22.4c-6.4 0-12.8 6.4-12.8 12.8v198.4c0 6.4 6.4 12.8 12.8 12.8zm96 0h22.4c6.4 0 12.8-6.4 12.8-12.8V204.8c0-6.4-6.4-12.8-12.8-12.8h-22.4c-6.4 0-12.8 6.4-12.8 12.8v134.4c0 6.4 6.4 12.8 12.8 12.8zM496 400H48V80c0-8.84-7.16-16-16-16H16C7.16 64 0 71.16 0 80v336c0 17.67 14.33 32 32 32h464c8.84 0 16-7.16 16-16v-16c0-8.84-7.16-16-16-16zm-387.2-48h22.4c6.4 0 12.8-6.4 12.8-12.8v-70.4c0-6.4-6.4-12.8-12.8-12.8h-22.4c-6.4 0-12.8 6.4-12.8 12.8v70.4c0 6.4 6.4 12.8 12.8 12.8z\" class=\"\"><\/path><\/svg><\/i> <img loading=\"lazy\" decoding=\"async\" width=\"16\" height=\"16\" alt=\"Loading\" src=\"https:\/\/temucotelevision.cl\/web\/wp-content\/plugins\/page-views-count\/ajax-loader-2x.gif\" border=0 \/><\/p><div class=\"pvc_clear\"><\/div>\n<p class=\"wp-block-paragraph\"><strong><em>Su sencillo \u201cNo se acaba hasta que acabe\u201d es una balada que habla de mantener la esperanza hasta el final<\/em><\/strong><\/p>\n\n\n\n<p class=\"wp-block-paragraph\"><strong><em>El grupo venezolano se presenta el 04 marzo en el Teatro Cariola, dentro de la gira que los\u00a0llev\u00f3 por varias ciudades en Estados Unidos y que ahora contin\u00faa en Latinoam\u00e9rica.<\/em><\/strong><\/p>\n\n\n\n<iframe loading=\"lazy\" width=\"560\" height=\"315\" src=\"https:\/\/www.youtube.com\/embed\/Y56kSisec1Q\" title=\"YouTube video player\" frameborder=\"0\" allow=\"accelerometer; autoplay; clipboard-write; encrypted-media; gyroscope; picture-in-picture; web-share\" allowfullscreen><\/iframe>\n\n\n\n<p class=\"wp-block-paragraph\">El exitoso d\u00fao&nbsp;<strong>LAGOS<\/strong>, estren\u00f3 su nuevo sencillo \u201c<strong>NO SE ACABA HASTA QUE ACABE<\/strong>\u201d junto al grupo mexicano de pop&nbsp;<strong>REIK<\/strong>. Producido y escrito por LAGOS, junto a la compositora Elena Rose, el tema es una balada que habla de mantener la esperanza hasta el final, incluso cuando est\u00e1 perdida.<\/p>\n\n\n\n<p class=\"wp-block-paragraph\">\u201c<em>La colaboraci\u00f3n con Reik se dio porque paralelamente que estuvimos trabajando con ellos, para sus canciones, nosotros ten\u00edamos esta que hab\u00edamos escrito junto a Elena Rose<\/em>\u201d comenta LAGOS. \u201c<em>Se nos ocurri\u00f3 mostr\u00e1rsela y les encant\u00f3. Les propusimos hacerla con nosotros y ah\u00ed mismo grabamos la voz y fluy\u00f3<\/em>\u201d, comentaron.<\/p>\n\n\n\n<p class=\"wp-block-paragraph\">El videoclip, dirigido por Gaby Noya, fue grabado en tres ciudades distintas por la ubicaci\u00f3n de LAGOS y Reik; y el registro trata de una relaci\u00f3n que se niega a morir, que se niega a darse por vencida. En cuanto a sus sonidos, \u201cNo se acaba hasta que&nbsp; acabe\u201d es la primera canci\u00f3n de LAGOS, compuesta por Luis Jim\u00e9nez y Agust\u00edn Zubillaga, que tiene un solo de guitarra, muy estilo&nbsp;<em>Coldplay<\/em>, experimentando otras cosas nuevas como el&nbsp;<em>delay<\/em>&nbsp;en la bater\u00eda al estilo&nbsp;<em>Lenny Kravitz<\/em>, muy de los 90, con influencias de&nbsp;<em>John Mayer<\/em>&nbsp;y&nbsp;<em>The 1975<\/em>.<\/p>\n\n\n\n<p class=\"wp-block-paragraph\">Los artistas no solo son admirados por su talento como d\u00fao, sino que tambi\u00e9n son reconocidos m\u00fasicos y productores de la industria que cuentan con m\u00e1s de 10 a\u00f1os de trayectoria en ese rubro, trabajando con populares artistas como Danna Paola, Paty Cant\u00fa, Maite Perroni y Lasso, entre muchos otros.<\/p>\n\n\n\n<p class=\"wp-block-paragraph\">LAGOS termin\u00f3 su gira con&nbsp;<strong>Danny Ocean<\/strong>&nbsp;por Estados Unidos, con paradas en Houston, Chicago, Nueva York y Miami, ahora comienza su propia gira de conciertos en Latinoam\u00e9rica en marzo con&nbsp;<em>shows<\/em>&nbsp;en Argentina, Chile, Bogot\u00e1, y Venezuela. Este s\u00e1bado 04 de marzo se presentar\u00e1 en el Teatro Cariola.&nbsp;<a href=\"https:\/\/trackercl1.fidelizador.com\/L62B2G78DC150CH100DADC9F1J100D793CB011K62B237B9C64A42F92A78875661\" rel=\"noreferrer noopener\" target=\"_blank\">Entradas ac\u00e1<\/a><\/p>\n\n\n\n<p class=\"wp-block-paragraph\"><\/p>\n\n\n\n<p class=\"wp-block-paragraph\"><\/p>\n","protected":false},"excerpt":{"rendered":"<div class=\"pvc_clear\"><\/div>\n<p id=\"pvc_stats_39087\" class=\"pvc_stats total_only  \" data-element-id=\"39087\" style=\"\"><i class=\"pvc-stats-icon large\" aria-hidden=\"true\"><svg aria-hidden=\"true\" focusable=\"false\" data-prefix=\"far\" data-icon=\"chart-bar\" role=\"img\" xmlns=\"http:\/\/www.w3.org\/2000\/svg\" viewBox=\"0 0 512 512\" class=\"svg-inline--fa fa-chart-bar fa-w-16 fa-2x\"><path fill=\"currentColor\" d=\"M396.8 352h22.4c6.4 0 12.8-6.4 12.8-12.8V108.8c0-6.4-6.4-12.8-12.8-12.8h-22.4c-6.4 0-12.8 6.4-12.8 12.8v230.4c0 6.4 6.4 12.8 12.8 12.8zm-192 0h22.4c6.4 0 12.8-6.4 12.8-12.8V140.8c0-6.4-6.4-12.8-12.8-12.8h-22.4c-6.4 0-12.8 6.4-12.8 12.8v198.4c0 6.4 6.4 12.8 12.8 12.8zm96 0h22.4c6.4 0 12.8-6.4 12.8-12.8V204.8c0-6.4-6.4-12.8-12.8-12.8h-22.4c-6.4 0-12.8 6.4-12.8 12.8v134.4c0 6.4 6.4 12.8 12.8 12.8zM496 400H48V80c0-8.84-7.16-16-16-16H16C7.16 64 0 71.16 0 80v336c0 17.67 14.33 32 32 32h464c8.84 0 16-7.16 16-16v-16c0-8.84-7.16-16-16-16zm-387.2-48h22.4c6.4 0 12.8-6.4 12.8-12.8v-70.4c0-6.4-6.4-12.8-12.8-12.8h-22.4c-6.4 0-12.8 6.4-12.8 12.8v70.4c0 6.4 6.4 12.8 12.8 12.8z\" class=\"\"><\/path><\/svg><\/i> <img loading=\"lazy\" decoding=\"async\" width=\"16\" height=\"16\" alt=\"Loading\" src=\"https:\/\/temucotelevision.cl\/web\/wp-content\/plugins\/page-views-count\/ajax-loader-2x.gif\" border=0 \/><\/p>\n<div class=\"pvc_clear\"><\/div>\n<p>Su sencillo \u201cNo se acaba hasta que acabe\u201d es una balada que habla de mantener la esperanza hasta el final<\/p>\n","protected":false},"author":1,"featured_media":39088,"comment_status":"open","ping_status":"open","sticky":false,"template":"","format":"standard","meta":{"colormag_page_container_layout":"default_layout","colormag_page_sidebar_layout":"default_layout","advanced_seo_description":"","jetpack_seo_html_title":"","jetpack_seo_noindex":false,"jetpack_seo_schema_type":"","_jetpack_newsletter_access":"","_jetpack_dont_email_post_to_subs":false,"_jetpack_newsletter_tier_id":0,"_jetpack_memberships_contains_paywalled_content":false,"_jetpack_feature_clip_id":0,"_jetpack_memberships_contains_paid_content":false,"footnotes":"","jetpack_publicize_message":"","jetpack_publicize_feature_enabled":true,"jetpack_social_post_already_shared":false,"jetpack_social_options":{"image_generator_settings":{"template":"highway","default_image_id":0,"font":"","enabled":false},"version":2},"jetpack_post_was_ever_published":false},"categories":[369,86],"tags":[2202,6206,376],"class_list":["post-39087","post","type-post","status-publish","format-standard","has-post-thumbnail","hentry","category-musica","category-panoramas","tag-lagos","tag-reik","tag-sencillo"],"a3_pvc":{"activated":true,"total_views":106,"today_views":0},"jetpack_publicize_connections":[],"jetpack_sharing_enabled":true,"jetpack_likes_enabled":true,"jetpack_featured_media_url":"https:\/\/temucotelevision.cl\/web\/wp-content\/uploads\/2023\/03\/LAgos-Reik.jpg","_links":{"self":[{"href":"https:\/\/temucotelevision.cl\/web\/wp-json\/wp\/v2\/posts\/39087","targetHints":{"allow":["GET"]}}],"collection":[{"href":"https:\/\/temucotelevision.cl\/web\/wp-json\/wp\/v2\/posts"}],"about":[{"href":"https:\/\/temucotelevision.cl\/web\/wp-json\/wp\/v2\/types\/post"}],"author":[{"embeddable":true,"href":"https:\/\/temucotelevision.cl\/web\/wp-json\/wp\/v2\/users\/1"}],"replies":[{"embeddable":true,"href":"https:\/\/temucotelevision.cl\/web\/wp-json\/wp\/v2\/comments?post=39087"}],"version-history":[{"count":1,"href":"https:\/\/temucotelevision.cl\/web\/wp-json\/wp\/v2\/posts\/39087\/revisions"}],"predecessor-version":[{"id":39089,"href":"https:\/\/temucotelevision.cl\/web\/wp-json\/wp\/v2\/posts\/39087\/revisions\/39089"}],"wp:featuredmedia":[{"embeddable":true,"href":"https:\/\/temucotelevision.cl\/web\/wp-json\/wp\/v2\/media\/39088"}],"wp:attachment":[{"href":"https:\/\/temucotelevision.cl\/web\/wp-json\/wp\/v2\/media?parent=39087"}],"wp:term":[{"taxonomy":"category","embeddable":true,"href":"https:\/\/temucotelevision.cl\/web\/wp-json\/wp\/v2\/categories?post=39087"},{"taxonomy":"post_tag","embeddable":true,"href":"https:\/\/temucotelevision.cl\/web\/wp-json\/wp\/v2\/tags?post=39087"}],"curies":[{"name":"wp","href":"https:\/\/api.w.org\/{rel}","templated":true}]}}