{"id":38921,"date":"2023-02-24T10:45:12","date_gmt":"2023-02-24T13:45:12","guid":{"rendered":"https:\/\/temucotelevision.cl\/web\/?p=38921"},"modified":"2023-02-24T10:45:13","modified_gmt":"2023-02-24T13:45:13","slug":"innovador-tratamiento-permite-tratar-infecciones-que-afectan-a-los-implantes-dentales-y-evitar-la-perdida-osea","status":"publish","type":"post","link":"https:\/\/temucotelevision.cl\/web\/2023\/02\/24\/innovador-tratamiento-permite-tratar-infecciones-que-afectan-a-los-implantes-dentales-y-evitar-la-perdida-osea\/","title":{"rendered":"Innovador tratamiento permite tratar infecciones que afectan a los implantes dentales y evitar la p\u00e9rdida \u00f3sea"},"content":{"rendered":"<div class=\"pvc_clear\"><\/div><p id=\"pvc_stats_38921\" class=\"pvc_stats total_only  \" data-element-id=\"38921\" style=\"\"><i class=\"pvc-stats-icon large\" aria-hidden=\"true\"><svg aria-hidden=\"true\" focusable=\"false\" data-prefix=\"far\" data-icon=\"chart-bar\" role=\"img\" xmlns=\"http:\/\/www.w3.org\/2000\/svg\" viewBox=\"0 0 512 512\" class=\"svg-inline--fa fa-chart-bar fa-w-16 fa-2x\"><path fill=\"currentColor\" d=\"M396.8 352h22.4c6.4 0 12.8-6.4 12.8-12.8V108.8c0-6.4-6.4-12.8-12.8-12.8h-22.4c-6.4 0-12.8 6.4-12.8 12.8v230.4c0 6.4 6.4 12.8 12.8 12.8zm-192 0h22.4c6.4 0 12.8-6.4 12.8-12.8V140.8c0-6.4-6.4-12.8-12.8-12.8h-22.4c-6.4 0-12.8 6.4-12.8 12.8v198.4c0 6.4 6.4 12.8 12.8 12.8zm96 0h22.4c6.4 0 12.8-6.4 12.8-12.8V204.8c0-6.4-6.4-12.8-12.8-12.8h-22.4c-6.4 0-12.8 6.4-12.8 12.8v134.4c0 6.4 6.4 12.8 12.8 12.8zM496 400H48V80c0-8.84-7.16-16-16-16H16C7.16 64 0 71.16 0 80v336c0 17.67 14.33 32 32 32h464c8.84 0 16-7.16 16-16v-16c0-8.84-7.16-16-16-16zm-387.2-48h22.4c6.4 0 12.8-6.4 12.8-12.8v-70.4c0-6.4-6.4-12.8-12.8-12.8h-22.4c-6.4 0-12.8 6.4-12.8 12.8v70.4c0 6.4 6.4 12.8 12.8 12.8z\" class=\"\"><\/path><\/svg><\/i> <img loading=\"lazy\" decoding=\"async\" width=\"16\" height=\"16\" alt=\"Loading\" src=\"https:\/\/temucotelevision.cl\/web\/wp-content\/plugins\/page-views-count\/ajax-loader-2x.gif\" border=0 \/><\/p><div class=\"pvc_clear\"><\/div>\n<ul class=\"wp-block-list\"><li><em>Se trata de una membrana regenerativa desarrollada por investigadores chilenos que tiene efecto antibacteriano y osteog\u00e9nico en el tratamiento de la periimplantitis.<\/em><\/li><\/ul>\n\n\n\n<p>A nivel mundial, m\u00e1s de 12 millones de implantes dentales son instalados anualmente en pacientes que sufren p\u00e9rdida parcial o total de sus piezas dentales, estim\u00e1ndose que uno de cada cuatro puede padecer en alg\u00fan momento de periimplantitis. Esta patolog\u00eda de car\u00e1cter infeccioso se caracteriza por la inflamaci\u00f3n de los tejidos y la p\u00e9rdida progresiva del hueso de soporte de los implantes. Si no es tratada a tiempo, puede llegar a afectar los dientes vecinos, con consecuencias est\u00e9ticas y funcionales dif\u00edciles de revertir. Por esta raz\u00f3n, muchos grupos de investigaci\u00f3n en el mundo se han propuesto desarrollar soluciones tecnol\u00f3gicas o tratamientos que permitan a los implant\u00f3logos mejorar las opciones terap\u00e9uticas de esta enfermedad.&nbsp;&nbsp;<\/p>\n\n\n\n<p>Seg\u00fan detalla el Dr. V\u00edctor Beltr\u00e1n Varas, acad\u00e9mico y especialista de la Universidad de La Frontera (UFRO), quien lidera esta investigaci\u00f3n y desarrollo en el pa\u00eds -apoyado por profesionales de la Direcci\u00f3n de Innovaci\u00f3n y Transferencia Tecnol\u00f3gica de la UFRO (UTT)-, \u201cEl uso de la membrana regenerativa para tratar la&nbsp;periimplantitis surge como una alternativa menos costosa a los tratamientos convencionales y podr\u00eda usarse en el futuro tambi\u00e9n en otras patolog\u00edas \u00f3seas. La membrana bicapa act\u00faa sobre el implante generando un efecto antibacteriano y osteog\u00e9nico, es decir, en ciertas condiciones permitir\u00eda generar nuevo hueso, evitando incluso el uso de sustitutos \u00f3seos y eventualmente la p\u00e9rdida del implante dental. Se aplica mediante una cirug\u00eda m\u00ednimamente invasiva, es biocompatible y biodegradable\u201d.<\/p>\n\n\n\n<p>Al respecto, el experto aclara que no existen membranas para terapias regenerativas que re\u00fanan todas estas caracter\u00edsticas en el mercado. \u201cEsperamos avanzar prontamente en&nbsp;&nbsp;la realizaci\u00f3n de estudios cl\u00ednicos en pacientes que presenten este tipo de enfermedad o condiciones similares. Estamos trabajando en las pruebas y ensayos para conseguir en el mediano plazo un producto de uso cl\u00ednico, que pueda ser comercializado de forma unitaria en diferentes tama\u00f1os, de forma est\u00e9ril, de modo que pueda ser utilizada por odont\u00f3logos y m\u00e9dicos en diferentes aplicaciones para terapias regenerativas. Esta investigaci\u00f3n nos ha permitido lograr el hito de una solicitud de patente provisional en USA en diciembre 2022\u201d.<\/p>\n\n\n\n<p>A\u00f1ade que una de las ventajas de esta membrana, es que tambi\u00e9n podr\u00eda utilizarse como un biomaterial de elecci\u00f3n para el tratamiento regenerativo de otras lesiones \u00f3seas producidas por osteomielitis, osteonecrosis, quistes, tumores, tratamiento regenerativo del seno maxilar, entre otras.<\/p>\n\n\n\n<p>Cabe destacar que hasta la fecha los resultados simulando las condiciones de la enfermedad en diferentes ensayos in vitro y en un modelo animal, son muy prometedores.&nbsp;&nbsp;\u201cEl 25 de enero pasado realizamos una primera validaci\u00f3n de un prototipo de la membrana en situaciones cl\u00ednicas simuladas por parte de especialistas cl\u00ednicos referentes en el \u00e1rea, nacionales e internacionales. Esto ha sido posible gracias al financiamiento que adjudicamos desde FONDEF IDEA y al apoyo de las empresas asociadas. La gesti\u00f3n tecnol\u00f3gica, estrategia de protecci\u00f3n y preparaci\u00f3n para transferir esta tecnolog\u00eda est\u00e1 a cargo del equipo de la UTT-UFRO\u201d, concluye el acad\u00e9mico de la UFRO.<\/p>\n\n\n\n<p><strong>I+D UTT UFRO<\/strong><\/p>\n\n\n\n<p>Esta investigaci\u00f3n y desarrollo ha sido liderada por Dr. V\u00edctor Beltr\u00e1n junto con su equipo multidisciplinario compuesto por Dra. Francisca Acevedo (Directora Alterna UFRO), Dra. Claudia Sanhueza (UFRO),&nbsp;&nbsp;Dr. Iv\u00e1n Valdivia (U. de Antofagasta),&nbsp;&nbsp;Dr. Bernardo Venegas (U. de Talca), Dra. Alejandra Chaparro (U. de Los Andes), junto con estudiantes de pre y postgrado y profesionales con&nbsp;<em>expertise<\/em>&nbsp;en el \u00e1rea.&nbsp;<\/p>\n\n\n\n<p>Este equipo adem\u00e1s ha sido apoyado administrativamente por profesionales de la Direcci\u00f3n de Innovaci\u00f3n y Transferencia Tecnol\u00f3gica de la UFRO y cuenta con la colaboraci\u00f3n de reconocidos expertos internacionales como la Dra. Vanessa Sousa (Kings College London, Reino Unido) y la Dra. Mar\u00eda Cristina Manzanares (Universidad de Barcelona, Espa\u00f1a).<\/p>\n\n\n\n<p>La investigaci\u00f3n es financiada por la Agencia Nacional de Investigaci\u00f3n y Desarrollo (ANID) del Ministerio de Ministerio de Ciencia, Tecnolog\u00eda, Conocimiento e Innovaci\u00f3n, a trav\u00e9s de su programa FONDEF IDEA.&nbsp;<\/p>\n\n\n\n<p>Para lograr este desarrollo tecnol\u00f3gico fue muy relevante la colaboraci\u00f3n con tres empresas nacionales (Biomateriales Chile, V\u00eda Ossea y Andamio Regenerativo) y una compa\u00f1\u00eda internacional (Collagen Matrix, USA).&nbsp;<\/p>\n","protected":false},"excerpt":{"rendered":"<div class=\"pvc_clear\"><\/div>\n<p id=\"pvc_stats_38921\" class=\"pvc_stats total_only  \" data-element-id=\"38921\" style=\"\"><i class=\"pvc-stats-icon large\" aria-hidden=\"true\"><svg aria-hidden=\"true\" focusable=\"false\" data-prefix=\"far\" data-icon=\"chart-bar\" role=\"img\" xmlns=\"http:\/\/www.w3.org\/2000\/svg\" viewBox=\"0 0 512 512\" class=\"svg-inline--fa fa-chart-bar fa-w-16 fa-2x\"><path fill=\"currentColor\" d=\"M396.8 352h22.4c6.4 0 12.8-6.4 12.8-12.8V108.8c0-6.4-6.4-12.8-12.8-12.8h-22.4c-6.4 0-12.8 6.4-12.8 12.8v230.4c0 6.4 6.4 12.8 12.8 12.8zm-192 0h22.4c6.4 0 12.8-6.4 12.8-12.8V140.8c0-6.4-6.4-12.8-12.8-12.8h-22.4c-6.4 0-12.8 6.4-12.8 12.8v198.4c0 6.4 6.4 12.8 12.8 12.8zm96 0h22.4c6.4 0 12.8-6.4 12.8-12.8V204.8c0-6.4-6.4-12.8-12.8-12.8h-22.4c-6.4 0-12.8 6.4-12.8 12.8v134.4c0 6.4 6.4 12.8 12.8 12.8zM496 400H48V80c0-8.84-7.16-16-16-16H16C7.16 64 0 71.16 0 80v336c0 17.67 14.33 32 32 32h464c8.84 0 16-7.16 16-16v-16c0-8.84-7.16-16-16-16zm-387.2-48h22.4c6.4 0 12.8-6.4 12.8-12.8v-70.4c0-6.4-6.4-12.8-12.8-12.8h-22.4c-6.4 0-12.8 6.4-12.8 12.8v70.4c0 6.4 6.4 12.8 12.8 12.8z\" class=\"\"><\/path><\/svg><\/i> <img loading=\"lazy\" decoding=\"async\" width=\"16\" height=\"16\" alt=\"Loading\" src=\"https:\/\/temucotelevision.cl\/web\/wp-content\/plugins\/page-views-count\/ajax-loader-2x.gif\" border=0 \/><\/p>\n<div class=\"pvc_clear\"><\/div>\n<p>Se trata de una membrana regenerativa desarrollada por investigadores chilenos que tiene efecto antibacteriano y osteog\u00e9nico en el tratamiento de<\/p>\n","protected":false},"author":1,"featured_media":38922,"comment_status":"open","ping_status":"open","sticky":false,"template":"","format":"standard","meta":{"colormag_page_container_layout":"default_layout","colormag_page_sidebar_layout":"default_layout","footnotes":""},"categories":[101,14],"tags":[2248,6192,6191,2474],"class_list":["post-38921","post","type-post","status-publish","format-standard","has-post-thumbnail","hentry","category-actualidad","category-temuco","tag-dental","tag-ifecciones","tag-implantes","tag-tratamiento"],"a3_pvc":{"activated":true,"total_views":133,"today_views":0},"_links":{"self":[{"href":"https:\/\/temucotelevision.cl\/web\/wp-json\/wp\/v2\/posts\/38921","targetHints":{"allow":["GET"]}}],"collection":[{"href":"https:\/\/temucotelevision.cl\/web\/wp-json\/wp\/v2\/posts"}],"about":[{"href":"https:\/\/temucotelevision.cl\/web\/wp-json\/wp\/v2\/types\/post"}],"author":[{"embeddable":true,"href":"https:\/\/temucotelevision.cl\/web\/wp-json\/wp\/v2\/users\/1"}],"replies":[{"embeddable":true,"href":"https:\/\/temucotelevision.cl\/web\/wp-json\/wp\/v2\/comments?post=38921"}],"version-history":[{"count":1,"href":"https:\/\/temucotelevision.cl\/web\/wp-json\/wp\/v2\/posts\/38921\/revisions"}],"predecessor-version":[{"id":38923,"href":"https:\/\/temucotelevision.cl\/web\/wp-json\/wp\/v2\/posts\/38921\/revisions\/38923"}],"wp:featuredmedia":[{"embeddable":true,"href":"https:\/\/temucotelevision.cl\/web\/wp-json\/wp\/v2\/media\/38922"}],"wp:attachment":[{"href":"https:\/\/temucotelevision.cl\/web\/wp-json\/wp\/v2\/media?parent=38921"}],"wp:term":[{"taxonomy":"category","embeddable":true,"href":"https:\/\/temucotelevision.cl\/web\/wp-json\/wp\/v2\/categories?post=38921"},{"taxonomy":"post_tag","embeddable":true,"href":"https:\/\/temucotelevision.cl\/web\/wp-json\/wp\/v2\/tags?post=38921"}],"curies":[{"name":"wp","href":"https:\/\/api.w.org\/{rel}","templated":true}]}}