{"id":38919,"date":"2023-02-24T10:42:00","date_gmt":"2023-02-24T13:42:00","guid":{"rendered":"https:\/\/temucotelevision.cl\/web\/?p=38919"},"modified":"2023-02-24T10:42:01","modified_gmt":"2023-02-24T13:42:01","slug":"diputado-schubert-pidio-a-las-municipalidades-que-informen-sobre-los-programas-de-junaeb-de-cara-al-ano-escolar-2023","status":"publish","type":"post","link":"https:\/\/temucotelevision.cl\/web\/2023\/02\/24\/diputado-schubert-pidio-a-las-municipalidades-que-informen-sobre-los-programas-de-junaeb-de-cara-al-ano-escolar-2023\/","title":{"rendered":"Diputado Schubert pidi\u00f3 a las municipalidades que informen sobre los programas de Junaeb de cara al a\u00f1o escolar 2023"},"content":{"rendered":"<div class=\"pvc_clear\"><\/div><p id=\"pvc_stats_38919\" class=\"pvc_stats total_only  \" data-element-id=\"38919\" style=\"\"><i class=\"pvc-stats-icon large\" aria-hidden=\"true\"><svg aria-hidden=\"true\" focusable=\"false\" data-prefix=\"far\" data-icon=\"chart-bar\" role=\"img\" xmlns=\"http:\/\/www.w3.org\/2000\/svg\" viewBox=\"0 0 512 512\" class=\"svg-inline--fa fa-chart-bar fa-w-16 fa-2x\"><path fill=\"currentColor\" d=\"M396.8 352h22.4c6.4 0 12.8-6.4 12.8-12.8V108.8c0-6.4-6.4-12.8-12.8-12.8h-22.4c-6.4 0-12.8 6.4-12.8 12.8v230.4c0 6.4 6.4 12.8 12.8 12.8zm-192 0h22.4c6.4 0 12.8-6.4 12.8-12.8V140.8c0-6.4-6.4-12.8-12.8-12.8h-22.4c-6.4 0-12.8 6.4-12.8 12.8v198.4c0 6.4 6.4 12.8 12.8 12.8zm96 0h22.4c6.4 0 12.8-6.4 12.8-12.8V204.8c0-6.4-6.4-12.8-12.8-12.8h-22.4c-6.4 0-12.8 6.4-12.8 12.8v134.4c0 6.4 6.4 12.8 12.8 12.8zM496 400H48V80c0-8.84-7.16-16-16-16H16C7.16 64 0 71.16 0 80v336c0 17.67 14.33 32 32 32h464c8.84 0 16-7.16 16-16v-16c0-8.84-7.16-16-16-16zm-387.2-48h22.4c6.4 0 12.8-6.4 12.8-12.8v-70.4c0-6.4-6.4-12.8-12.8-12.8h-22.4c-6.4 0-12.8 6.4-12.8 12.8v70.4c0 6.4 6.4 12.8 12.8 12.8z\" class=\"\"><\/path><\/svg><\/i> <img loading=\"lazy\" decoding=\"async\" width=\"16\" height=\"16\" alt=\"Loading\" src=\"https:\/\/temucotelevision.cl\/web\/wp-content\/plugins\/page-views-count\/ajax-loader-2x.gif\" border=0 \/><\/p><div class=\"pvc_clear\"><\/div>\n<ul class=\"wp-block-list\"><li><em>A trav\u00e9s de un oficio, el legislador solicit\u00f3 a las asociaciones municipales de Chile informaci\u00f3n sobre la planificaci\u00f3n del organismo en materia de educaci\u00f3n.<\/em><\/li><\/ul>\n\n\n\n<p>En v\u00edsperas del arranque de un nuevo a\u00f1o escolar, la Junta Nacional de Auxilio Escolar y Becas (Junaeb) sigue trabajando en conjunto con las municipalidades del pa\u00eds para que los estudiantes cuenten con todos los programas disponibles que otorga el Ministerio de Educaci\u00f3n. Es por ello, que el diputado independiente pro republicano, Stephan Schubert, envi\u00f3 un oficio en el que solicita a todas las asociaciones municipales de Chile una fiscalizaci\u00f3n de las medidas que entregar\u00e1 la instituci\u00f3n.<\/p>\n\n\n\n<p>En el documento, se solicita la revisi\u00f3n del listado de todos los programas y planes de alimentaci\u00f3n escolar, entrega de \u00fatiles escolares y computadores que se otorgar\u00e1n y ejecutar\u00e1n con recursos durante el a\u00f1o 2023 en los establecimientos educacionales dependiente de los Departamentos de Educaci\u00f3n o de las corporaciones municipales.<\/p>\n\n\n\n<p>Lo anterior, se debe a lo que ocurri\u00f3 semanas atr\u00e1s cuando se constat\u00f3 que hubo distintos equipos computacionales que no fueron entregados a ni\u00f1os y ni\u00f1as m\u00e1s vulnerables, por lo que el ministro del ramo, Marco Antonio \u00c1vila, debi\u00f3 esclarecer la demora en este proceso.<\/p>\n\n\n\n<p>Por \u00faltimo, el parlamentario, quien justamente integra la Comisi\u00f3n de Educaci\u00f3n de la C\u00e1mara Baja, solicit\u00f3 que se informe ante cualquier dificultad, problema o retraso en cualquier convenio, programa o plan dependiente de la Junaeb en los establecimientos educacionales. \u201cEs importante que para marzo, se entreguen todos los implementos necesarios a los distintos recintos educacionales. Por ello, invito a las municipalidades que informen si existen irregularidades en el programa o si la instituci\u00f3n no ha cumplido en otras \u00e1reas\u201d, afirm\u00f3 Schubert.<\/p>\n","protected":false},"excerpt":{"rendered":"<div class=\"pvc_clear\"><\/div>\n<p id=\"pvc_stats_38919\" class=\"pvc_stats total_only  \" data-element-id=\"38919\" style=\"\"><i class=\"pvc-stats-icon large\" aria-hidden=\"true\"><svg aria-hidden=\"true\" focusable=\"false\" data-prefix=\"far\" data-icon=\"chart-bar\" role=\"img\" xmlns=\"http:\/\/www.w3.org\/2000\/svg\" viewBox=\"0 0 512 512\" class=\"svg-inline--fa fa-chart-bar fa-w-16 fa-2x\"><path fill=\"currentColor\" d=\"M396.8 352h22.4c6.4 0 12.8-6.4 12.8-12.8V108.8c0-6.4-6.4-12.8-12.8-12.8h-22.4c-6.4 0-12.8 6.4-12.8 12.8v230.4c0 6.4 6.4 12.8 12.8 12.8zm-192 0h22.4c6.4 0 12.8-6.4 12.8-12.8V140.8c0-6.4-6.4-12.8-12.8-12.8h-22.4c-6.4 0-12.8 6.4-12.8 12.8v198.4c0 6.4 6.4 12.8 12.8 12.8zm96 0h22.4c6.4 0 12.8-6.4 12.8-12.8V204.8c0-6.4-6.4-12.8-12.8-12.8h-22.4c-6.4 0-12.8 6.4-12.8 12.8v134.4c0 6.4 6.4 12.8 12.8 12.8zM496 400H48V80c0-8.84-7.16-16-16-16H16C7.16 64 0 71.16 0 80v336c0 17.67 14.33 32 32 32h464c8.84 0 16-7.16 16-16v-16c0-8.84-7.16-16-16-16zm-387.2-48h22.4c6.4 0 12.8-6.4 12.8-12.8v-70.4c0-6.4-6.4-12.8-12.8-12.8h-22.4c-6.4 0-12.8 6.4-12.8 12.8v70.4c0 6.4 6.4 12.8 12.8 12.8z\" class=\"\"><\/path><\/svg><\/i> <img loading=\"lazy\" decoding=\"async\" width=\"16\" height=\"16\" alt=\"Loading\" src=\"https:\/\/temucotelevision.cl\/web\/wp-content\/plugins\/page-views-count\/ajax-loader-2x.gif\" border=0 \/><\/p>\n<div class=\"pvc_clear\"><\/div>\n<p>A trav\u00e9s de un oficio, el legislador solicit\u00f3 a las asociaciones municipales de Chile informaci\u00f3n sobre la planificaci\u00f3n del organismo<\/p>\n","protected":false},"author":1,"featured_media":33383,"comment_status":"open","ping_status":"open","sticky":false,"template":"","format":"standard","meta":{"colormag_page_container_layout":"default_layout","colormag_page_sidebar_layout":"default_layout","footnotes":""},"categories":[84],"tags":[600,154,2053,2908,1149,5188],"class_list":["post-38919","post","type-post","status-publish","format-standard","has-post-thumbnail","hentry","category-politica","tag-ano","tag-diputado","tag-junaeb","tag-municipalidades","tag-programas","tag-schubert"],"a3_pvc":{"activated":true,"total_views":51,"today_views":0},"_links":{"self":[{"href":"https:\/\/temucotelevision.cl\/web\/wp-json\/wp\/v2\/posts\/38919","targetHints":{"allow":["GET"]}}],"collection":[{"href":"https:\/\/temucotelevision.cl\/web\/wp-json\/wp\/v2\/posts"}],"about":[{"href":"https:\/\/temucotelevision.cl\/web\/wp-json\/wp\/v2\/types\/post"}],"author":[{"embeddable":true,"href":"https:\/\/temucotelevision.cl\/web\/wp-json\/wp\/v2\/users\/1"}],"replies":[{"embeddable":true,"href":"https:\/\/temucotelevision.cl\/web\/wp-json\/wp\/v2\/comments?post=38919"}],"version-history":[{"count":1,"href":"https:\/\/temucotelevision.cl\/web\/wp-json\/wp\/v2\/posts\/38919\/revisions"}],"predecessor-version":[{"id":38920,"href":"https:\/\/temucotelevision.cl\/web\/wp-json\/wp\/v2\/posts\/38919\/revisions\/38920"}],"wp:featuredmedia":[{"embeddable":true,"href":"https:\/\/temucotelevision.cl\/web\/wp-json\/wp\/v2\/media\/33383"}],"wp:attachment":[{"href":"https:\/\/temucotelevision.cl\/web\/wp-json\/wp\/v2\/media?parent=38919"}],"wp:term":[{"taxonomy":"category","embeddable":true,"href":"https:\/\/temucotelevision.cl\/web\/wp-json\/wp\/v2\/categories?post=38919"},{"taxonomy":"post_tag","embeddable":true,"href":"https:\/\/temucotelevision.cl\/web\/wp-json\/wp\/v2\/tags?post=38919"}],"curies":[{"name":"wp","href":"https:\/\/api.w.org\/{rel}","templated":true}]}}