{"id":38917,"date":"2023-02-24T10:38:17","date_gmt":"2023-02-24T13:38:17","guid":{"rendered":"https:\/\/temucotelevision.cl\/web\/?p=38917"},"modified":"2023-02-24T10:38:18","modified_gmt":"2023-02-24T13:38:18","slug":"ministerio-de-agricultura-reporta-3-507-hectareas-de-cultivos-afectados-por-los-incendios-forestales-en-regiones-del-centro-sur","status":"publish","type":"post","link":"https:\/\/temucotelevision.cl\/web\/2023\/02\/24\/ministerio-de-agricultura-reporta-3-507-hectareas-de-cultivos-afectados-por-los-incendios-forestales-en-regiones-del-centro-sur\/","title":{"rendered":"Ministerio de Agricultura reporta 3.507 hect\u00e1reas de cultivos afectados por los incendios forestales en regiones del centro sur\u00a0"},"content":{"rendered":"<div class=\"pvc_clear\"><\/div><p id=\"pvc_stats_38917\" class=\"pvc_stats total_only  \" data-element-id=\"38917\" style=\"\"><i class=\"pvc-stats-icon large\" aria-hidden=\"true\"><svg aria-hidden=\"true\" focusable=\"false\" data-prefix=\"far\" data-icon=\"chart-bar\" role=\"img\" xmlns=\"http:\/\/www.w3.org\/2000\/svg\" viewBox=\"0 0 512 512\" class=\"svg-inline--fa fa-chart-bar fa-w-16 fa-2x\"><path fill=\"currentColor\" d=\"M396.8 352h22.4c6.4 0 12.8-6.4 12.8-12.8V108.8c0-6.4-6.4-12.8-12.8-12.8h-22.4c-6.4 0-12.8 6.4-12.8 12.8v230.4c0 6.4 6.4 12.8 12.8 12.8zm-192 0h22.4c6.4 0 12.8-6.4 12.8-12.8V140.8c0-6.4-6.4-12.8-12.8-12.8h-22.4c-6.4 0-12.8 6.4-12.8 12.8v198.4c0 6.4 6.4 12.8 12.8 12.8zm96 0h22.4c6.4 0 12.8-6.4 12.8-12.8V204.8c0-6.4-6.4-12.8-12.8-12.8h-22.4c-6.4 0-12.8 6.4-12.8 12.8v134.4c0 6.4 6.4 12.8 12.8 12.8zM496 400H48V80c0-8.84-7.16-16-16-16H16C7.16 64 0 71.16 0 80v336c0 17.67 14.33 32 32 32h464c8.84 0 16-7.16 16-16v-16c0-8.84-7.16-16-16-16zm-387.2-48h22.4c6.4 0 12.8-6.4 12.8-12.8v-70.4c0-6.4-6.4-12.8-12.8-12.8h-22.4c-6.4 0-12.8 6.4-12.8 12.8v70.4c0 6.4 6.4 12.8 12.8 12.8z\" class=\"\"><\/path><\/svg><\/i> <img loading=\"lazy\" decoding=\"async\" width=\"16\" height=\"16\" alt=\"Loading\" src=\"https:\/\/temucotelevision.cl\/web\/wp-content\/plugins\/page-views-count\/ajax-loader-2x.gif\" border=0 \/><\/p><div class=\"pvc_clear\"><\/div>\n<p>Sin embargo, de acuerdo al informe de Conaf, los terrenos agr\u00edcolas da\u00f1ados ser\u00edan 55.313 hect\u00e1reas. Esto se explica porque se trata de superficie donde es posible producir, pero no necesariamente existe producci\u00f3n.&nbsp;<\/p>\n\n\n\n<p>El Ministerio de Agricultura entreg\u00f3 un catastro de las cinco regiones que m\u00e1s han sido afectadas por los incendios forestales. As\u00ed, en Maule, \u00d1uble, Bio-Bio, La Araucan\u00eda y Los R\u00edos se constata una afectaci\u00f3n importante de los peque\u00f1os agricultores.&nbsp;<\/p>\n\n\n\n<p>Respecto de la superficie potencialmente afectada, es decir, aquella que ha sido identificada a trav\u00e9s de herramientas espaciales por la Conaf, podemos se\u00f1alar que es de 413 mil hect\u00e1reas. Esto incluye plantaciones, terrenos agr\u00edcolas, bosques nativos, matorrales, bosques mixtos, praderas, \u00e1reas desprovistas de vegetaci\u00f3n, cuerpos de agua, humedales y \u00e1rea urbana. De ellas, algo m\u00e1s de 55 mil corresponder\u00edan a terrenos potencialmente agr\u00edcolas.&nbsp;<\/p>\n\n\n\n<p>En terreno, se han constatado 3.507 hect\u00e1reas de cultivos afectados por el incendio, donde un 56% corresponde a producci\u00f3n forrajera, un 22% a cultivos frutales, un 18% a cereales, legumbres y cultivos industriales y, finalmente, un 5% a hortalizas.&nbsp;<\/p>\n\n\n\n<p>Las diferencias entre ambas cifras (superficie potencialmente afectada -55 mil hect\u00e1reas- y superficie afectada -3.500 hect\u00e1reas-) se deben a que lo informado por Conaf corresponden a la calificaci\u00f3n que tiene ese suelo (uso de suelo) y no necesariamente a lo existente al momento del incendio, siendo el Catastro un acercamiento a la realidad de la afectaci\u00f3n en terreno.&nbsp;&nbsp;<\/p>\n\n\n\n<p>&nbsp;Es importante destacar que los incendios han afectado principalmente al secano costero e interior, por lo que la falta de disponibilidad de agua y altas pendientes, no siempre hacen posible el uso agr\u00edcola del terreno, aunque esta sea su denominaci\u00f3n.&nbsp;<\/p>\n\n\n\n<p>CATASTRO DIARIO&nbsp;<\/p>\n\n\n\n<p>Adem\u00e1s, la repartici\u00f3n estatal inform\u00f3 que se han catastrado un total de 6.208 agricultores\/as, de los cuales, 6.165 declaran haber sufrido alg\u00fan tipo de da\u00f1o. Adem\u00e1s, se constata una fuerte afectaci\u00f3n al sector ap\u00edcola con un 90% de sus colmenas afectadas.&nbsp;<\/p>\n\n\n\n<p>Las cifras indican que el 64% de los agricultores catastrados son usuarios del Indap, el 45% son mujeres y el 25% declara pertenecer a la etnia mapuche. El 70% declara tener registro social de hogares y el 48% pertenece al grupo m\u00e1s vulnerable socioecon\u00f3micamente de la poblaci\u00f3n. El 40% de los encuestados se dedican a la agricultura de subsistencia y el 34% con venta ocasional de excedentes. S\u00f3lo el 15% dice dedicar exclusivamente su producci\u00f3n a la venta. El 97% de las personas que declaran sus ventas, dicen que el destino es el mercado nacional.&nbsp;&nbsp;<\/p>\n\n\n\n<p>En el rubro ap\u00edcola se han catastrado un total de 43.834 colmenas, siendo afectadas por el incendio 39.360, lo que representa un 90% del total. De las colmenas afectadas, un 11% ten\u00edan seguro agr\u00edcola.&nbsp;&nbsp;<\/p>\n\n\n\n<p>En cuanto a los animales afectados, el Ministerio de Agricultura Se han catastrado un total de 86.365 cabezas animales, compuesto por vacunos, ovejas, cabras, cerdos, equinos, asnales y aves. De los cuales, 19.983 han muerto por efecto del fuego, donde el 82% corresponde a aves, seguidos por un 10% de vacunos, 3% cabras, 2% de ovejas y otros y un 2% de cerdos. Se evidencia que un total de 53.721 animales requieren alimentaci\u00f3n, lo que corresponde a 15.656 Unidades animales de alimentaci\u00f3n equivalentes hasta la fecha.&nbsp;&nbsp;<\/p>\n\n\n\n<p>El ministro de Agricultura, Esteban Valenzuela se\u00f1al\u00f3 que \u201cel catastro que ha hecho Indap indica una cifra en torno a 20 mil los animales y aves muertas producto de los incendios forestales en las regiones de \u00d1uble, Bio-Bio y la Araucan\u00eda. La gran mayor\u00eda, en torno al 70%, son aves \u2013 gallinas, gansos, pavos \u2013 que son parte de la Agricultura Familiar Campesina. Tambi\u00e9n hay un porcentaje no menor de vacunos, asnales, caballos y lo que se llama ganado menor (cabras y ovejas), all\u00ed est\u00e1 concentrado un gran da\u00f1o. Tambi\u00e9n hay un da\u00f1o importante a la apicultura en todo el territorio\u201d.&nbsp;<\/p>\n\n\n\n<p>En infraestructura productiva, se ha constatado la p\u00e9rdida de 6.863 kil\u00f3metros lineales de cerco de alambres destruidos en las distintas regiones. Tambi\u00e9n, se ha constatado la p\u00e9rdida de 137 corrales, 902 bodegas y galpones y 357 invernaderos.&nbsp;&nbsp;<\/p>\n\n\n\n<p>En materia de riego, el Minagri ha contabilizado la p\u00e9rdida de 864 hect\u00e1reas de sistemas de riego. Reportando, adem\u00e1s, 254 casetas de riego, 395 obras de acumulaci\u00f3n y 46 pozos y norias afectados por el incendio. Finalmente, dentro de las maquinarias agr\u00edcolas perdidas, destacan 50 veh\u00edculos de trabajo (tractores, cosechadoras, veh\u00edculos livianos y camiones), 87 equipamientos de tiro agr\u00edcola (sembradoras, equipos de preparaci\u00f3n de suelo, chipeadoras, etc.) y 335 implementos agr\u00edcolas (motosierras, motobombas y orde\u00f1adoras).&nbsp;<\/p>\n","protected":false},"excerpt":{"rendered":"<div class=\"pvc_clear\"><\/div>\n<p id=\"pvc_stats_38917\" class=\"pvc_stats total_only  \" data-element-id=\"38917\" style=\"\"><i class=\"pvc-stats-icon large\" aria-hidden=\"true\"><svg aria-hidden=\"true\" focusable=\"false\" data-prefix=\"far\" data-icon=\"chart-bar\" role=\"img\" xmlns=\"http:\/\/www.w3.org\/2000\/svg\" viewBox=\"0 0 512 512\" class=\"svg-inline--fa fa-chart-bar fa-w-16 fa-2x\"><path fill=\"currentColor\" d=\"M396.8 352h22.4c6.4 0 12.8-6.4 12.8-12.8V108.8c0-6.4-6.4-12.8-12.8-12.8h-22.4c-6.4 0-12.8 6.4-12.8 12.8v230.4c0 6.4 6.4 12.8 12.8 12.8zm-192 0h22.4c6.4 0 12.8-6.4 12.8-12.8V140.8c0-6.4-6.4-12.8-12.8-12.8h-22.4c-6.4 0-12.8 6.4-12.8 12.8v198.4c0 6.4 6.4 12.8 12.8 12.8zm96 0h22.4c6.4 0 12.8-6.4 12.8-12.8V204.8c0-6.4-6.4-12.8-12.8-12.8h-22.4c-6.4 0-12.8 6.4-12.8 12.8v134.4c0 6.4 6.4 12.8 12.8 12.8zM496 400H48V80c0-8.84-7.16-16-16-16H16C7.16 64 0 71.16 0 80v336c0 17.67 14.33 32 32 32h464c8.84 0 16-7.16 16-16v-16c0-8.84-7.16-16-16-16zm-387.2-48h22.4c6.4 0 12.8-6.4 12.8-12.8v-70.4c0-6.4-6.4-12.8-12.8-12.8h-22.4c-6.4 0-12.8 6.4-12.8 12.8v70.4c0 6.4 6.4 12.8 12.8 12.8z\" class=\"\"><\/path><\/svg><\/i> <img loading=\"lazy\" decoding=\"async\" width=\"16\" height=\"16\" alt=\"Loading\" src=\"https:\/\/temucotelevision.cl\/web\/wp-content\/plugins\/page-views-count\/ajax-loader-2x.gif\" border=0 \/><\/p>\n<div class=\"pvc_clear\"><\/div>\n<p>Sin embargo, de acuerdo al informe de Conaf, los terrenos agr\u00edcolas da\u00f1ados ser\u00edan 55.313 hect\u00e1reas. Esto se explica porque se<\/p>\n","protected":false},"author":1,"featured_media":29411,"comment_status":"open","ping_status":"open","sticky":false,"template":"","format":"standard","meta":{"colormag_page_container_layout":"default_layout","colormag_page_sidebar_layout":"default_layout","footnotes":""},"categories":[15],"tags":[319,823,2687,415],"class_list":["post-38917","post","type-post","status-publish","format-standard","has-post-thumbnail","hentry","category-la-araucania","tag-agricultura","tag-hectareas","tag-ministerio","tag-zonas"],"a3_pvc":{"activated":true,"total_views":77,"today_views":0},"_links":{"self":[{"href":"https:\/\/temucotelevision.cl\/web\/wp-json\/wp\/v2\/posts\/38917","targetHints":{"allow":["GET"]}}],"collection":[{"href":"https:\/\/temucotelevision.cl\/web\/wp-json\/wp\/v2\/posts"}],"about":[{"href":"https:\/\/temucotelevision.cl\/web\/wp-json\/wp\/v2\/types\/post"}],"author":[{"embeddable":true,"href":"https:\/\/temucotelevision.cl\/web\/wp-json\/wp\/v2\/users\/1"}],"replies":[{"embeddable":true,"href":"https:\/\/temucotelevision.cl\/web\/wp-json\/wp\/v2\/comments?post=38917"}],"version-history":[{"count":1,"href":"https:\/\/temucotelevision.cl\/web\/wp-json\/wp\/v2\/posts\/38917\/revisions"}],"predecessor-version":[{"id":38918,"href":"https:\/\/temucotelevision.cl\/web\/wp-json\/wp\/v2\/posts\/38917\/revisions\/38918"}],"wp:featuredmedia":[{"embeddable":true,"href":"https:\/\/temucotelevision.cl\/web\/wp-json\/wp\/v2\/media\/29411"}],"wp:attachment":[{"href":"https:\/\/temucotelevision.cl\/web\/wp-json\/wp\/v2\/media?parent=38917"}],"wp:term":[{"taxonomy":"category","embeddable":true,"href":"https:\/\/temucotelevision.cl\/web\/wp-json\/wp\/v2\/categories?post=38917"},{"taxonomy":"post_tag","embeddable":true,"href":"https:\/\/temucotelevision.cl\/web\/wp-json\/wp\/v2\/tags?post=38917"}],"curies":[{"name":"wp","href":"https:\/\/api.w.org\/{rel}","templated":true}]}}