{"id":38809,"date":"2023-02-20T16:27:01","date_gmt":"2023-02-20T19:27:01","guid":{"rendered":"https:\/\/temucotelevision.cl\/web\/?p=38809"},"modified":"2023-02-20T16:27:03","modified_gmt":"2023-02-20T19:27:03","slug":"los-necesarios-estrenan-nuevo-sencillo-puedes-ser-feliz","status":"publish","type":"post","link":"https:\/\/temucotelevision.cl\/web\/2023\/02\/20\/los-necesarios-estrenan-nuevo-sencillo-puedes-ser-feliz\/","title":{"rendered":"Los Necesarios estrenan nuevo sencillo \u00abPuedes Ser Fel\u00edz\u00bb"},"content":{"rendered":"<div class=\"pvc_clear\"><\/div><p id=\"pvc_stats_38809\" class=\"pvc_stats total_only  \" data-element-id=\"38809\" style=\"\"><i class=\"pvc-stats-icon large\" aria-hidden=\"true\"><svg aria-hidden=\"true\" focusable=\"false\" data-prefix=\"far\" data-icon=\"chart-bar\" role=\"img\" xmlns=\"http:\/\/www.w3.org\/2000\/svg\" viewBox=\"0 0 512 512\" class=\"svg-inline--fa fa-chart-bar fa-w-16 fa-2x\"><path fill=\"currentColor\" d=\"M396.8 352h22.4c6.4 0 12.8-6.4 12.8-12.8V108.8c0-6.4-6.4-12.8-12.8-12.8h-22.4c-6.4 0-12.8 6.4-12.8 12.8v230.4c0 6.4 6.4 12.8 12.8 12.8zm-192 0h22.4c6.4 0 12.8-6.4 12.8-12.8V140.8c0-6.4-6.4-12.8-12.8-12.8h-22.4c-6.4 0-12.8 6.4-12.8 12.8v198.4c0 6.4 6.4 12.8 12.8 12.8zm96 0h22.4c6.4 0 12.8-6.4 12.8-12.8V204.8c0-6.4-6.4-12.8-12.8-12.8h-22.4c-6.4 0-12.8 6.4-12.8 12.8v134.4c0 6.4 6.4 12.8 12.8 12.8zM496 400H48V80c0-8.84-7.16-16-16-16H16C7.16 64 0 71.16 0 80v336c0 17.67 14.33 32 32 32h464c8.84 0 16-7.16 16-16v-16c0-8.84-7.16-16-16-16zm-387.2-48h22.4c6.4 0 12.8-6.4 12.8-12.8v-70.4c0-6.4-6.4-12.8-12.8-12.8h-22.4c-6.4 0-12.8 6.4-12.8 12.8v70.4c0 6.4 6.4 12.8 12.8 12.8z\" class=\"\"><\/path><\/svg><\/i> <img loading=\"lazy\" decoding=\"async\" width=\"16\" height=\"16\" alt=\"Loading\" src=\"https:\/\/temucotelevision.cl\/web\/wp-content\/plugins\/page-views-count\/ajax-loader-2x.gif\" border=0 \/><\/p><div class=\"pvc_clear\"><\/div>\n<p class=\"has-medium-font-size\"><strong>Rock y salud mental: iniciativas musicales locales.<\/strong><\/p>\n\n\n\n<p><strong>Los Necesarios,<\/strong> banda de rock-pop originaria de la comuna de <strong>TilTil,<\/strong> presenta su nuevo single <strong>\u201cPuedes ser feliz\u201d<\/strong>, donde la perseverancia y la confianza en uno mismo son algunas de las tem\u00e1ticas que toca este nuevo sencillo.<\/p>\n\n\n\n<p>La banda inicia su carrera el a\u00f1o 2020 con el lanzamiento de su single<strong> \u201cPresiento\u201d,<\/strong> una canci\u00f3n con ra\u00edces en el rock chileno contempor\u00e1neo. Su estilo musical se va ampliando y consolidando a medida que el grupo crea nuevos sencillos y su primer<strong> EP \u201cUna Vez M\u00e1s\u201d (2022)<\/strong>; todos trabajos que obtienen una gran acogida en playlist editoriales de tiendas digitales como Spotify y Amazon.<\/p>\n\n\n\n<p>Para el a\u00f1o 2023, la agrupaci\u00f3n nos sorprende con su nuevo lanzamiento titulado <strong>\u201cPuedes Ser Feliz\u201d,<\/strong> una canci\u00f3n que nos invita a salir adelante, tener fe, esperanza y confianza en ti mismo.<strong> \u201cLa vida es dura, pero si logras amarte profundamente y confiar en que tus decisiones son las correctas, la vida se transforma en algo m\u00e1s simple y llevadero\u201d,<\/strong> comenta <strong>Adolfo Villal\u00f3n<\/strong>, psic\u00f3logo y vocalista del grupo, m\u00fasico chileno que lidera este proyecto art\u00edstico.&nbsp;<\/p>\n\n\n\n<p>A trav\u00e9s de un potente sonido que mezcla lo mejor del rock y el pop, <strong>Los Necesarios<\/strong> entregan un mensaje que pone en valor la importancia de hablar de nuestra salud mental, ofreciendo una puesta art\u00edstica y musical para quienes sienten con intensidad lo dif\u00edcil que es la vida a ratos.<\/p>\n\n\n\n<p><strong>\u201cPuedes ser feliz\u201d<\/strong>&nbsp;disponible en Spotify, Deezer, Amazon y todas las plataformas de streaming.<\/p>\n\n\n\n<figure class=\"wp-block-embed is-type-rich is-provider-spotify wp-block-embed-spotify wp-embed-aspect-21-9 wp-has-aspect-ratio\"><div class=\"wp-block-embed__wrapper\">\n<iframe title=\"Spotify Embed: Puedes ser feliz\" style=\"border-radius: 12px\" width=\"100%\" height=\"352\" frameborder=\"0\" allowfullscreen allow=\"autoplay; clipboard-write; encrypted-media; fullscreen; picture-in-picture\" loading=\"lazy\" src=\"https:\/\/open.spotify.com\/embed\/album\/5iu2lVhZlB5OXnHqqIgElE?si=HYSOThHMSPagaLBtECEt4A&#038;utm_source=oembed\"><\/iframe>\n<\/div><\/figure>\n","protected":false},"excerpt":{"rendered":"<div class=\"pvc_clear\"><\/div>\n<p id=\"pvc_stats_38809\" class=\"pvc_stats total_only  \" data-element-id=\"38809\" style=\"\"><i class=\"pvc-stats-icon large\" aria-hidden=\"true\"><svg aria-hidden=\"true\" focusable=\"false\" data-prefix=\"far\" data-icon=\"chart-bar\" role=\"img\" xmlns=\"http:\/\/www.w3.org\/2000\/svg\" viewBox=\"0 0 512 512\" class=\"svg-inline--fa fa-chart-bar fa-w-16 fa-2x\"><path fill=\"currentColor\" d=\"M396.8 352h22.4c6.4 0 12.8-6.4 12.8-12.8V108.8c0-6.4-6.4-12.8-12.8-12.8h-22.4c-6.4 0-12.8 6.4-12.8 12.8v230.4c0 6.4 6.4 12.8 12.8 12.8zm-192 0h22.4c6.4 0 12.8-6.4 12.8-12.8V140.8c0-6.4-6.4-12.8-12.8-12.8h-22.4c-6.4 0-12.8 6.4-12.8 12.8v198.4c0 6.4 6.4 12.8 12.8 12.8zm96 0h22.4c6.4 0 12.8-6.4 12.8-12.8V204.8c0-6.4-6.4-12.8-12.8-12.8h-22.4c-6.4 0-12.8 6.4-12.8 12.8v134.4c0 6.4 6.4 12.8 12.8 12.8zM496 400H48V80c0-8.84-7.16-16-16-16H16C7.16 64 0 71.16 0 80v336c0 17.67 14.33 32 32 32h464c8.84 0 16-7.16 16-16v-16c0-8.84-7.16-16-16-16zm-387.2-48h22.4c6.4 0 12.8-6.4 12.8-12.8v-70.4c0-6.4-6.4-12.8-12.8-12.8h-22.4c-6.4 0-12.8 6.4-12.8 12.8v70.4c0 6.4 6.4 12.8 12.8 12.8z\" class=\"\"><\/path><\/svg><\/i> <img loading=\"lazy\" decoding=\"async\" width=\"16\" height=\"16\" alt=\"Loading\" src=\"https:\/\/temucotelevision.cl\/web\/wp-content\/plugins\/page-views-count\/ajax-loader-2x.gif\" border=0 \/><\/p>\n<div class=\"pvc_clear\"><\/div>\n<p>Rock y salud mental: iniciativas musicales locales. Los Necesarios, banda de rock-pop originaria de la comuna de TilTil, presenta su<\/p>\n","protected":false},"author":1,"featured_media":38812,"comment_status":"open","ping_status":"open","sticky":false,"template":"","format":"standard","meta":{"colormag_page_container_layout":"default_layout","colormag_page_sidebar_layout":"default_layout","footnotes":""},"categories":[369,1],"tags":[],"class_list":["post-38809","post","type-post","status-publish","format-standard","has-post-thumbnail","hentry","category-musica","category-sin-categoria"],"a3_pvc":{"activated":true,"total_views":66,"today_views":0},"_links":{"self":[{"href":"https:\/\/temucotelevision.cl\/web\/wp-json\/wp\/v2\/posts\/38809","targetHints":{"allow":["GET"]}}],"collection":[{"href":"https:\/\/temucotelevision.cl\/web\/wp-json\/wp\/v2\/posts"}],"about":[{"href":"https:\/\/temucotelevision.cl\/web\/wp-json\/wp\/v2\/types\/post"}],"author":[{"embeddable":true,"href":"https:\/\/temucotelevision.cl\/web\/wp-json\/wp\/v2\/users\/1"}],"replies":[{"embeddable":true,"href":"https:\/\/temucotelevision.cl\/web\/wp-json\/wp\/v2\/comments?post=38809"}],"version-history":[{"count":1,"href":"https:\/\/temucotelevision.cl\/web\/wp-json\/wp\/v2\/posts\/38809\/revisions"}],"predecessor-version":[{"id":38813,"href":"https:\/\/temucotelevision.cl\/web\/wp-json\/wp\/v2\/posts\/38809\/revisions\/38813"}],"wp:featuredmedia":[{"embeddable":true,"href":"https:\/\/temucotelevision.cl\/web\/wp-json\/wp\/v2\/media\/38812"}],"wp:attachment":[{"href":"https:\/\/temucotelevision.cl\/web\/wp-json\/wp\/v2\/media?parent=38809"}],"wp:term":[{"taxonomy":"category","embeddable":true,"href":"https:\/\/temucotelevision.cl\/web\/wp-json\/wp\/v2\/categories?post=38809"},{"taxonomy":"post_tag","embeddable":true,"href":"https:\/\/temucotelevision.cl\/web\/wp-json\/wp\/v2\/tags?post=38809"}],"curies":[{"name":"wp","href":"https:\/\/api.w.org\/{rel}","templated":true}]}}