{"id":38802,"date":"2023-02-20T09:31:32","date_gmt":"2023-02-20T12:31:32","guid":{"rendered":"https:\/\/temucotelevision.cl\/web\/?p=38802"},"modified":"2023-02-20T09:31:33","modified_gmt":"2023-02-20T12:31:33","slug":"mas-de-25-mil-personas-disfrutaron-con-la-primera-jornada-doble-del-show-aniversario-temuco-142-anos","status":"publish","type":"post","link":"https:\/\/temucotelevision.cl\/web\/2023\/02\/20\/mas-de-25-mil-personas-disfrutaron-con-la-primera-jornada-doble-del-show-aniversario-temuco-142-anos\/","title":{"rendered":"M\u00e1s de 25 mil personas disfrutaron con la primera jornada doble del show \u201caniversario Temuco 142 a\u00f1os\u201d"},"content":{"rendered":"<div class=\"pvc_clear\"><\/div><p id=\"pvc_stats_38802\" class=\"pvc_stats total_only  \" data-element-id=\"38802\" style=\"\"><i class=\"pvc-stats-icon large\" aria-hidden=\"true\"><svg aria-hidden=\"true\" focusable=\"false\" data-prefix=\"far\" data-icon=\"chart-bar\" role=\"img\" xmlns=\"http:\/\/www.w3.org\/2000\/svg\" viewBox=\"0 0 512 512\" class=\"svg-inline--fa fa-chart-bar fa-w-16 fa-2x\"><path fill=\"currentColor\" d=\"M396.8 352h22.4c6.4 0 12.8-6.4 12.8-12.8V108.8c0-6.4-6.4-12.8-12.8-12.8h-22.4c-6.4 0-12.8 6.4-12.8 12.8v230.4c0 6.4 6.4 12.8 12.8 12.8zm-192 0h22.4c6.4 0 12.8-6.4 12.8-12.8V140.8c0-6.4-6.4-12.8-12.8-12.8h-22.4c-6.4 0-12.8 6.4-12.8 12.8v198.4c0 6.4 6.4 12.8 12.8 12.8zm96 0h22.4c6.4 0 12.8-6.4 12.8-12.8V204.8c0-6.4-6.4-12.8-12.8-12.8h-22.4c-6.4 0-12.8 6.4-12.8 12.8v134.4c0 6.4 6.4 12.8 12.8 12.8zM496 400H48V80c0-8.84-7.16-16-16-16H16C7.16 64 0 71.16 0 80v336c0 17.67 14.33 32 32 32h464c8.84 0 16-7.16 16-16v-16c0-8.84-7.16-16-16-16zm-387.2-48h22.4c6.4 0 12.8-6.4 12.8-12.8v-70.4c0-6.4-6.4-12.8-12.8-12.8h-22.4c-6.4 0-12.8 6.4-12.8 12.8v70.4c0 6.4 6.4 12.8 12.8 12.8z\" class=\"\"><\/path><\/svg><\/i> <img loading=\"lazy\" decoding=\"async\" width=\"16\" height=\"16\" alt=\"Loading\" src=\"https:\/\/temucotelevision.cl\/web\/wp-content\/plugins\/page-views-count\/ajax-loader-2x.gif\" border=0 \/><\/p><div class=\"pvc_clear\"><\/div>\n<p><em>La Municipalidad de Temuco celebr\u00f3 con \u00e9xito la primera parte del gran evento donde miles de temuquenses llegaron al Estadio Bicentenario Germ\u00e1n Becker para ver a sus artistas favoritos.<\/em><\/p>\n\n\n\n<p>Con gran participaci\u00f3n de la comunidad se desarroll\u00f3 la primera jornada doble del show \u201caniversario Temuco 142 a\u00f1os\u201d, evento organizado por la Municipalidad de Temuco y que se desarroll\u00f3 el fin de semana en el Estadio Bicentenario Germ\u00e1n Becker, y donde destac\u00f3 el excelente comportamiento de las y los asistentes.<\/p>\n\n\n\n<p>Superando todas las expectativas y pron\u00f3sticos, el municipio inform\u00f3 cuentas alegres respecto a la participaci\u00f3n de las y los temuquenses, donde el primer d\u00eda sabatino super\u00f3 por amplio margen a la jornada dominical, llegando m\u00e1s de 15 mil personas a disfrutar de la m\u00fasica urbana que tuvo grandes exponentes locales y nacionales.<\/p>\n\n\n\n<p>El primer d\u00eda tuvo como p\u00fablico al segmento juvenil de la comuna, quienes disfrutaron con la apertura del artista \u201cMati Farra\u201d, quien hizo bailar a las y los asistentes con sus mejores \u00e9xitos. Posteriormente, estuvo sobre el escenario la joven promesa temuquense LIV, quien desarroll\u00f3 una notable presentaci\u00f3n que fue premiada con el reconocimiento de los presentes. El cierre estuvo a cargo del artista nacional \u201cCris MJ\u201d, quien hizo bailar a sus fans locales con sus mejores temas como \u201cMedellin\u201d, \u201cBellakera\u201d y \u201cLl\u00e1mame Beb\u00e9\u201d, entre muchos m\u00e1s, desplegando toda su performance por casi 40 minutos.<\/p>\n\n\n\n<p>La segunda jornada dominical arranc\u00f3 con los artistas locales \u201cDelanueve y NFX\u201d, continuando con la presentaci\u00f3n de \u201cCasi Lola\u201d y cerrando con el plato fuerte de la velada, el grupo nacional \u201cChico Trujillo\u201d, encabezados por Aldo Asenjo, alias \u201cEl Macha\u201d y Sebasti\u00e1n Cabezas, alias \u201cEl Zorra\u201d, quienes junto a su agrupaci\u00f3n hicieron vibrar a m\u00e1s de 10 mil personas con grandes \u00e9xitos como \u201cLa Medallita\u201d, \u201cLoca Loca\u201d y \u201cTus besos Son\u201d, entre otros.<\/p>\n\n\n\n<p>En ese contexto, el alcalde Neira coment\u00f3: \u201cestamos felices de haber podido ejecutar esta primera parte de nuestro show, y felicito a todas y todos los j\u00f3venes porque nos sentimos orgullosos del comportamiento que tuvieron. Nosotros como Concejo Municipal estamos muy contentos de c\u00f3mo se desarroll\u00f3 esta primera jornada doble de este gran show aniversario que hemos preparado y organizado camino a los 150 a\u00f1os de vida de Temuco. Esperamos que el pr\u00f3ximo fin de semana la comunidad venga a disfrutar porque cerraremos con grandes grupos nacionales y regionales\u201d.<\/p>\n\n\n\n<p><strong>Los artistas<\/strong><\/p>\n\n\n\n<p>Desplegando un show perfecto y con s\u00f3lo dos a\u00f1os de carrera, la artista temuquense LIV, la \u00fanica exponente del g\u00e9nero urbano femenino presente en la primera jornada, coment\u00f3: \u201cestoy muy contenta, emocionada y agradecida del municipio por generar estas instancias y dar oportunidades a los artistas regionales. Encontr\u00e9 fant\u00e1stico que hayan separado las tem\u00e1ticas y porque da a todo el p\u00fablico\u201d.<\/p>\n\n\n\n<p>Y el connotado grupo nacional \u201cChico Trujillo\u201d, encargado de cerrar la segunda jornada dominical, despleg\u00f3 todo su repertorio por casi una hora sobre el escenario, haciendo bailar a miles de temuquenses que llegaron a cerrar un fin de semana lleno de m\u00fasica.<\/p>\n\n\n\n<p>Antes de subir al escenario, uno de sus l\u00edderes, el \u201cZorra\u201d de, sostuvo un punto de prensa donde, adem\u00e1s de agradecer al municipio la oportunidad de brindar su show en tierras araucanas coment\u00f3: \u201chace tiempo que no ven\u00edamos a Temuco y estamos muy contentos y haremos lo que mejor sabemos hacer, entretener al p\u00fablico con nuestras canciones, y esperamos que la gente disfrute con nuestro show\u201d.<\/p>\n\n\n\n<figure class=\"wp-block-image size-large\"><img loading=\"lazy\" decoding=\"async\" width=\"1024\" height=\"682\" src=\"https:\/\/temucotelevision.cl\/web\/wp-content\/uploads\/2023\/02\/Aniversario-Tco2-1024x682.jpeg\" alt=\"\" class=\"wp-image-38804\" srcset=\"https:\/\/temucotelevision.cl\/web\/wp-content\/uploads\/2023\/02\/Aniversario-Tco2-1024x682.jpeg 1024w, https:\/\/temucotelevision.cl\/web\/wp-content\/uploads\/2023\/02\/Aniversario-Tco2-768x512.jpeg 768w, https:\/\/temucotelevision.cl\/web\/wp-content\/uploads\/2023\/02\/Aniversario-Tco2-1536x1023.jpeg 1536w, https:\/\/temucotelevision.cl\/web\/wp-content\/uploads\/2023\/02\/Aniversario-Tco2.jpeg 1600w\" sizes=\"auto, (max-width: 1024px) 100vw, 1024px\" \/><\/figure>\n","protected":false},"excerpt":{"rendered":"<div class=\"pvc_clear\"><\/div>\n<p id=\"pvc_stats_38802\" class=\"pvc_stats total_only  \" data-element-id=\"38802\" style=\"\"><i class=\"pvc-stats-icon large\" aria-hidden=\"true\"><svg aria-hidden=\"true\" focusable=\"false\" data-prefix=\"far\" data-icon=\"chart-bar\" role=\"img\" xmlns=\"http:\/\/www.w3.org\/2000\/svg\" viewBox=\"0 0 512 512\" class=\"svg-inline--fa fa-chart-bar fa-w-16 fa-2x\"><path fill=\"currentColor\" d=\"M396.8 352h22.4c6.4 0 12.8-6.4 12.8-12.8V108.8c0-6.4-6.4-12.8-12.8-12.8h-22.4c-6.4 0-12.8 6.4-12.8 12.8v230.4c0 6.4 6.4 12.8 12.8 12.8zm-192 0h22.4c6.4 0 12.8-6.4 12.8-12.8V140.8c0-6.4-6.4-12.8-12.8-12.8h-22.4c-6.4 0-12.8 6.4-12.8 12.8v198.4c0 6.4 6.4 12.8 12.8 12.8zm96 0h22.4c6.4 0 12.8-6.4 12.8-12.8V204.8c0-6.4-6.4-12.8-12.8-12.8h-22.4c-6.4 0-12.8 6.4-12.8 12.8v134.4c0 6.4 6.4 12.8 12.8 12.8zM496 400H48V80c0-8.84-7.16-16-16-16H16C7.16 64 0 71.16 0 80v336c0 17.67 14.33 32 32 32h464c8.84 0 16-7.16 16-16v-16c0-8.84-7.16-16-16-16zm-387.2-48h22.4c6.4 0 12.8-6.4 12.8-12.8v-70.4c0-6.4-6.4-12.8-12.8-12.8h-22.4c-6.4 0-12.8 6.4-12.8 12.8v70.4c0 6.4 6.4 12.8 12.8 12.8z\" class=\"\"><\/path><\/svg><\/i> <img loading=\"lazy\" decoding=\"async\" width=\"16\" height=\"16\" alt=\"Loading\" src=\"https:\/\/temucotelevision.cl\/web\/wp-content\/plugins\/page-views-count\/ajax-loader-2x.gif\" border=0 \/><\/p>\n<div class=\"pvc_clear\"><\/div>\n<p>La Municipalidad de Temuco celebr\u00f3 con \u00e9xito la primera parte del gran evento donde miles de temuquenses llegaron al Estadio<\/p>\n","protected":false},"author":1,"featured_media":38803,"comment_status":"open","ping_status":"open","sticky":false,"template":"","format":"standard","meta":{"colormag_page_container_layout":"default_layout","colormag_page_sidebar_layout":"default_layout","footnotes":""},"categories":[86,14],"tags":[496,807,616,6180],"class_list":["post-38802","post","type-post","status-publish","format-standard","has-post-thumbnail","hentry","category-panoramas","category-temuco","tag-aniversario","tag-municipalidad","tag-show","tag-temuco-142-anos"],"a3_pvc":{"activated":true,"total_views":134,"today_views":0},"_links":{"self":[{"href":"https:\/\/temucotelevision.cl\/web\/wp-json\/wp\/v2\/posts\/38802","targetHints":{"allow":["GET"]}}],"collection":[{"href":"https:\/\/temucotelevision.cl\/web\/wp-json\/wp\/v2\/posts"}],"about":[{"href":"https:\/\/temucotelevision.cl\/web\/wp-json\/wp\/v2\/types\/post"}],"author":[{"embeddable":true,"href":"https:\/\/temucotelevision.cl\/web\/wp-json\/wp\/v2\/users\/1"}],"replies":[{"embeddable":true,"href":"https:\/\/temucotelevision.cl\/web\/wp-json\/wp\/v2\/comments?post=38802"}],"version-history":[{"count":1,"href":"https:\/\/temucotelevision.cl\/web\/wp-json\/wp\/v2\/posts\/38802\/revisions"}],"predecessor-version":[{"id":38805,"href":"https:\/\/temucotelevision.cl\/web\/wp-json\/wp\/v2\/posts\/38802\/revisions\/38805"}],"wp:featuredmedia":[{"embeddable":true,"href":"https:\/\/temucotelevision.cl\/web\/wp-json\/wp\/v2\/media\/38803"}],"wp:attachment":[{"href":"https:\/\/temucotelevision.cl\/web\/wp-json\/wp\/v2\/media?parent=38802"}],"wp:term":[{"taxonomy":"category","embeddable":true,"href":"https:\/\/temucotelevision.cl\/web\/wp-json\/wp\/v2\/categories?post=38802"},{"taxonomy":"post_tag","embeddable":true,"href":"https:\/\/temucotelevision.cl\/web\/wp-json\/wp\/v2\/tags?post=38802"}],"curies":[{"name":"wp","href":"https:\/\/api.w.org\/{rel}","templated":true}]}}