{"id":38800,"date":"2023-02-19T22:10:22","date_gmt":"2023-02-20T01:10:22","guid":{"rendered":"https:\/\/temucotelevision.cl\/web\/?p=38800"},"modified":"2023-02-19T22:10:23","modified_gmt":"2023-02-20T01:10:23","slug":"diputado-schubert-solicito-a-municipios-de-la-araucania-detallar-planes-para-combatir-el-alcoholismo-y-violencia-intrafamiliar-en-la-region","status":"publish","type":"post","link":"https:\/\/temucotelevision.cl\/web\/2023\/02\/19\/diputado-schubert-solicito-a-municipios-de-la-araucania-detallar-planes-para-combatir-el-alcoholismo-y-violencia-intrafamiliar-en-la-region\/","title":{"rendered":"Diputado Schubert solicit\u00f3 a municipios de La Araucan\u00eda detallar planes para combatir el alcoholismo y violencia intrafamiliar en la regi\u00f3n"},"content":{"rendered":"<div class=\"pvc_clear\"><\/div><p id=\"pvc_stats_38800\" class=\"pvc_stats total_only  \" data-element-id=\"38800\" style=\"\"><i class=\"pvc-stats-icon large\" aria-hidden=\"true\"><svg aria-hidden=\"true\" focusable=\"false\" data-prefix=\"far\" data-icon=\"chart-bar\" role=\"img\" xmlns=\"http:\/\/www.w3.org\/2000\/svg\" viewBox=\"0 0 512 512\" class=\"svg-inline--fa fa-chart-bar fa-w-16 fa-2x\"><path fill=\"currentColor\" d=\"M396.8 352h22.4c6.4 0 12.8-6.4 12.8-12.8V108.8c0-6.4-6.4-12.8-12.8-12.8h-22.4c-6.4 0-12.8 6.4-12.8 12.8v230.4c0 6.4 6.4 12.8 12.8 12.8zm-192 0h22.4c6.4 0 12.8-6.4 12.8-12.8V140.8c0-6.4-6.4-12.8-12.8-12.8h-22.4c-6.4 0-12.8 6.4-12.8 12.8v198.4c0 6.4 6.4 12.8 12.8 12.8zm96 0h22.4c6.4 0 12.8-6.4 12.8-12.8V204.8c0-6.4-6.4-12.8-12.8-12.8h-22.4c-6.4 0-12.8 6.4-12.8 12.8v134.4c0 6.4 6.4 12.8 12.8 12.8zM496 400H48V80c0-8.84-7.16-16-16-16H16C7.16 64 0 71.16 0 80v336c0 17.67 14.33 32 32 32h464c8.84 0 16-7.16 16-16v-16c0-8.84-7.16-16-16-16zm-387.2-48h22.4c6.4 0 12.8-6.4 12.8-12.8v-70.4c0-6.4-6.4-12.8-12.8-12.8h-22.4c-6.4 0-12.8 6.4-12.8 12.8v70.4c0 6.4 6.4 12.8 12.8 12.8z\" class=\"\"><\/path><\/svg><\/i> <img loading=\"lazy\" decoding=\"async\" width=\"16\" height=\"16\" alt=\"Loading\" src=\"https:\/\/temucotelevision.cl\/web\/wp-content\/plugins\/page-views-count\/ajax-loader-2x.gif\" border=0 \/><\/p><div class=\"pvc_clear\"><\/div>\n<ul class=\"wp-block-list\"><li><strong>Lo anterior, se da a ra\u00edz de distintos datos que abordan estas problem\u00e1ticas que existen en la zona.<\/strong><\/li><\/ul>\n\n\n\n<p>El diputado independiente pro republicano, Stephan Schubert, pidi\u00f3 a las municipalidades de la Regi\u00f3n de La Araucan\u00eda que informen sobre la existencia de datos comunales sobre alcoholismo, desagregado por grupos etarios y por sexo, adem\u00e1s de datos sobre violencia intrafamiliar. Lo anterior, surgi\u00f3 a ra\u00edz de lo se\u00f1alado por la seremi de la Mujer y Equidad de G\u00e9nero de La Araucan\u00eda, Lucy Ketterer, quien coment\u00f3 que entre los per\u00edodos 2021 y 2022 los \u00edndices de violencia intrafamiliar aumentaron en 6%, los de abuso sexual en 39% y las violaciones un 23%, adem\u00e1s de tres femicidios y 22 femicidios frustrados.<\/p>\n\n\n\n<p>Ante este escenario, el parlamentario solicit\u00f3 conocer los planes y programas de intervenci\u00f3n y apoyo para las familias que padecen esta realidad, y que requieren del apoyo de profesionales para enfrentar la problem\u00e1tica, como familia o grupo familiar.<\/p>\n\n\n\n<p>\u201cDebido a la importancia de la materia, es fundamental tener en conocimiento cu\u00e1l es la labor municipal exacta que se desarrolla respecto a esta realidad, y asimismo, saber cu\u00e1les son los planes a corto, mediano y largo plazo de los municipios frente a esta lamentable realidad\u201d, coment\u00f3 Schubert.<\/p>\n\n\n\n<p>En el mismo sentido, agreg\u00f3 que es \u201cfundamental que ante este tipo de problemas exista un plan nacional que integre los ministerio de Salud, Deportes, Trabajo y Desarrollo Social y claramente con un nexo con los municipios, con el fin de poder instalar pol\u00edticas de Estado y no de gobiernos de turno frente a un problema que crece cada d\u00eda\u201d.<\/p>\n\n\n\n<p>Cabe se\u00f1alar que en la zona existen 23 centros de tratamiento en convenio con Senda con distintas modalidades de atenci\u00f3n, a los cuales se puede acceder de manera gratuita para beneficiarios de Fonasa y de acuerdo al grado de complejidad o compromiso de salud de cada caso. Adem\u00e1s, hay que recordar que las cifras de la encuesta Juventud y Bienestar de Senda 2022 exponen que 62,9 % de los adolescentes dice que uno de sus amigos ha bebido alcohol. En tanto, 45,2 % dice que al menos uno de sus amigos se ha emborrachado, y 41,8 % admite que uno de sus amigos ha consumido marihuana.<\/p>\n","protected":false},"excerpt":{"rendered":"<div class=\"pvc_clear\"><\/div>\n<p id=\"pvc_stats_38800\" class=\"pvc_stats total_only  \" data-element-id=\"38800\" style=\"\"><i class=\"pvc-stats-icon large\" aria-hidden=\"true\"><svg aria-hidden=\"true\" focusable=\"false\" data-prefix=\"far\" data-icon=\"chart-bar\" role=\"img\" xmlns=\"http:\/\/www.w3.org\/2000\/svg\" viewBox=\"0 0 512 512\" class=\"svg-inline--fa fa-chart-bar fa-w-16 fa-2x\"><path fill=\"currentColor\" d=\"M396.8 352h22.4c6.4 0 12.8-6.4 12.8-12.8V108.8c0-6.4-6.4-12.8-12.8-12.8h-22.4c-6.4 0-12.8 6.4-12.8 12.8v230.4c0 6.4 6.4 12.8 12.8 12.8zm-192 0h22.4c6.4 0 12.8-6.4 12.8-12.8V140.8c0-6.4-6.4-12.8-12.8-12.8h-22.4c-6.4 0-12.8 6.4-12.8 12.8v198.4c0 6.4 6.4 12.8 12.8 12.8zm96 0h22.4c6.4 0 12.8-6.4 12.8-12.8V204.8c0-6.4-6.4-12.8-12.8-12.8h-22.4c-6.4 0-12.8 6.4-12.8 12.8v134.4c0 6.4 6.4 12.8 12.8 12.8zM496 400H48V80c0-8.84-7.16-16-16-16H16C7.16 64 0 71.16 0 80v336c0 17.67 14.33 32 32 32h464c8.84 0 16-7.16 16-16v-16c0-8.84-7.16-16-16-16zm-387.2-48h22.4c6.4 0 12.8-6.4 12.8-12.8v-70.4c0-6.4-6.4-12.8-12.8-12.8h-22.4c-6.4 0-12.8 6.4-12.8 12.8v70.4c0 6.4 6.4 12.8 12.8 12.8z\" class=\"\"><\/path><\/svg><\/i> <img loading=\"lazy\" decoding=\"async\" width=\"16\" height=\"16\" alt=\"Loading\" src=\"https:\/\/temucotelevision.cl\/web\/wp-content\/plugins\/page-views-count\/ajax-loader-2x.gif\" border=0 \/><\/p>\n<div class=\"pvc_clear\"><\/div>\n<p>Lo anterior, se da a ra\u00edz de distintos datos que abordan estas problem\u00e1ticas que existen en la zona. El diputado<\/p>\n","protected":false},"author":1,"featured_media":37079,"comment_status":"open","ping_status":"open","sticky":false,"template":"","format":"standard","meta":{"colormag_page_container_layout":"default_layout","colormag_page_sidebar_layout":"default_layout","footnotes":""},"categories":[84],"tags":[6178,154,5188,6179,1237],"class_list":["post-38800","post","type-post","status-publish","format-standard","has-post-thumbnail","hentry","category-politica","tag-alcoholismo","tag-diputado","tag-schubert","tag-vf","tag-violencia"],"a3_pvc":{"activated":true,"total_views":105,"today_views":0},"_links":{"self":[{"href":"https:\/\/temucotelevision.cl\/web\/wp-json\/wp\/v2\/posts\/38800","targetHints":{"allow":["GET"]}}],"collection":[{"href":"https:\/\/temucotelevision.cl\/web\/wp-json\/wp\/v2\/posts"}],"about":[{"href":"https:\/\/temucotelevision.cl\/web\/wp-json\/wp\/v2\/types\/post"}],"author":[{"embeddable":true,"href":"https:\/\/temucotelevision.cl\/web\/wp-json\/wp\/v2\/users\/1"}],"replies":[{"embeddable":true,"href":"https:\/\/temucotelevision.cl\/web\/wp-json\/wp\/v2\/comments?post=38800"}],"version-history":[{"count":1,"href":"https:\/\/temucotelevision.cl\/web\/wp-json\/wp\/v2\/posts\/38800\/revisions"}],"predecessor-version":[{"id":38801,"href":"https:\/\/temucotelevision.cl\/web\/wp-json\/wp\/v2\/posts\/38800\/revisions\/38801"}],"wp:featuredmedia":[{"embeddable":true,"href":"https:\/\/temucotelevision.cl\/web\/wp-json\/wp\/v2\/media\/37079"}],"wp:attachment":[{"href":"https:\/\/temucotelevision.cl\/web\/wp-json\/wp\/v2\/media?parent=38800"}],"wp:term":[{"taxonomy":"category","embeddable":true,"href":"https:\/\/temucotelevision.cl\/web\/wp-json\/wp\/v2\/categories?post=38800"},{"taxonomy":"post_tag","embeddable":true,"href":"https:\/\/temucotelevision.cl\/web\/wp-json\/wp\/v2\/tags?post=38800"}],"curies":[{"name":"wp","href":"https:\/\/api.w.org\/{rel}","templated":true}]}}