{"id":38796,"date":"2023-02-19T21:29:27","date_gmt":"2023-02-20T00:29:27","guid":{"rendered":"https:\/\/temucotelevision.cl\/web\/?p=38796"},"modified":"2023-02-19T21:29:28","modified_gmt":"2023-02-20T00:29:28","slug":"corma-denuncia-ola-de-incendios-intencionales-en-el-sur","status":"publish","type":"post","link":"https:\/\/temucotelevision.cl\/web\/2023\/02\/19\/corma-denuncia-ola-de-incendios-intencionales-en-el-sur\/","title":{"rendered":"Corma denuncia ola de incendios intencionales en el sur"},"content":{"rendered":"<div class=\"pvc_clear\"><\/div><p id=\"pvc_stats_38796\" class=\"pvc_stats total_only  \" data-element-id=\"38796\" style=\"\"><i class=\"pvc-stats-icon large\" aria-hidden=\"true\"><svg aria-hidden=\"true\" focusable=\"false\" data-prefix=\"far\" data-icon=\"chart-bar\" role=\"img\" xmlns=\"http:\/\/www.w3.org\/2000\/svg\" viewBox=\"0 0 512 512\" class=\"svg-inline--fa fa-chart-bar fa-w-16 fa-2x\"><path fill=\"currentColor\" d=\"M396.8 352h22.4c6.4 0 12.8-6.4 12.8-12.8V108.8c0-6.4-6.4-12.8-12.8-12.8h-22.4c-6.4 0-12.8 6.4-12.8 12.8v230.4c0 6.4 6.4 12.8 12.8 12.8zm-192 0h22.4c6.4 0 12.8-6.4 12.8-12.8V140.8c0-6.4-6.4-12.8-12.8-12.8h-22.4c-6.4 0-12.8 6.4-12.8 12.8v198.4c0 6.4 6.4 12.8 12.8 12.8zm96 0h22.4c6.4 0 12.8-6.4 12.8-12.8V204.8c0-6.4-6.4-12.8-12.8-12.8h-22.4c-6.4 0-12.8 6.4-12.8 12.8v134.4c0 6.4 6.4 12.8 12.8 12.8zM496 400H48V80c0-8.84-7.16-16-16-16H16C7.16 64 0 71.16 0 80v336c0 17.67 14.33 32 32 32h464c8.84 0 16-7.16 16-16v-16c0-8.84-7.16-16-16-16zm-387.2-48h22.4c6.4 0 12.8-6.4 12.8-12.8v-70.4c0-6.4-6.4-12.8-12.8-12.8h-22.4c-6.4 0-12.8 6.4-12.8 12.8v70.4c0 6.4 6.4 12.8 12.8 12.8z\" class=\"\"><\/path><\/svg><\/i> <img loading=\"lazy\" decoding=\"async\" width=\"16\" height=\"16\" alt=\"Loading\" src=\"https:\/\/temucotelevision.cl\/web\/wp-content\/plugins\/page-views-count\/ajax-loader-2x.gif\" border=0 \/><\/p><div class=\"pvc_clear\"><\/div>\n<p><strong>El gremio de la madera alert\u00f3 que en esta emergencia siete de cada 10 incendios que se registran en Biob\u00edo y 6 de cada 10 en la Araucan\u00eda, son intencionales y que incluso hay comunas donde la intencionalidad supera el 90%.<\/strong><\/p>\n\n\n\n<p>La Corporaci\u00f3n Chilena de la Madera -Corma- alert\u00f3 este s\u00e1bado sobre una fuerte alza de la intencionalidad en los siniestros que afectan la zona sur del pa\u00eds,&nbsp;expres\u00f3&nbsp;que \u201csiete de cada 10 incendios son intencionales en Biob\u00edo y 6 de cada 10 en la Araucan\u00eda e incluso hay comunas donde este indicador supera el 90%\u201d.<\/p>\n\n\n\n<p>El gremio afirm\u00f3 que s\u00f3lo en las \u00faltimas 48 horas, las empresas forestales socias han informado un grave aumento de incendios intencionales, incluso volviendo a prender en zonas aisladas, donde ya estaban extinguidos. \u201cLa aparici\u00f3n de multifocos, donde se pueden apreciar fuegos alineados en un mismo lugar, muestra una de las formas en que operan estas organizaciones tras los incendios intencionales\u201d se\u00f1al\u00f3 Corma, y agreg\u00f3 que lo mismo ocurre con los incendios que afectan a Coronel, Coihueco y Penco.<\/p>\n\n\n\n<p>La Corma sostuvo que la emergencia est\u00e1 lejos de haber terminado y los pr\u00f3ximos cinco d\u00edas presentan un escenario cr\u00edtico, raz\u00f3n por la cual solicit\u00f3 a las autoridades a cargo de los Estados de Excepci\u00f3n, incrementar los patrullajes en las zonas de mayor riesgo, dado que los incendios son un tema de seguridad p\u00fablica que afectan la vida, viviendas, enseres y animales de los vecinos de los territorios rurales.&nbsp;<\/p>\n\n\n\n<p>En lo que va de esta temporada, la Corporaci\u00f3n Chilena de la Madera ha se\u00f1alado que hay 1.120 incendios consignados como incendios intencionales, a lo que se suman denuncias de vecinos y comunidades que han denunciado a personas prendiendo fuego intencionalmente, as\u00ed como impedimento para que brigadistas entren a combatir el fuego en ciertos lugares.&nbsp;<\/p>\n\n\n\n<p>El gremio agreg\u00f3 que junto con lo anterior han recrudecido los ataques incendiarios contra maquinaria, generando con ello, nuevos focos de incendios en \u201cacciones criminales en medio de la emergencia que vive el pa\u00eds\u201d.<\/p>\n\n\n\n<p>Por lo mismo, el gremio maderero insisti\u00f3 en la urgencia de \u201cintensificar el patrullaje de los caminos, el copamiento territorial, para detener a estos delincuentes que est\u00e1n prendiendo y quemando en total impunidad el sur de Chile\u201d.<\/p>\n","protected":false},"excerpt":{"rendered":"<div class=\"pvc_clear\"><\/div>\n<p id=\"pvc_stats_38796\" class=\"pvc_stats total_only  \" data-element-id=\"38796\" style=\"\"><i class=\"pvc-stats-icon large\" aria-hidden=\"true\"><svg aria-hidden=\"true\" focusable=\"false\" data-prefix=\"far\" data-icon=\"chart-bar\" role=\"img\" xmlns=\"http:\/\/www.w3.org\/2000\/svg\" viewBox=\"0 0 512 512\" class=\"svg-inline--fa fa-chart-bar fa-w-16 fa-2x\"><path fill=\"currentColor\" d=\"M396.8 352h22.4c6.4 0 12.8-6.4 12.8-12.8V108.8c0-6.4-6.4-12.8-12.8-12.8h-22.4c-6.4 0-12.8 6.4-12.8 12.8v230.4c0 6.4 6.4 12.8 12.8 12.8zm-192 0h22.4c6.4 0 12.8-6.4 12.8-12.8V140.8c0-6.4-6.4-12.8-12.8-12.8h-22.4c-6.4 0-12.8 6.4-12.8 12.8v198.4c0 6.4 6.4 12.8 12.8 12.8zm96 0h22.4c6.4 0 12.8-6.4 12.8-12.8V204.8c0-6.4-6.4-12.8-12.8-12.8h-22.4c-6.4 0-12.8 6.4-12.8 12.8v134.4c0 6.4 6.4 12.8 12.8 12.8zM496 400H48V80c0-8.84-7.16-16-16-16H16C7.16 64 0 71.16 0 80v336c0 17.67 14.33 32 32 32h464c8.84 0 16-7.16 16-16v-16c0-8.84-7.16-16-16-16zm-387.2-48h22.4c6.4 0 12.8-6.4 12.8-12.8v-70.4c0-6.4-6.4-12.8-12.8-12.8h-22.4c-6.4 0-12.8 6.4-12.8 12.8v70.4c0 6.4 6.4 12.8 12.8 12.8z\" class=\"\"><\/path><\/svg><\/i> <img loading=\"lazy\" decoding=\"async\" width=\"16\" height=\"16\" alt=\"Loading\" src=\"https:\/\/temucotelevision.cl\/web\/wp-content\/plugins\/page-views-count\/ajax-loader-2x.gif\" border=0 \/><\/p>\n<div class=\"pvc_clear\"><\/div>\n<p>El gremio de la madera alert\u00f3 que en esta emergencia siete de cada 10 incendios que se registran en Biob\u00edo<\/p>\n","protected":false},"author":1,"featured_media":38798,"comment_status":"open","ping_status":"open","sticky":false,"template":"","format":"standard","meta":{"colormag_page_container_layout":"default_layout","colormag_page_sidebar_layout":"default_layout","footnotes":""},"categories":[14],"tags":[512,3471,95],"class_list":["post-38796","post","type-post","status-publish","format-standard","has-post-thumbnail","hentry","category-temuco","tag-brigadas","tag-corma","tag-registro"],"a3_pvc":{"activated":true,"total_views":37,"today_views":0},"_links":{"self":[{"href":"https:\/\/temucotelevision.cl\/web\/wp-json\/wp\/v2\/posts\/38796","targetHints":{"allow":["GET"]}}],"collection":[{"href":"https:\/\/temucotelevision.cl\/web\/wp-json\/wp\/v2\/posts"}],"about":[{"href":"https:\/\/temucotelevision.cl\/web\/wp-json\/wp\/v2\/types\/post"}],"author":[{"embeddable":true,"href":"https:\/\/temucotelevision.cl\/web\/wp-json\/wp\/v2\/users\/1"}],"replies":[{"embeddable":true,"href":"https:\/\/temucotelevision.cl\/web\/wp-json\/wp\/v2\/comments?post=38796"}],"version-history":[{"count":1,"href":"https:\/\/temucotelevision.cl\/web\/wp-json\/wp\/v2\/posts\/38796\/revisions"}],"predecessor-version":[{"id":38799,"href":"https:\/\/temucotelevision.cl\/web\/wp-json\/wp\/v2\/posts\/38796\/revisions\/38799"}],"wp:featuredmedia":[{"embeddable":true,"href":"https:\/\/temucotelevision.cl\/web\/wp-json\/wp\/v2\/media\/38798"}],"wp:attachment":[{"href":"https:\/\/temucotelevision.cl\/web\/wp-json\/wp\/v2\/media?parent=38796"}],"wp:term":[{"taxonomy":"category","embeddable":true,"href":"https:\/\/temucotelevision.cl\/web\/wp-json\/wp\/v2\/categories?post=38796"},{"taxonomy":"post_tag","embeddable":true,"href":"https:\/\/temucotelevision.cl\/web\/wp-json\/wp\/v2\/tags?post=38796"}],"curies":[{"name":"wp","href":"https:\/\/api.w.org\/{rel}","templated":true}]}}