{"id":38793,"date":"2023-02-19T11:22:04","date_gmt":"2023-02-19T14:22:04","guid":{"rendered":"https:\/\/temucotelevision.cl\/web\/?p=38793"},"modified":"2023-02-19T11:22:05","modified_gmt":"2023-02-19T14:22:05","slug":"gobernador-rivas-y-bomberos-de-la-araucania-recibieron-5-mil-raciones-de-alimentos-por-parte-de-la-empresa-pf","status":"publish","type":"post","link":"https:\/\/temucotelevision.cl\/web\/2023\/02\/19\/gobernador-rivas-y-bomberos-de-la-araucania-recibieron-5-mil-raciones-de-alimentos-por-parte-de-la-empresa-pf\/","title":{"rendered":"Gobernador Rivas y Bomberos de La Araucan\u00eda recibieron 5 mil raciones de alimentos por parte de la empresa PF"},"content":{"rendered":"<div class=\"pvc_clear\"><\/div><p id=\"pvc_stats_38793\" class=\"pvc_stats total_only  \" data-element-id=\"38793\" style=\"\"><i class=\"pvc-stats-icon large\" aria-hidden=\"true\"><svg aria-hidden=\"true\" focusable=\"false\" data-prefix=\"far\" data-icon=\"chart-bar\" role=\"img\" xmlns=\"http:\/\/www.w3.org\/2000\/svg\" viewBox=\"0 0 512 512\" class=\"svg-inline--fa fa-chart-bar fa-w-16 fa-2x\"><path fill=\"currentColor\" d=\"M396.8 352h22.4c6.4 0 12.8-6.4 12.8-12.8V108.8c0-6.4-6.4-12.8-12.8-12.8h-22.4c-6.4 0-12.8 6.4-12.8 12.8v230.4c0 6.4 6.4 12.8 12.8 12.8zm-192 0h22.4c6.4 0 12.8-6.4 12.8-12.8V140.8c0-6.4-6.4-12.8-12.8-12.8h-22.4c-6.4 0-12.8 6.4-12.8 12.8v198.4c0 6.4 6.4 12.8 12.8 12.8zm96 0h22.4c6.4 0 12.8-6.4 12.8-12.8V204.8c0-6.4-6.4-12.8-12.8-12.8h-22.4c-6.4 0-12.8 6.4-12.8 12.8v134.4c0 6.4 6.4 12.8 12.8 12.8zM496 400H48V80c0-8.84-7.16-16-16-16H16C7.16 64 0 71.16 0 80v336c0 17.67 14.33 32 32 32h464c8.84 0 16-7.16 16-16v-16c0-8.84-7.16-16-16-16zm-387.2-48h22.4c6.4 0 12.8-6.4 12.8-12.8v-70.4c0-6.4-6.4-12.8-12.8-12.8h-22.4c-6.4 0-12.8 6.4-12.8 12.8v70.4c0 6.4 6.4 12.8 12.8 12.8z\" class=\"\"><\/path><\/svg><\/i> <img loading=\"lazy\" decoding=\"async\" width=\"16\" height=\"16\" alt=\"Loading\" src=\"https:\/\/temucotelevision.cl\/web\/wp-content\/plugins\/page-views-count\/ajax-loader-2x.gif\" border=0 \/><\/p><div class=\"pvc_clear\"><\/div>\n<p><em>La m\u00e1xima autoridad regional junto al presidente regional de Bomberos, Carlos Mera, recibieron este importante aporte destinado a los voluntarios que contin\u00faan en combate de los incendios forestales en toda La Araucan\u00eda.<\/em><\/p>\n\n\n\n<p>Hasta el Pabell\u00f3n Araucan\u00eda lleg\u00f3 una importante ayuda donada por PF Alimentos, destinada a apoyar la labor de bomberos de La Araucan\u00eda, cuyos voluntarios contin\u00faan en el combate de incendios forestales en la regi\u00f3n.&nbsp;<\/p>\n\n\n\n<p>El gobernador regional, Luciano Rivas, hizo entrega de este aporte en el centro de acopio dispuesto en el Pabell\u00f3n Araucan\u00eda, al presidente regional de Bomberos, Carlos mera, consistente en 5 mil raciones de alimentos, para comenzar de inmediato con la distribuci\u00f3n a los distintos puntos de acci\u00f3n que mantiene la instituci\u00f3n.&nbsp;<\/p>\n\n\n\n<p>Respecto de la ayuda enviada a bomberos y que fue canalizada a trav\u00e9s de Desaf\u00edo Levantemos Chile, el gobernador Luciano Rivas, se\u00f1al\u00f3 que, \u201chemos logrado desde el primer minuto poder apoyar a nuestros bomberos, municipalidades y brigadistas en este combate tan duro que han tenido, en donde, ellos han cobrado un papel fundamental. Incluso hemos recibido ayuda de bomberos de otras regiones, y es gracias al trabajo de todos ellos que lo hemos podido enfrentar.\u201d.<\/p>\n\n\n\n<p>La m\u00e1xima autoridad tambi\u00e9n indic\u00f3 que, \u201ccuando lo p\u00fablico y lo privado logran trabajar en conjunto, los resultados saltan a la vista y eso nos tiene muy contentos, porque valoramos y demostramos con este tipo de acciones todo el agradecimiento que existe por parte de toda la poblaci\u00f3n para con nuestros voluntarios\u201d.<\/p>\n\n\n\n<p>Por su parte, Carlos Mera, presidente regional de bomberos, expres\u00f3 que, \u201centregaremos estos productos a todos los cuerpos de bomberos de las zonas m\u00e1s afectadas por los incendios principalmente, y es en esta misma l\u00ednea, en la que queremos agradecer todo el apoyo que hemos tenido de parte del Gobierno Regional y su Consejo desde el inicio con este tipo de donaciones que, sin duda, han sido un aporte fundamental para el combate de los incendios forestales\u201d.<\/p>\n\n\n\n<p>Frank Oyarzun, coordinador administrativo del Desaf\u00edo levantemos Chile, dijo que, \u201cen esta ocasi\u00f3n se coordin\u00f3 el apoyo con PF alimentos para el apoyo a los cientos de bomberos que siguen combatiendo estos incendios forestales. Sabemos que las emergencias finalizan cuando el proceso de reconstrucci\u00f3n est\u00e1 completo\u201d.<\/p>\n","protected":false},"excerpt":{"rendered":"<div class=\"pvc_clear\"><\/div>\n<p id=\"pvc_stats_38793\" class=\"pvc_stats total_only  \" data-element-id=\"38793\" style=\"\"><i class=\"pvc-stats-icon large\" aria-hidden=\"true\"><svg aria-hidden=\"true\" focusable=\"false\" data-prefix=\"far\" data-icon=\"chart-bar\" role=\"img\" xmlns=\"http:\/\/www.w3.org\/2000\/svg\" viewBox=\"0 0 512 512\" class=\"svg-inline--fa fa-chart-bar fa-w-16 fa-2x\"><path fill=\"currentColor\" d=\"M396.8 352h22.4c6.4 0 12.8-6.4 12.8-12.8V108.8c0-6.4-6.4-12.8-12.8-12.8h-22.4c-6.4 0-12.8 6.4-12.8 12.8v230.4c0 6.4 6.4 12.8 12.8 12.8zm-192 0h22.4c6.4 0 12.8-6.4 12.8-12.8V140.8c0-6.4-6.4-12.8-12.8-12.8h-22.4c-6.4 0-12.8 6.4-12.8 12.8v198.4c0 6.4 6.4 12.8 12.8 12.8zm96 0h22.4c6.4 0 12.8-6.4 12.8-12.8V204.8c0-6.4-6.4-12.8-12.8-12.8h-22.4c-6.4 0-12.8 6.4-12.8 12.8v134.4c0 6.4 6.4 12.8 12.8 12.8zM496 400H48V80c0-8.84-7.16-16-16-16H16C7.16 64 0 71.16 0 80v336c0 17.67 14.33 32 32 32h464c8.84 0 16-7.16 16-16v-16c0-8.84-7.16-16-16-16zm-387.2-48h22.4c6.4 0 12.8-6.4 12.8-12.8v-70.4c0-6.4-6.4-12.8-12.8-12.8h-22.4c-6.4 0-12.8 6.4-12.8 12.8v70.4c0 6.4 6.4 12.8 12.8 12.8z\" class=\"\"><\/path><\/svg><\/i> <img loading=\"lazy\" decoding=\"async\" width=\"16\" height=\"16\" alt=\"Loading\" src=\"https:\/\/temucotelevision.cl\/web\/wp-content\/plugins\/page-views-count\/ajax-loader-2x.gif\" border=0 \/><\/p>\n<div class=\"pvc_clear\"><\/div>\n<p>La m\u00e1xima autoridad regional junto al presidente regional de Bomberos, Carlos Mera, recibieron este importante aporte destinado a los voluntarios<\/p>\n","protected":false},"author":1,"featured_media":38794,"comment_status":"open","ping_status":"open","sticky":false,"template":"","format":"standard","meta":{"colormag_page_container_layout":"default_layout","colormag_page_sidebar_layout":"default_layout","footnotes":""},"categories":[14],"tags":[388,304,829],"class_list":["post-38793","post","type-post","status-publish","format-standard","has-post-thumbnail","hentry","category-temuco","tag-alimentos","tag-bomberos","tag-gobernador"],"a3_pvc":{"activated":true,"total_views":59,"today_views":1},"_links":{"self":[{"href":"https:\/\/temucotelevision.cl\/web\/wp-json\/wp\/v2\/posts\/38793","targetHints":{"allow":["GET"]}}],"collection":[{"href":"https:\/\/temucotelevision.cl\/web\/wp-json\/wp\/v2\/posts"}],"about":[{"href":"https:\/\/temucotelevision.cl\/web\/wp-json\/wp\/v2\/types\/post"}],"author":[{"embeddable":true,"href":"https:\/\/temucotelevision.cl\/web\/wp-json\/wp\/v2\/users\/1"}],"replies":[{"embeddable":true,"href":"https:\/\/temucotelevision.cl\/web\/wp-json\/wp\/v2\/comments?post=38793"}],"version-history":[{"count":1,"href":"https:\/\/temucotelevision.cl\/web\/wp-json\/wp\/v2\/posts\/38793\/revisions"}],"predecessor-version":[{"id":38795,"href":"https:\/\/temucotelevision.cl\/web\/wp-json\/wp\/v2\/posts\/38793\/revisions\/38795"}],"wp:featuredmedia":[{"embeddable":true,"href":"https:\/\/temucotelevision.cl\/web\/wp-json\/wp\/v2\/media\/38794"}],"wp:attachment":[{"href":"https:\/\/temucotelevision.cl\/web\/wp-json\/wp\/v2\/media?parent=38793"}],"wp:term":[{"taxonomy":"category","embeddable":true,"href":"https:\/\/temucotelevision.cl\/web\/wp-json\/wp\/v2\/categories?post=38793"},{"taxonomy":"post_tag","embeddable":true,"href":"https:\/\/temucotelevision.cl\/web\/wp-json\/wp\/v2\/tags?post=38793"}],"curies":[{"name":"wp","href":"https:\/\/api.w.org\/{rel}","templated":true}]}}