{"id":38791,"date":"2023-02-19T11:13:02","date_gmt":"2023-02-19T14:13:02","guid":{"rendered":"https:\/\/temucotelevision.cl\/web\/?p=38791"},"modified":"2023-02-19T11:13:02","modified_gmt":"2023-02-19T14:13:02","slug":"brigadistas-de-cmpc-continuan-desplegados-en-el-combate-de-incendios","status":"publish","type":"post","link":"https:\/\/temucotelevision.cl\/web\/2023\/02\/19\/brigadistas-de-cmpc-continuan-desplegados-en-el-combate-de-incendios\/","title":{"rendered":"Brigadistas de CMPC contin\u00faan desplegados en el combate de incendios\u00a0"},"content":{"rendered":"<div class=\"pvc_clear\"><\/div><p id=\"pvc_stats_38791\" class=\"pvc_stats total_only  \" data-element-id=\"38791\" style=\"\"><i class=\"pvc-stats-icon large\" aria-hidden=\"true\"><svg aria-hidden=\"true\" focusable=\"false\" data-prefix=\"far\" data-icon=\"chart-bar\" role=\"img\" xmlns=\"http:\/\/www.w3.org\/2000\/svg\" viewBox=\"0 0 512 512\" class=\"svg-inline--fa fa-chart-bar fa-w-16 fa-2x\"><path fill=\"currentColor\" d=\"M396.8 352h22.4c6.4 0 12.8-6.4 12.8-12.8V108.8c0-6.4-6.4-12.8-12.8-12.8h-22.4c-6.4 0-12.8 6.4-12.8 12.8v230.4c0 6.4 6.4 12.8 12.8 12.8zm-192 0h22.4c6.4 0 12.8-6.4 12.8-12.8V140.8c0-6.4-6.4-12.8-12.8-12.8h-22.4c-6.4 0-12.8 6.4-12.8 12.8v198.4c0 6.4 6.4 12.8 12.8 12.8zm96 0h22.4c6.4 0 12.8-6.4 12.8-12.8V204.8c0-6.4-6.4-12.8-12.8-12.8h-22.4c-6.4 0-12.8 6.4-12.8 12.8v134.4c0 6.4 6.4 12.8 12.8 12.8zM496 400H48V80c0-8.84-7.16-16-16-16H16C7.16 64 0 71.16 0 80v336c0 17.67 14.33 32 32 32h464c8.84 0 16-7.16 16-16v-16c0-8.84-7.16-16-16-16zm-387.2-48h22.4c6.4 0 12.8-6.4 12.8-12.8v-70.4c0-6.4-6.4-12.8-12.8-12.8h-22.4c-6.4 0-12.8 6.4-12.8 12.8v70.4c0 6.4 6.4 12.8 12.8 12.8z\" class=\"\"><\/path><\/svg><\/i> <img loading=\"lazy\" decoding=\"async\" width=\"16\" height=\"16\" alt=\"Loading\" src=\"https:\/\/temucotelevision.cl\/web\/wp-content\/plugins\/page-views-count\/ajax-loader-2x.gif\" border=0 \/><\/p><div class=\"pvc_clear\"><\/div>\n<p><em>A la fecha, la compa\u00f1\u00eda ha trabajado para controlar m\u00e1s de 760 de estos eventos. El llamado sigue siendo a la prevenci\u00f3n dado que, para este fin de semana, se esperan nuevamente condiciones meteorol\u00f3gicas adversas.&nbsp;<\/em><\/p>\n\n\n\n<p>Una nueva semana de incendios en la zona centro sur y los equipos de CMPC siguen en terreno intentado controlar estos eventos. En las regiones de Maule, \u00d1uble, Biob\u00edo y la Araucan\u00eda, los 1.400 brigadistas de la empresa se han desplegado para combatir los siniestros con una \u00fanica prioridad: proteger a las personas y los lugares habitables. Solo esta semana, las cuadrillas trabajaron en 26 incendios. As\u00ed, a la fecha, los incendios enfrentados por los equipos especializados de CMPC alcanzan los 761.&nbsp;<\/p>\n\n\n\n<p>En concreto, durante esta semana la compa\u00f1\u00eda se mantuvo activa en las comunas de Sagrada Familia, en la Regi\u00f3n del Maule; Nacimiento, Los \u00c1ngeles, Mulch\u00e9n, Santa Juana, Hualqui, Arauco y Lota, en la Regi\u00f3n del Biob\u00edo; y Collipulli, Angol, Ercilla, Lumaco, Victoria, Teodoro Schmidt y Carahue en la Regi\u00f3n de la Araucan\u00eda.&nbsp;<\/p>\n\n\n\n<p>Asimismo, se pronostica que las condiciones clim\u00e1ticas vuelvan a niveles desfavorables este fin de semana. Para varias comunas en las regiones de Maule, \u00d1uble, Biob\u00edo y la Araucan\u00eda se esperan temperaturas sobre los 30\u00b0C, fuertes vientos y baja humedad, condiciones que contribuyen a una propagaci\u00f3n a\u00fan mayor de estos eventos.&nbsp;<\/p>\n\n\n\n<p>Es por lo anterior que desde CMPC hacen un llamado al cuidado. \u201cLas \u00faltimas semanas hemos sido testigos de lo destructivo que puede llegar a ser el fuego. Si bien nuestros equipos est\u00e1n haciendo esfuerzos inmensos por apagar estos eventos con el fin de proteger la vida humana y los lugares habitados, de nada sirve el trabajo si es que las personas no toman las precauciones correspondientes. Casi el 100% de los incendios se producen por la actividad humana, por lo tanto, la prevenci\u00f3n y autocuidado siguen siendo el m\u00e9todo m\u00e1s efectivo para evitar estos eventos\u201d, explica enf\u00e1tico el gerente de Asuntos Corporativos Bosques de CMPC, Ignacio Lira. Al mismo tiempo, Lira agradeci\u00f3 el trabajo de los brigadistas que d\u00eda a d\u00eda arriesgan su vida en el combate de los incendios.<\/p>\n\n\n\n<p>De acuerdo con las cifras que reporta diariamente Conaf, en esta temporada se han registrado 4600 siniestros los que han afectado una superficie de m\u00e1s de 436.000 hect\u00e1reas. La cifra representa 391% m\u00e1s que la temporada anterior. Las regiones de Biob\u00edo y la Araucan\u00eda son las m\u00e1s afectadas, con 197.962 y 193.519 hect\u00e1reas afectadas por el fuego.&nbsp;<\/p>\n","protected":false},"excerpt":{"rendered":"<div class=\"pvc_clear\"><\/div>\n<p id=\"pvc_stats_38791\" class=\"pvc_stats total_only  \" data-element-id=\"38791\" style=\"\"><i class=\"pvc-stats-icon large\" aria-hidden=\"true\"><svg aria-hidden=\"true\" focusable=\"false\" data-prefix=\"far\" data-icon=\"chart-bar\" role=\"img\" xmlns=\"http:\/\/www.w3.org\/2000\/svg\" viewBox=\"0 0 512 512\" class=\"svg-inline--fa fa-chart-bar fa-w-16 fa-2x\"><path fill=\"currentColor\" d=\"M396.8 352h22.4c6.4 0 12.8-6.4 12.8-12.8V108.8c0-6.4-6.4-12.8-12.8-12.8h-22.4c-6.4 0-12.8 6.4-12.8 12.8v230.4c0 6.4 6.4 12.8 12.8 12.8zm-192 0h22.4c6.4 0 12.8-6.4 12.8-12.8V140.8c0-6.4-6.4-12.8-12.8-12.8h-22.4c-6.4 0-12.8 6.4-12.8 12.8v198.4c0 6.4 6.4 12.8 12.8 12.8zm96 0h22.4c6.4 0 12.8-6.4 12.8-12.8V204.8c0-6.4-6.4-12.8-12.8-12.8h-22.4c-6.4 0-12.8 6.4-12.8 12.8v134.4c0 6.4 6.4 12.8 12.8 12.8zM496 400H48V80c0-8.84-7.16-16-16-16H16C7.16 64 0 71.16 0 80v336c0 17.67 14.33 32 32 32h464c8.84 0 16-7.16 16-16v-16c0-8.84-7.16-16-16-16zm-387.2-48h22.4c6.4 0 12.8-6.4 12.8-12.8v-70.4c0-6.4-6.4-12.8-12.8-12.8h-22.4c-6.4 0-12.8 6.4-12.8 12.8v70.4c0 6.4 6.4 12.8 12.8 12.8z\" class=\"\"><\/path><\/svg><\/i> <img loading=\"lazy\" decoding=\"async\" width=\"16\" height=\"16\" alt=\"Loading\" src=\"https:\/\/temucotelevision.cl\/web\/wp-content\/plugins\/page-views-count\/ajax-loader-2x.gif\" border=0 \/><\/p>\n<div class=\"pvc_clear\"><\/div>\n<p>A la fecha, la compa\u00f1\u00eda ha trabajado para controlar m\u00e1s de 760 de estos eventos. El llamado sigue siendo a<\/p>\n","protected":false},"author":1,"featured_media":38680,"comment_status":"open","ping_status":"open","sticky":false,"template":"","format":"standard","meta":{"colormag_page_container_layout":"default_layout","colormag_page_sidebar_layout":"default_layout","footnotes":""},"categories":[14],"tags":[423,2365,127],"class_list":["post-38791","post","type-post","status-publish","format-standard","has-post-thumbnail","hentry","category-temuco","tag-brigadistas","tag-cmpc","tag-incendios-forestales"],"a3_pvc":{"activated":true,"total_views":57,"today_views":0},"_links":{"self":[{"href":"https:\/\/temucotelevision.cl\/web\/wp-json\/wp\/v2\/posts\/38791","targetHints":{"allow":["GET"]}}],"collection":[{"href":"https:\/\/temucotelevision.cl\/web\/wp-json\/wp\/v2\/posts"}],"about":[{"href":"https:\/\/temucotelevision.cl\/web\/wp-json\/wp\/v2\/types\/post"}],"author":[{"embeddable":true,"href":"https:\/\/temucotelevision.cl\/web\/wp-json\/wp\/v2\/users\/1"}],"replies":[{"embeddable":true,"href":"https:\/\/temucotelevision.cl\/web\/wp-json\/wp\/v2\/comments?post=38791"}],"version-history":[{"count":1,"href":"https:\/\/temucotelevision.cl\/web\/wp-json\/wp\/v2\/posts\/38791\/revisions"}],"predecessor-version":[{"id":38792,"href":"https:\/\/temucotelevision.cl\/web\/wp-json\/wp\/v2\/posts\/38791\/revisions\/38792"}],"wp:featuredmedia":[{"embeddable":true,"href":"https:\/\/temucotelevision.cl\/web\/wp-json\/wp\/v2\/media\/38680"}],"wp:attachment":[{"href":"https:\/\/temucotelevision.cl\/web\/wp-json\/wp\/v2\/media?parent=38791"}],"wp:term":[{"taxonomy":"category","embeddable":true,"href":"https:\/\/temucotelevision.cl\/web\/wp-json\/wp\/v2\/categories?post=38791"},{"taxonomy":"post_tag","embeddable":true,"href":"https:\/\/temucotelevision.cl\/web\/wp-json\/wp\/v2\/tags?post=38791"}],"curies":[{"name":"wp","href":"https:\/\/api.w.org\/{rel}","templated":true}]}}