{"id":38787,"date":"2023-02-19T10:49:43","date_gmt":"2023-02-19T13:49:43","guid":{"rendered":"https:\/\/temucotelevision.cl\/web\/?p=38787"},"modified":"2023-02-19T10:49:43","modified_gmt":"2023-02-19T13:49:43","slug":"la-araucania-ministra-toro-encabezo-limpieza-de-terreno-fiscal-para-prevenir-focos-de-incendios","status":"publish","type":"post","link":"https:\/\/temucotelevision.cl\/web\/2023\/02\/19\/la-araucania-ministra-toro-encabezo-limpieza-de-terreno-fiscal-para-prevenir-focos-de-incendios\/","title":{"rendered":"La Araucan\u00eda: Ministra Toro encabez\u00f3 limpieza de terreno fiscal para prevenir focos de incendios"},"content":{"rendered":"<div class=\"pvc_clear\"><\/div><p id=\"pvc_stats_38787\" class=\"pvc_stats total_only  \" data-element-id=\"38787\" style=\"\"><i class=\"pvc-stats-icon large\" aria-hidden=\"true\"><svg aria-hidden=\"true\" focusable=\"false\" data-prefix=\"far\" data-icon=\"chart-bar\" role=\"img\" xmlns=\"http:\/\/www.w3.org\/2000\/svg\" viewBox=\"0 0 512 512\" class=\"svg-inline--fa fa-chart-bar fa-w-16 fa-2x\"><path fill=\"currentColor\" d=\"M396.8 352h22.4c6.4 0 12.8-6.4 12.8-12.8V108.8c0-6.4-6.4-12.8-12.8-12.8h-22.4c-6.4 0-12.8 6.4-12.8 12.8v230.4c0 6.4 6.4 12.8 12.8 12.8zm-192 0h22.4c6.4 0 12.8-6.4 12.8-12.8V140.8c0-6.4-6.4-12.8-12.8-12.8h-22.4c-6.4 0-12.8 6.4-12.8 12.8v198.4c0 6.4 6.4 12.8 12.8 12.8zm96 0h22.4c6.4 0 12.8-6.4 12.8-12.8V204.8c0-6.4-6.4-12.8-12.8-12.8h-22.4c-6.4 0-12.8 6.4-12.8 12.8v134.4c0 6.4 6.4 12.8 12.8 12.8zM496 400H48V80c0-8.84-7.16-16-16-16H16C7.16 64 0 71.16 0 80v336c0 17.67 14.33 32 32 32h464c8.84 0 16-7.16 16-16v-16c0-8.84-7.16-16-16-16zm-387.2-48h22.4c6.4 0 12.8-6.4 12.8-12.8v-70.4c0-6.4-6.4-12.8-12.8-12.8h-22.4c-6.4 0-12.8 6.4-12.8 12.8v70.4c0 6.4 6.4 12.8 12.8 12.8z\" class=\"\"><\/path><\/svg><\/i> <img loading=\"lazy\" decoding=\"async\" width=\"16\" height=\"16\" alt=\"Loading\" src=\"https:\/\/temucotelevision.cl\/web\/wp-content\/plugins\/page-views-count\/ajax-loader-2x.gif\" border=0 \/><\/p><div class=\"pvc_clear\"><\/div>\n<p>\u00b7&nbsp;&nbsp;&nbsp;&nbsp;&nbsp;&nbsp;&nbsp;<strong>Como parte de su despliegue en la regi\u00f3n, la titular de Bienes Nacionales tambi\u00e9n particip\u00f3, junto a la titular de Defensa, Maya Fern\u00e1ndez, en la entrega de alimentos para animales a los agricultores afectados por los incendios forestales en Galvarino y estuvo en un \u201cGobierno en Terreno\u201d en la misma comuna.<\/strong><\/p>\n\n\n\n<p>La ministra de Bienes Nacionales, Javiera Toro, realiz\u00f3 una visita a la Regi\u00f3n de La Araucan\u00eda, como parte del mandato del Presidente Gabriel Boric a su gabinete para desplegarse por el territorio en el marco del plan de recuperaci\u00f3n tras los incendios forestales.<\/p>\n\n\n\n<p>Uno de los focos de su recorrido estuvo puesto en la prevenci\u00f3n, y para ello la ministra se traslad\u00f3 a un sector de la comuna de Lautaro, para encabezar un trabajo de limpieza de un terreno fiscal con el objetivo de evitar nuevos focos de incendios.<\/p>\n\n\n\n<p>Se trata de un terreno que est\u00e1 siendo tramitado para ser transferido al Servicio de Vivienda y Urbanismo (Serviu) para una futura construcci\u00f3n de viviendas sociales, una de las prioridades del gobierno del Presidente Boric.<\/p>\n\n\n\n<p>En el lugar, la ministra explic\u00f3 que \u201ceste es un terreno fiscal que est\u00e1 cercano a viviendas y al hospital de Lautaro y por donde el fuego de los incendios pas\u00f3 muy cerca, por un terreno privado colindante. Lo que estamos haciendo en este terreno es tomando labores preventivas. Hay pastizales y maleza que es necesario remover para que no exista riesgo\u201d.<\/p>\n\n\n\n<p>En ese contexto, la ministra hizo un llamado tanto a privados como p\u00fablicos, a actuar con responsabilidad y no dejar sitios abandonados que pueden ser focos de riesgo de incendios. \u201cEse trabajo preventivo que est\u00e1 haciendo el Ministerio de Bienes Nacionales en distintas zonas del pa\u00eds tambi\u00e9n lo tienen que hacer todos los propietarios de terrenos y las instituciones del Estado que administran terrenos que son fiscales\u201d, advirti\u00f3 la secretaria de Estado.<\/p>\n\n\n\n<p>Por su parte, la seremi de Bienes Nacionales de La Araucan\u00eda, \u00c1mbar Castro, plante\u00f3 que \u201cla ministra encarecidamente nos ha solicitado que nos hagamos cargo de mantener estos terrenos limpios y prevenir incendios y otro tipo de situaciones. Por eso hacemos el llamado a otras autoridades, a otros due\u00f1os de terrenos que se mantengan limpios y as\u00ed evitaremos situaciones como la de esta \u00faltima semana que han tra\u00eddo mucho sufrimiento a la regi\u00f3n y al pa\u00eds en general\u201d.<\/p>\n\n\n\n<p>Como parte de su visita a la regi\u00f3n, la ministra tambi\u00e9n estuvo en Galvarino, junto a la titular de Defensa, Maya Fern\u00e1ndez, participando en la entrega de alimento para los animales de agricultores y agricultoras afectados por la emergencia. Adem\u00e1s, se hizo presente en un \u201cGobierno en Terreno\u201d desplegado por las instituciones del Estado en la comuna.<\/p>\n\n\n\n<p>En la oportunidad, la ministra de Bienes Nacionales destac\u00f3 que \u201ccomo gobierno, por mandato del Presidente, hemos estado desplegados en los distintos lugares del pa\u00eds. Est\u00e1 la ministra Fern\u00e1ndez, contamos con el apoyo del Ej\u00e9rcito en estas semanas que han sido tan duras. Porque esta tragedia no se puede enfrentar de manera individual y necesitamos este trabajo colectivo entre las distintas instituciones, entre el sector privado y el sector p\u00fablico, y por supuesto con los municipios, que son tan relevantes en el trabajo que se puede hacer directamente en las localidades\u201d.<\/p>\n\n\n\n<p>En La Araucan\u00eda, la ministra recalc\u00f3 que ya superada inmediatamente la emergencia, el ministerio de Bienes Nacionales tiene un rol importante que cumplir, como soporte de la pol\u00edtica de reconstrucci\u00f3n que encabeza la encargada Paulina Saball, y uno de los temas a resolver tiene que ver con la regularizaci\u00f3n de los t\u00edtulos de dominio.<\/p>\n\n\n\n<p>\u201cLa Araucan\u00eda es la regi\u00f3n donde mayor demanda de t\u00edtulos de dominio tenemos habitualmente. Y ahora, como estamos en una situaci\u00f3n cr\u00edtica, hay que acelerar esos procesos y para eso se necesita la coordinaci\u00f3n de todas las instituciones, incluyendo actores p\u00fablicos, privados, municipalidades y Conservadores de Bienes Ra\u00edces\u201d, resalt\u00f3.<\/p>\n\n\n\n<p>De cara a la nueva etapa, la secretaria de Estado remarc\u00f3 el trabajo del gobierno desde el inicio de los incendios forestales. \u201cNo s\u00f3lo estamos y hemos estado con las instituciones que en primera l\u00ednea les toca combatir el fuego, como son las brigadas de Bomberos, CONAF, del Ej\u00e9rcito y del sector privado, sino tambi\u00e9n en lo que viene despu\u00e9s, en estas ayudas tempranas, y en el proceso de reconstrucci\u00f3n de mediano plazo, que tenemos que construir entre las instituciones y las comunidades. Porque no s\u00f3lo queremos reconstruir y cumplir con ciertos n\u00fameros, sino tambi\u00e9n que las comunidades queden mejor que como estaban. Ese es el compromiso del Gobierno\u201d, indic\u00f3.<\/p>\n\n\n\n<figure class=\"wp-block-image size-large\"><img loading=\"lazy\" decoding=\"async\" width=\"1024\" height=\"768\" src=\"https:\/\/temucotelevision.cl\/web\/wp-content\/uploads\/2023\/02\/Ministra-en-Lautaro-1024x768.jpg\" alt=\"\" class=\"wp-image-38789\" srcset=\"https:\/\/temucotelevision.cl\/web\/wp-content\/uploads\/2023\/02\/Ministra-en-Lautaro-1024x768.jpg 1024w, https:\/\/temucotelevision.cl\/web\/wp-content\/uploads\/2023\/02\/Ministra-en-Lautaro-768x576.jpg 768w, https:\/\/temucotelevision.cl\/web\/wp-content\/uploads\/2023\/02\/Ministra-en-Lautaro-1536x1153.jpg 1536w, https:\/\/temucotelevision.cl\/web\/wp-content\/uploads\/2023\/02\/Ministra-en-Lautaro-2048x1537.jpg 2048w\" sizes=\"auto, (max-width: 1024px) 100vw, 1024px\" \/><\/figure>\n","protected":false},"excerpt":{"rendered":"<div class=\"pvc_clear\"><\/div>\n<p id=\"pvc_stats_38787\" class=\"pvc_stats total_only  \" data-element-id=\"38787\" style=\"\"><i class=\"pvc-stats-icon large\" aria-hidden=\"true\"><svg aria-hidden=\"true\" focusable=\"false\" data-prefix=\"far\" data-icon=\"chart-bar\" role=\"img\" xmlns=\"http:\/\/www.w3.org\/2000\/svg\" viewBox=\"0 0 512 512\" class=\"svg-inline--fa fa-chart-bar fa-w-16 fa-2x\"><path fill=\"currentColor\" d=\"M396.8 352h22.4c6.4 0 12.8-6.4 12.8-12.8V108.8c0-6.4-6.4-12.8-12.8-12.8h-22.4c-6.4 0-12.8 6.4-12.8 12.8v230.4c0 6.4 6.4 12.8 12.8 12.8zm-192 0h22.4c6.4 0 12.8-6.4 12.8-12.8V140.8c0-6.4-6.4-12.8-12.8-12.8h-22.4c-6.4 0-12.8 6.4-12.8 12.8v198.4c0 6.4 6.4 12.8 12.8 12.8zm96 0h22.4c6.4 0 12.8-6.4 12.8-12.8V204.8c0-6.4-6.4-12.8-12.8-12.8h-22.4c-6.4 0-12.8 6.4-12.8 12.8v134.4c0 6.4 6.4 12.8 12.8 12.8zM496 400H48V80c0-8.84-7.16-16-16-16H16C7.16 64 0 71.16 0 80v336c0 17.67 14.33 32 32 32h464c8.84 0 16-7.16 16-16v-16c0-8.84-7.16-16-16-16zm-387.2-48h22.4c6.4 0 12.8-6.4 12.8-12.8v-70.4c0-6.4-6.4-12.8-12.8-12.8h-22.4c-6.4 0-12.8 6.4-12.8 12.8v70.4c0 6.4 6.4 12.8 12.8 12.8z\" class=\"\"><\/path><\/svg><\/i> <img loading=\"lazy\" decoding=\"async\" width=\"16\" height=\"16\" alt=\"Loading\" src=\"https:\/\/temucotelevision.cl\/web\/wp-content\/plugins\/page-views-count\/ajax-loader-2x.gif\" border=0 \/><\/p>\n<div class=\"pvc_clear\"><\/div>\n<p>\u00b7&nbsp;&nbsp;&nbsp;&nbsp;&nbsp;&nbsp;&nbsp;Como parte de su despliegue en la regi\u00f3n, la titular de Bienes Nacionales tambi\u00e9n particip\u00f3, junto a la titular de<\/p>\n","protected":false},"author":1,"featured_media":38788,"comment_status":"open","ping_status":"open","sticky":false,"template":"","format":"standard","meta":{"colormag_page_container_layout":"default_layout","colormag_page_sidebar_layout":"default_layout","footnotes":""},"categories":[14],"tags":[1009,1910,730,1503],"class_list":["post-38787","post","type-post","status-publish","format-standard","has-post-thumbnail","hentry","category-temuco","tag-fiscal","tag-limpieza","tag-ministra","tag-terreno"],"a3_pvc":{"activated":true,"total_views":54,"today_views":0},"_links":{"self":[{"href":"https:\/\/temucotelevision.cl\/web\/wp-json\/wp\/v2\/posts\/38787","targetHints":{"allow":["GET"]}}],"collection":[{"href":"https:\/\/temucotelevision.cl\/web\/wp-json\/wp\/v2\/posts"}],"about":[{"href":"https:\/\/temucotelevision.cl\/web\/wp-json\/wp\/v2\/types\/post"}],"author":[{"embeddable":true,"href":"https:\/\/temucotelevision.cl\/web\/wp-json\/wp\/v2\/users\/1"}],"replies":[{"embeddable":true,"href":"https:\/\/temucotelevision.cl\/web\/wp-json\/wp\/v2\/comments?post=38787"}],"version-history":[{"count":1,"href":"https:\/\/temucotelevision.cl\/web\/wp-json\/wp\/v2\/posts\/38787\/revisions"}],"predecessor-version":[{"id":38790,"href":"https:\/\/temucotelevision.cl\/web\/wp-json\/wp\/v2\/posts\/38787\/revisions\/38790"}],"wp:featuredmedia":[{"embeddable":true,"href":"https:\/\/temucotelevision.cl\/web\/wp-json\/wp\/v2\/media\/38788"}],"wp:attachment":[{"href":"https:\/\/temucotelevision.cl\/web\/wp-json\/wp\/v2\/media?parent=38787"}],"wp:term":[{"taxonomy":"category","embeddable":true,"href":"https:\/\/temucotelevision.cl\/web\/wp-json\/wp\/v2\/categories?post=38787"},{"taxonomy":"post_tag","embeddable":true,"href":"https:\/\/temucotelevision.cl\/web\/wp-json\/wp\/v2\/tags?post=38787"}],"curies":[{"name":"wp","href":"https:\/\/api.w.org\/{rel}","templated":true}]}}