{"id":38783,"date":"2023-02-19T10:43:13","date_gmt":"2023-02-19T13:43:13","guid":{"rendered":"https:\/\/temucotelevision.cl\/web\/?p=38783"},"modified":"2023-02-19T10:43:13","modified_gmt":"2023-02-19T13:43:13","slug":"damnificada-de-puren-recibio-la-primera-vivienda-de-emergencia-por-incendios-forestales-en-la-araucania","status":"publish","type":"post","link":"https:\/\/temucotelevision.cl\/web\/2023\/02\/19\/damnificada-de-puren-recibio-la-primera-vivienda-de-emergencia-por-incendios-forestales-en-la-araucania\/","title":{"rendered":"Damnificada de Pur\u00e9n recibi\u00f3 la primera vivienda de emergencia por incendios forestales en La Araucan\u00eda\u00a0"},"content":{"rendered":"<div class=\"pvc_clear\"><\/div><p id=\"pvc_stats_38783\" class=\"pvc_stats total_only  \" data-element-id=\"38783\" style=\"\"><i class=\"pvc-stats-icon large\" aria-hidden=\"true\"><svg aria-hidden=\"true\" focusable=\"false\" data-prefix=\"far\" data-icon=\"chart-bar\" role=\"img\" xmlns=\"http:\/\/www.w3.org\/2000\/svg\" viewBox=\"0 0 512 512\" class=\"svg-inline--fa fa-chart-bar fa-w-16 fa-2x\"><path fill=\"currentColor\" d=\"M396.8 352h22.4c6.4 0 12.8-6.4 12.8-12.8V108.8c0-6.4-6.4-12.8-12.8-12.8h-22.4c-6.4 0-12.8 6.4-12.8 12.8v230.4c0 6.4 6.4 12.8 12.8 12.8zm-192 0h22.4c6.4 0 12.8-6.4 12.8-12.8V140.8c0-6.4-6.4-12.8-12.8-12.8h-22.4c-6.4 0-12.8 6.4-12.8 12.8v198.4c0 6.4 6.4 12.8 12.8 12.8zm96 0h22.4c6.4 0 12.8-6.4 12.8-12.8V204.8c0-6.4-6.4-12.8-12.8-12.8h-22.4c-6.4 0-12.8 6.4-12.8 12.8v134.4c0 6.4 6.4 12.8 12.8 12.8zM496 400H48V80c0-8.84-7.16-16-16-16H16C7.16 64 0 71.16 0 80v336c0 17.67 14.33 32 32 32h464c8.84 0 16-7.16 16-16v-16c0-8.84-7.16-16-16-16zm-387.2-48h22.4c6.4 0 12.8-6.4 12.8-12.8v-70.4c0-6.4-6.4-12.8-12.8-12.8h-22.4c-6.4 0-12.8 6.4-12.8 12.8v70.4c0 6.4 6.4 12.8 12.8 12.8z\" class=\"\"><\/path><\/svg><\/i> <img loading=\"lazy\" decoding=\"async\" width=\"16\" height=\"16\" alt=\"Loading\" src=\"https:\/\/temucotelevision.cl\/web\/wp-content\/plugins\/page-views-count\/ajax-loader-2x.gif\" border=0 \/><\/p><div class=\"pvc_clear\"><\/div>\n<ul class=\"wp-block-list\"><li><em>La familia de 11 integrantes del sector Ipinco adem\u00e1s recibi\u00f3 camas, ropa de cama, art\u00edculos de cocina y muebles para las tres casas provisorias que tendr\u00e1 en total.<\/em><\/li><\/ul>\n\n\n\n<p>\u201cMi casa se me quem\u00f3 sin poder sacar nada, se me quem\u00f3 la bodega con todos mis materiales donde trabajaba, se me quem\u00f3 el invernadero, donde trabajaba\u201d. El doloroso relato corresponde al de Juana Millapi, habitante del sector Ipinco, comuna de Pur\u00e9n, quien a inicios de febrero sufri\u00f3 la destrucci\u00f3n de los hogares de su familia tras los devastadores incendios forestales.<\/p>\n\n\n\n<p>Pero estas mismas palabras ya no son de sufrimiento: las pronuncia frente a toda su familia y vecinos reunidos al recibir la primera vivienda de emergencia que es parte del Plan de Recuperaci\u00f3n que el Presidente Boric anunci\u00f3. para las v\u00edctimas sociales de las arrasadoras llamas. Esta vivienda es la primera en ser entregada en la Regi\u00f3n de La Araucan\u00eda, y que en el caso de esta familia de Pur\u00e9n ser\u00e1n finalmente tres, mientras consiguen una soluci\u00f3n habitacional definitiva para esta familia de 11 integrantes.<\/p>\n\n\n\n<p>Junto con el inmueble, Juana Millapi recibi\u00f3 camas, frazadas, s\u00e1banas, almohadas, loza, cocinilla y otros implementos de uso hogare\u00f1o para suplir el vac\u00edo que qued\u00f3 tras haber perdido su hogar. \u201cEstoy contenta y espero que Dios me siga ayudando para que pueda llegar a la otra casa (la definitiva). As\u00ed que estoy muy contenta, agradecida de Dios y de ustedes que me apoyaron\u201d, expres\u00f3 la emocionada lugare\u00f1a de Ipinco.<\/p>\n\n\n\n<p>AYUDAS<\/p>\n\n\n\n<p>La Delegada Presidencial de la provincia de Malleco, Andrea Parra, asegur\u00f3 que entre el Gobierno y el municipio de Pur\u00e9n continuar\u00e1n d\u00e1ndole seguimiento y protecci\u00f3n a esta y las otras v\u00edctimas de los incendios en la zona, como por ejemplo con la entrega de alimentos. \u201cElla no es usuaria de INDAP, pero va a tener tambi\u00e9n nosotros su apoyo en alimentos igual. Ya ha recibido su bono de reconstrucci\u00f3n que le va a permitir comprar, por ejemplo, los \u00fatiles de su hija, que perdi\u00f3 todo. Y tambi\u00e9n, por supuesto, estamos haciendo todos los esfuerzos Juanita para apurar el Bono Marzo\u201d, dijo la autoridad provincial.<\/p>\n\n\n\n<p>\u201cSin duda, este es un momento de sonre\u00edr\u201d, dijo por su parte el alcalde de Pur\u00e9n, Jorge Rivera, quien en medio de la celebraci\u00f3n por la recepci\u00f3n de viviendas de emergencia, dedic\u00f3 palabras para \u201cvalorar el trabajo del Gobierno de Chile, que ha estado aqu\u00ed comprometido, de nuestro Delegado Regional y nuestra Delegada Provincial, pero tambi\u00e9n de subsecretarios, de ministros de Estado, del mismo Presidente que ha estado monitoreando esta situaci\u00f3n y que quiere que se le entreguen las viviendas ahora a la brevedad a la familia para darle un poco de tranquilidad despu\u00e9s de este tremendo desastre que hemos vivo en nuestra comuna\u201d.<\/p>\n\n\n\n<figure class=\"wp-block-image size-large\"><img loading=\"lazy\" decoding=\"async\" width=\"1024\" height=\"683\" src=\"https:\/\/temucotelevision.cl\/web\/wp-content\/uploads\/2023\/02\/Vivienda2-1024x683.jpg\" alt=\"\" class=\"wp-image-38785\" srcset=\"https:\/\/temucotelevision.cl\/web\/wp-content\/uploads\/2023\/02\/Vivienda2-1024x683.jpg 1024w, https:\/\/temucotelevision.cl\/web\/wp-content\/uploads\/2023\/02\/Vivienda2-768x512.jpg 768w, https:\/\/temucotelevision.cl\/web\/wp-content\/uploads\/2023\/02\/Vivienda2-1536x1024.jpg 1536w, https:\/\/temucotelevision.cl\/web\/wp-content\/uploads\/2023\/02\/Vivienda2-2048x1365.jpg 2048w\" sizes=\"auto, (max-width: 1024px) 100vw, 1024px\" \/><\/figure>\n","protected":false},"excerpt":{"rendered":"<div class=\"pvc_clear\"><\/div>\n<p id=\"pvc_stats_38783\" class=\"pvc_stats total_only  \" data-element-id=\"38783\" style=\"\"><i class=\"pvc-stats-icon large\" aria-hidden=\"true\"><svg aria-hidden=\"true\" focusable=\"false\" data-prefix=\"far\" data-icon=\"chart-bar\" role=\"img\" xmlns=\"http:\/\/www.w3.org\/2000\/svg\" viewBox=\"0 0 512 512\" class=\"svg-inline--fa fa-chart-bar fa-w-16 fa-2x\"><path fill=\"currentColor\" d=\"M396.8 352h22.4c6.4 0 12.8-6.4 12.8-12.8V108.8c0-6.4-6.4-12.8-12.8-12.8h-22.4c-6.4 0-12.8 6.4-12.8 12.8v230.4c0 6.4 6.4 12.8 12.8 12.8zm-192 0h22.4c6.4 0 12.8-6.4 12.8-12.8V140.8c0-6.4-6.4-12.8-12.8-12.8h-22.4c-6.4 0-12.8 6.4-12.8 12.8v198.4c0 6.4 6.4 12.8 12.8 12.8zm96 0h22.4c6.4 0 12.8-6.4 12.8-12.8V204.8c0-6.4-6.4-12.8-12.8-12.8h-22.4c-6.4 0-12.8 6.4-12.8 12.8v134.4c0 6.4 6.4 12.8 12.8 12.8zM496 400H48V80c0-8.84-7.16-16-16-16H16C7.16 64 0 71.16 0 80v336c0 17.67 14.33 32 32 32h464c8.84 0 16-7.16 16-16v-16c0-8.84-7.16-16-16-16zm-387.2-48h22.4c6.4 0 12.8-6.4 12.8-12.8v-70.4c0-6.4-6.4-12.8-12.8-12.8h-22.4c-6.4 0-12.8 6.4-12.8 12.8v70.4c0 6.4 6.4 12.8 12.8 12.8z\" class=\"\"><\/path><\/svg><\/i> <img loading=\"lazy\" decoding=\"async\" width=\"16\" height=\"16\" alt=\"Loading\" src=\"https:\/\/temucotelevision.cl\/web\/wp-content\/plugins\/page-views-count\/ajax-loader-2x.gif\" border=0 \/><\/p>\n<div class=\"pvc_clear\"><\/div>\n<p>La familia de 11 integrantes del sector Ipinco adem\u00e1s recibi\u00f3 camas, ropa de cama, art\u00edculos de cocina y muebles para<\/p>\n","protected":false},"author":1,"featured_media":38784,"comment_status":"open","ping_status":"open","sticky":false,"template":"","format":"standard","meta":{"colormag_page_container_layout":"default_layout","colormag_page_sidebar_layout":"default_layout","footnotes":""},"categories":[15],"tags":[321,419,2236,866],"class_list":["post-38783","post","type-post","status-publish","format-standard","has-post-thumbnail","hentry","category-la-araucania","tag-emergencia","tag-familia","tag-puren","tag-vivienda"],"a3_pvc":{"activated":true,"total_views":104,"today_views":0},"_links":{"self":[{"href":"https:\/\/temucotelevision.cl\/web\/wp-json\/wp\/v2\/posts\/38783","targetHints":{"allow":["GET"]}}],"collection":[{"href":"https:\/\/temucotelevision.cl\/web\/wp-json\/wp\/v2\/posts"}],"about":[{"href":"https:\/\/temucotelevision.cl\/web\/wp-json\/wp\/v2\/types\/post"}],"author":[{"embeddable":true,"href":"https:\/\/temucotelevision.cl\/web\/wp-json\/wp\/v2\/users\/1"}],"replies":[{"embeddable":true,"href":"https:\/\/temucotelevision.cl\/web\/wp-json\/wp\/v2\/comments?post=38783"}],"version-history":[{"count":1,"href":"https:\/\/temucotelevision.cl\/web\/wp-json\/wp\/v2\/posts\/38783\/revisions"}],"predecessor-version":[{"id":38786,"href":"https:\/\/temucotelevision.cl\/web\/wp-json\/wp\/v2\/posts\/38783\/revisions\/38786"}],"wp:featuredmedia":[{"embeddable":true,"href":"https:\/\/temucotelevision.cl\/web\/wp-json\/wp\/v2\/media\/38784"}],"wp:attachment":[{"href":"https:\/\/temucotelevision.cl\/web\/wp-json\/wp\/v2\/media?parent=38783"}],"wp:term":[{"taxonomy":"category","embeddable":true,"href":"https:\/\/temucotelevision.cl\/web\/wp-json\/wp\/v2\/categories?post=38783"},{"taxonomy":"post_tag","embeddable":true,"href":"https:\/\/temucotelevision.cl\/web\/wp-json\/wp\/v2\/tags?post=38783"}],"curies":[{"name":"wp","href":"https:\/\/api.w.org\/{rel}","templated":true}]}}