{"id":38780,"date":"2023-02-18T13:05:53","date_gmt":"2023-02-18T16:05:53","guid":{"rendered":"https:\/\/temucotelevision.cl\/web\/?p=38780"},"modified":"2023-02-18T13:05:54","modified_gmt":"2023-02-18T16:05:54","slug":"mineduc-entrega-orientaciones-a-apoderados-para-la-compra-de-utiles-textos-y-uniformes-escolares","status":"publish","type":"post","link":"https:\/\/temucotelevision.cl\/web\/2023\/02\/18\/mineduc-entrega-orientaciones-a-apoderados-para-la-compra-de-utiles-textos-y-uniformes-escolares\/","title":{"rendered":"Mineduc entrega orientaciones a apoderados para la compra de \u00fatiles, textos y uniformes escolares"},"content":{"rendered":"<div class=\"pvc_clear\"><\/div><p id=\"pvc_stats_38780\" class=\"pvc_stats total_only  \" data-element-id=\"38780\" style=\"\"><i class=\"pvc-stats-icon large\" aria-hidden=\"true\"><svg aria-hidden=\"true\" focusable=\"false\" data-prefix=\"far\" data-icon=\"chart-bar\" role=\"img\" xmlns=\"http:\/\/www.w3.org\/2000\/svg\" viewBox=\"0 0 512 512\" class=\"svg-inline--fa fa-chart-bar fa-w-16 fa-2x\"><path fill=\"currentColor\" d=\"M396.8 352h22.4c6.4 0 12.8-6.4 12.8-12.8V108.8c0-6.4-6.4-12.8-12.8-12.8h-22.4c-6.4 0-12.8 6.4-12.8 12.8v230.4c0 6.4 6.4 12.8 12.8 12.8zm-192 0h22.4c6.4 0 12.8-6.4 12.8-12.8V140.8c0-6.4-6.4-12.8-12.8-12.8h-22.4c-6.4 0-12.8 6.4-12.8 12.8v198.4c0 6.4 6.4 12.8 12.8 12.8zm96 0h22.4c6.4 0 12.8-6.4 12.8-12.8V204.8c0-6.4-6.4-12.8-12.8-12.8h-22.4c-6.4 0-12.8 6.4-12.8 12.8v134.4c0 6.4 6.4 12.8 12.8 12.8zM496 400H48V80c0-8.84-7.16-16-16-16H16C7.16 64 0 71.16 0 80v336c0 17.67 14.33 32 32 32h464c8.84 0 16-7.16 16-16v-16c0-8.84-7.16-16-16-16zm-387.2-48h22.4c6.4 0 12.8-6.4 12.8-12.8v-70.4c0-6.4-6.4-12.8-12.8-12.8h-22.4c-6.4 0-12.8 6.4-12.8 12.8v70.4c0 6.4 6.4 12.8 12.8 12.8z\" class=\"\"><\/path><\/svg><\/i> <img loading=\"lazy\" decoding=\"async\" width=\"16\" height=\"16\" alt=\"Loading\" src=\"https:\/\/temucotelevision.cl\/web\/wp-content\/plugins\/page-views-count\/ajax-loader-2x.gif\" border=0 \/><\/p><div class=\"pvc_clear\"><\/div>\n<p>\u25cf&nbsp;&nbsp;<em>El ministro de Educaci\u00f3n, junto al superintendente y la directora de Junaeb, hicieron un llamado a las comunidades educativas a respetar las normativas vigentes que impiden solicitar determinadas marcas o comprar en determinados locales comerciales y llamaron a no sobrecargar los bolsillos de las familias.<\/em><\/p>\n\n\n\n<p>\u25cf&nbsp;&nbsp;&nbsp;<em>En la instancia, las autoridades dieron a conocer las medidas de apoyo a las regiones afectadas por los incendios forestales, como la entrega priorizada del Programa de \u00datiles Escolares (PUE), de Servicios M\u00e9dicos y TNE.<\/em><\/p>\n\n\n\n<p>\u00a0A dos semanas del inicio del a\u00f1o escolar 2023, el ministro de Educaci\u00f3n, Marco Antonio \u00c1vila, junto al superintendente de Educaci\u00f3n, Mauricio Far\u00edas, y la directora nacional de Junaeb, Camila Rubio, entregaron una serie de orientaciones a las y los apoderados para la compra de \u00fatiles, textos y uniformes escolares, e hicieron un llamado a que el derecho a la educaci\u00f3n de ni\u00f1os, ni\u00f1as y j\u00f3venes est\u00e1 siempre primero y que ning\u00fan estudiante puede quedar fuera de una sala de clases por falta de alguno de estos elementos.<\/p>\n\n\n\n<p>\u201cEl mensaje que enviamos a apoderados y cuidadores es a conocer la normativa y que sepan que existe una protecci\u00f3n del Estado respecto de las exigencias que los establecimientos pueden hacer sobre esta materia\u201d, sostuvo el ministro \u00c1vila, quien hizo un llamado a los sostenedores y establecimientos a pedir lo estrictamente necesario para las tareas pedag\u00f3gicas, \u201ccon el objetivo de no sobrecargar los bolsillos de apoderados y cuidadores, especialmente en las zonas afectadas por los incendios forestales\u201d. En este sentido, la autoridad recalc\u00f3 que ning\u00fan establecimiento del pa\u00eds puede exigir o inducir a la compra de \u00fatiles escolares de una determinada marca o adquirir las listas a trav\u00e9s de un proveedor espec\u00edfico.&nbsp;<\/p>\n\n\n\n<p>Asimismo, el profesor \u00c1vila destac\u00f3 que actualmente el Ministerio de Educaci\u00f3n est\u00e1 en la etapa de distribuci\u00f3n masiva y gratuita de m\u00e1s de 13 millones de textos escolares, que llegar\u00e1n directamente a los establecimientos p\u00fablicos y particulares subvencionados que los hayan solicitado, beneficiando a m\u00e1s de 3 millones de estudiantes.<\/p>\n\n\n\n<p>Por esto, las autoridades recordaron que si bien un establecimiento puede rechazar los textos de Mineduc, si se solicita un texto adicional o complementario, la adquisici\u00f3n de este es voluntaria. En el caso de las instituciones particulares pagadas la recomendaci\u00f3n es transparentar la elecci\u00f3n de los materiales pedag\u00f3gicos para entregar tranquilidad a las familias.<\/p>\n\n\n\n<p><strong>Ca\u00edda de denuncias<\/strong><\/p>\n\n\n\n<p>\u201cEntre 2015 y 2022, desde la Superintendencia de Educaci\u00f3n detectamos una reducci\u00f3n de 72% de las denuncias relacionadas a textos, \u00fatiles y uniformes escolares, lo que indica que existe un mayor conocimiento de la normativa educacional, que ha sido aprendida y respetada por las comunidades educativas sobre que el resguardo del derecho a la educaci\u00f3n es lo m\u00e1s importante y no puede limitar el ingreso a clases o la participaci\u00f3n en actividades escolares\u201d, explic\u00f3 el superintendente Far\u00edas.<\/p>\n\n\n\n<p>La Superintendencia recalc\u00f3 que si las familias detectan incumplimientos en las normativas se acerquen a los establecimientos educacionales para resolverlo y en segunda instancia, si necesitan m\u00e1s informaci\u00f3n pueden contactarse v\u00eda telef\u00f3nica al 600 3600 390 o realizar una denuncia&nbsp;en<a href=\"https:\/\/nam02.safelinks.protection.outlook.com\/?url=https%3A%2F%2Fwww.supereduc.cl%2F&amp;data=05%7C01%7Ccomunicaciones.arauc%40mineduc.cl%7C6e371f02bb09430fbce108db1126eb4d%7C2e4cfe500580414093874ecde39def60%7C0%7C0%7C638122631158936342%7CUnknown%7CTWFpbGZsb3d8eyJWIjoiMC4wLjAwMDAiLCJQIjoiV2luMzIiLCJBTiI6Ik1haWwiLCJXVCI6Mn0%3D%7C3000%7C%7C%7C&amp;sdata=JmaCMgNY7z6kKeBUe2TddS4xQJ9TNC%2FpBM%2Bk83nOd38%3D&amp;reserved=0\" target=\"_blank\" rel=\"noreferrer noopener\">&nbsp;https:\/\/www.supereduc.cl\/<\/a>, en el banner de atenci\u00f3n ciudadana.&nbsp;<\/p>\n\n\n\n<p><strong>Zonas afectadas por los incendios<\/strong><\/p>\n\n\n\n<p>Ante la emergencia que se registra en cuatro regiones del pa\u00eds, las autoridades informaron que el Programa de \u00datiles Escolares (PUE) de Junaeb prioriz\u00f3 la entrega de kits escolares (cuadernos, l\u00e1pices, y otros) en las zonas m\u00e1s afectadas y que el proceso regular a nivel nacional seguir\u00e1 su curso llegando directamente a los establecimientos para ser distribuidos entre los estudiantes de niveles entre parvulario hasta 4\u00b0 medio.<\/p>\n\n\n\n<p>\u201cNuestro objetivo es trabajar para contribuir a disminuir las brechas de acceso a la educaci\u00f3n, es por esto que iniciamos con antelaci\u00f3n, la entrega de \u00fatiles escolares a las y los estudiantes m\u00e1s afectados por los incendios forestales. Queremos darles la tranquilidad y certeza, que el proceso de entrega a nivel nacional iniciar\u00e1 la tercera semana de marzo, para estudiantes de establecimientos p\u00fablicos de los niveles b\u00e1sica, media y adultos, y particulares subvencionados seg\u00fan criterios de priorizaci\u00f3n\u201d, garantiz\u00f3 la directora nacional de Junaeb, Camila Rubio.<\/p>\n\n\n\n<p>Adem\u00e1s, el Programa de Alimentaci\u00f3n Escolar (PAE) iniciar\u00e1 el servicio en todos los centros educacionales operativos desde el 3 de marzo y dada la contingencia habr\u00e1 una reposici\u00f3n sin costo de la Tarjeta Nacional del Estudiante (TNE) y de lentes \u00f3pticos y aud\u00edfonos a los beneficiarios de programas de salud escolar que los hayan perdido en los incendios.<\/p>\n\n\n\n<p>Para finalizar el ministro \u00c1vila enfatiz\u00f3 que&nbsp;<strong>\u201cnuestro compromiso como gobierno es la reactivaci\u00f3n de la educaci\u00f3n en todo el pa\u00eds. Lo importante es que las familias tengan la certeza que durante el mes de marzo se va a dar inicio al a\u00f1o escolar de manera regular y pedirles que las y los estudiantes asistan todos los d\u00edas a clases\u201d<\/strong>.<\/p>\n","protected":false},"excerpt":{"rendered":"<div class=\"pvc_clear\"><\/div>\n<p id=\"pvc_stats_38780\" class=\"pvc_stats total_only  \" data-element-id=\"38780\" style=\"\"><i class=\"pvc-stats-icon large\" aria-hidden=\"true\"><svg aria-hidden=\"true\" focusable=\"false\" data-prefix=\"far\" data-icon=\"chart-bar\" role=\"img\" xmlns=\"http:\/\/www.w3.org\/2000\/svg\" viewBox=\"0 0 512 512\" class=\"svg-inline--fa fa-chart-bar fa-w-16 fa-2x\"><path fill=\"currentColor\" d=\"M396.8 352h22.4c6.4 0 12.8-6.4 12.8-12.8V108.8c0-6.4-6.4-12.8-12.8-12.8h-22.4c-6.4 0-12.8 6.4-12.8 12.8v230.4c0 6.4 6.4 12.8 12.8 12.8zm-192 0h22.4c6.4 0 12.8-6.4 12.8-12.8V140.8c0-6.4-6.4-12.8-12.8-12.8h-22.4c-6.4 0-12.8 6.4-12.8 12.8v198.4c0 6.4 6.4 12.8 12.8 12.8zm96 0h22.4c6.4 0 12.8-6.4 12.8-12.8V204.8c0-6.4-6.4-12.8-12.8-12.8h-22.4c-6.4 0-12.8 6.4-12.8 12.8v134.4c0 6.4 6.4 12.8 12.8 12.8zM496 400H48V80c0-8.84-7.16-16-16-16H16C7.16 64 0 71.16 0 80v336c0 17.67 14.33 32 32 32h464c8.84 0 16-7.16 16-16v-16c0-8.84-7.16-16-16-16zm-387.2-48h22.4c6.4 0 12.8-6.4 12.8-12.8v-70.4c0-6.4-6.4-12.8-12.8-12.8h-22.4c-6.4 0-12.8 6.4-12.8 12.8v70.4c0 6.4 6.4 12.8 12.8 12.8z\" class=\"\"><\/path><\/svg><\/i> <img loading=\"lazy\" decoding=\"async\" width=\"16\" height=\"16\" alt=\"Loading\" src=\"https:\/\/temucotelevision.cl\/web\/wp-content\/plugins\/page-views-count\/ajax-loader-2x.gif\" border=0 \/><\/p>\n<div class=\"pvc_clear\"><\/div>\n<p>\u25cf&nbsp;&nbsp;El ministro de Educaci\u00f3n, junto al superintendente y la directora de Junaeb, hicieron un llamado a las comunidades educativas a<\/p>\n","protected":false},"author":1,"featured_media":38781,"comment_status":"open","ping_status":"open","sticky":false,"template":"","format":"standard","meta":{"colormag_page_container_layout":"default_layout","colormag_page_sidebar_layout":"default_layout","footnotes":""},"categories":[14],"tags":[599,6177,2234],"class_list":["post-38780","post","type-post","status-publish","format-standard","has-post-thumbnail","hentry","category-temuco","tag-escolares","tag-minduc","tag-utiles"],"a3_pvc":{"activated":true,"total_views":80,"today_views":1},"_links":{"self":[{"href":"https:\/\/temucotelevision.cl\/web\/wp-json\/wp\/v2\/posts\/38780","targetHints":{"allow":["GET"]}}],"collection":[{"href":"https:\/\/temucotelevision.cl\/web\/wp-json\/wp\/v2\/posts"}],"about":[{"href":"https:\/\/temucotelevision.cl\/web\/wp-json\/wp\/v2\/types\/post"}],"author":[{"embeddable":true,"href":"https:\/\/temucotelevision.cl\/web\/wp-json\/wp\/v2\/users\/1"}],"replies":[{"embeddable":true,"href":"https:\/\/temucotelevision.cl\/web\/wp-json\/wp\/v2\/comments?post=38780"}],"version-history":[{"count":1,"href":"https:\/\/temucotelevision.cl\/web\/wp-json\/wp\/v2\/posts\/38780\/revisions"}],"predecessor-version":[{"id":38782,"href":"https:\/\/temucotelevision.cl\/web\/wp-json\/wp\/v2\/posts\/38780\/revisions\/38782"}],"wp:featuredmedia":[{"embeddable":true,"href":"https:\/\/temucotelevision.cl\/web\/wp-json\/wp\/v2\/media\/38781"}],"wp:attachment":[{"href":"https:\/\/temucotelevision.cl\/web\/wp-json\/wp\/v2\/media?parent=38780"}],"wp:term":[{"taxonomy":"category","embeddable":true,"href":"https:\/\/temucotelevision.cl\/web\/wp-json\/wp\/v2\/categories?post=38780"},{"taxonomy":"post_tag","embeddable":true,"href":"https:\/\/temucotelevision.cl\/web\/wp-json\/wp\/v2\/tags?post=38780"}],"curies":[{"name":"wp","href":"https:\/\/api.w.org\/{rel}","templated":true}]}}