{"id":38777,"date":"2023-02-17T15:39:53","date_gmt":"2023-02-17T18:39:53","guid":{"rendered":"https:\/\/temucotelevision.cl\/web\/?p=38777"},"modified":"2023-02-17T15:39:54","modified_gmt":"2023-02-17T18:39:54","slug":"aguas-araucania-renueva-como-sponsor-de-deportes-temuco-por-undecima-vez","status":"publish","type":"post","link":"https:\/\/temucotelevision.cl\/web\/2023\/02\/17\/aguas-araucania-renueva-como-sponsor-de-deportes-temuco-por-undecima-vez\/","title":{"rendered":"Aguas Araucan\u00eda renueva como sponsor de Deportes Temuco por und\u00e9cima vez"},"content":{"rendered":"<div class=\"pvc_clear\"><\/div><p id=\"pvc_stats_38777\" class=\"pvc_stats total_only  \" data-element-id=\"38777\" style=\"\"><i class=\"pvc-stats-icon large\" aria-hidden=\"true\"><svg aria-hidden=\"true\" focusable=\"false\" data-prefix=\"far\" data-icon=\"chart-bar\" role=\"img\" xmlns=\"http:\/\/www.w3.org\/2000\/svg\" viewBox=\"0 0 512 512\" class=\"svg-inline--fa fa-chart-bar fa-w-16 fa-2x\"><path fill=\"currentColor\" d=\"M396.8 352h22.4c6.4 0 12.8-6.4 12.8-12.8V108.8c0-6.4-6.4-12.8-12.8-12.8h-22.4c-6.4 0-12.8 6.4-12.8 12.8v230.4c0 6.4 6.4 12.8 12.8 12.8zm-192 0h22.4c6.4 0 12.8-6.4 12.8-12.8V140.8c0-6.4-6.4-12.8-12.8-12.8h-22.4c-6.4 0-12.8 6.4-12.8 12.8v198.4c0 6.4 6.4 12.8 12.8 12.8zm96 0h22.4c6.4 0 12.8-6.4 12.8-12.8V204.8c0-6.4-6.4-12.8-12.8-12.8h-22.4c-6.4 0-12.8 6.4-12.8 12.8v134.4c0 6.4 6.4 12.8 12.8 12.8zM496 400H48V80c0-8.84-7.16-16-16-16H16C7.16 64 0 71.16 0 80v336c0 17.67 14.33 32 32 32h464c8.84 0 16-7.16 16-16v-16c0-8.84-7.16-16-16-16zm-387.2-48h22.4c6.4 0 12.8-6.4 12.8-12.8v-70.4c0-6.4-6.4-12.8-12.8-12.8h-22.4c-6.4 0-12.8 6.4-12.8 12.8v70.4c0 6.4 6.4 12.8 12.8 12.8z\" class=\"\"><\/path><\/svg><\/i> <img loading=\"lazy\" decoding=\"async\" width=\"16\" height=\"16\" alt=\"Loading\" src=\"https:\/\/temucotelevision.cl\/web\/wp-content\/plugins\/page-views-count\/ajax-loader-2x.gif\" border=0 \/><\/p><div class=\"pvc_clear\"><\/div>\n<p><em>Con la presencia del presidente del Club, el destacado ex futbolista Marcelo Salas y el gerente regional de la sanitaria, Jos\u00e9 Torga fue sellada esta alianza que busca fomentar y desarrollar los nuevos talentos regionales.<\/em><\/p>\n\n\n\n<p>Nuevamente Aguas Araucan\u00eda compromete su apoyo con el deporte local, en particular con el club Deportes Temuco, alianza que lleva m\u00e1s de una d\u00e9cada y que se ha transformado en una tradici\u00f3n para ambas entidades.<\/p>\n\n\n\n<p>El acuerdo de colaboraci\u00f3n con la instituci\u00f3n Albiverde se extender\u00e1 por la temporada 2023 y busca apoyar el f\u00fatbol profesional, pero tambi\u00e9n fomentar el desarrollo de los j\u00f3venes talentos de la regi\u00f3n.<\/p>\n\n\n\n<p>As\u00ed lo destac\u00f3 el gerente regional de Aguas Araucan\u00eda, Jos\u00e9 Torga Leyton quien precis\u00f3 que ser parte de este proyecto, manifiesta el compromiso de la compa\u00f1\u00eda con la Araucan\u00eda, toda vez que el club representa a tantos vecinos de la ciudad y de la regi\u00f3n a la cual prestamos servicios.<\/p>\n\n\n\n<p>\u201cHemos visto que, para los j\u00f3venes, este club es un espacio de lecciones de vida. Sumarnos nuevamente a esta alianza, es un compromiso de aliento al desempe\u00f1o del equipo profesional, pero tambi\u00e9n queremos ser parte de la formaci\u00f3n social de los m\u00e1s de 200 ni\u00f1os y ni\u00f1as de la escuela de f\u00fatbol de Deportes Temuco, porque creemos que es una tremenda oportunidad, para que ellos, fortalezcan sus valores; la disciplina, el respeto y compromiso con la sociedad\u201d, dijo<\/p>\n\n\n\n<p>En tanto, el presidente del Club, Marcelo Salas Melinao destac\u00f3 la trayectoria del trabajo que mantienen con Aguas Araucan\u00eda. \u201cEste es un respaldo importante a nuestra gesti\u00f3n y a las expectativas que tenemos para este a\u00f1o, donde esperamos poder pelear el ascenso con el Club y as\u00ed el pr\u00f3ximo a\u00f1o, volver a primera divisi\u00f3n\u201d.&nbsp;&nbsp;<\/p>\n\n\n\n<p>.&nbsp;<\/p>\n","protected":false},"excerpt":{"rendered":"<div class=\"pvc_clear\"><\/div>\n<p id=\"pvc_stats_38777\" class=\"pvc_stats total_only  \" data-element-id=\"38777\" style=\"\"><i class=\"pvc-stats-icon large\" aria-hidden=\"true\"><svg aria-hidden=\"true\" focusable=\"false\" data-prefix=\"far\" data-icon=\"chart-bar\" role=\"img\" xmlns=\"http:\/\/www.w3.org\/2000\/svg\" viewBox=\"0 0 512 512\" class=\"svg-inline--fa fa-chart-bar fa-w-16 fa-2x\"><path fill=\"currentColor\" d=\"M396.8 352h22.4c6.4 0 12.8-6.4 12.8-12.8V108.8c0-6.4-6.4-12.8-12.8-12.8h-22.4c-6.4 0-12.8 6.4-12.8 12.8v230.4c0 6.4 6.4 12.8 12.8 12.8zm-192 0h22.4c6.4 0 12.8-6.4 12.8-12.8V140.8c0-6.4-6.4-12.8-12.8-12.8h-22.4c-6.4 0-12.8 6.4-12.8 12.8v198.4c0 6.4 6.4 12.8 12.8 12.8zm96 0h22.4c6.4 0 12.8-6.4 12.8-12.8V204.8c0-6.4-6.4-12.8-12.8-12.8h-22.4c-6.4 0-12.8 6.4-12.8 12.8v134.4c0 6.4 6.4 12.8 12.8 12.8zM496 400H48V80c0-8.84-7.16-16-16-16H16C7.16 64 0 71.16 0 80v336c0 17.67 14.33 32 32 32h464c8.84 0 16-7.16 16-16v-16c0-8.84-7.16-16-16-16zm-387.2-48h22.4c6.4 0 12.8-6.4 12.8-12.8v-70.4c0-6.4-6.4-12.8-12.8-12.8h-22.4c-6.4 0-12.8 6.4-12.8 12.8v70.4c0 6.4 6.4 12.8 12.8 12.8z\" class=\"\"><\/path><\/svg><\/i> <img loading=\"lazy\" decoding=\"async\" width=\"16\" height=\"16\" alt=\"Loading\" src=\"https:\/\/temucotelevision.cl\/web\/wp-content\/plugins\/page-views-count\/ajax-loader-2x.gif\" border=0 \/><\/p>\n<div class=\"pvc_clear\"><\/div>\n<p>Con la presencia del presidente del Club, el destacado ex futbolista Marcelo Salas y el gerente regional de la sanitaria,<\/p>\n","protected":false},"author":1,"featured_media":38778,"comment_status":"open","ping_status":"open","sticky":false,"template":"","format":"standard","meta":{"colormag_page_container_layout":"default_layout","colormag_page_sidebar_layout":"default_layout","footnotes":""},"categories":[14],"tags":[753,675,576,6176],"class_list":["post-38777","post","type-post","status-publish","format-standard","has-post-thumbnail","hentry","category-temuco","tag-aguas-araucania","tag-club","tag-deportes-temuco","tag-sponsor"],"a3_pvc":{"activated":true,"total_views":71,"today_views":0},"_links":{"self":[{"href":"https:\/\/temucotelevision.cl\/web\/wp-json\/wp\/v2\/posts\/38777","targetHints":{"allow":["GET"]}}],"collection":[{"href":"https:\/\/temucotelevision.cl\/web\/wp-json\/wp\/v2\/posts"}],"about":[{"href":"https:\/\/temucotelevision.cl\/web\/wp-json\/wp\/v2\/types\/post"}],"author":[{"embeddable":true,"href":"https:\/\/temucotelevision.cl\/web\/wp-json\/wp\/v2\/users\/1"}],"replies":[{"embeddable":true,"href":"https:\/\/temucotelevision.cl\/web\/wp-json\/wp\/v2\/comments?post=38777"}],"version-history":[{"count":1,"href":"https:\/\/temucotelevision.cl\/web\/wp-json\/wp\/v2\/posts\/38777\/revisions"}],"predecessor-version":[{"id":38779,"href":"https:\/\/temucotelevision.cl\/web\/wp-json\/wp\/v2\/posts\/38777\/revisions\/38779"}],"wp:featuredmedia":[{"embeddable":true,"href":"https:\/\/temucotelevision.cl\/web\/wp-json\/wp\/v2\/media\/38778"}],"wp:attachment":[{"href":"https:\/\/temucotelevision.cl\/web\/wp-json\/wp\/v2\/media?parent=38777"}],"wp:term":[{"taxonomy":"category","embeddable":true,"href":"https:\/\/temucotelevision.cl\/web\/wp-json\/wp\/v2\/categories?post=38777"},{"taxonomy":"post_tag","embeddable":true,"href":"https:\/\/temucotelevision.cl\/web\/wp-json\/wp\/v2\/tags?post=38777"}],"curies":[{"name":"wp","href":"https:\/\/api.w.org\/{rel}","templated":true}]}}