{"id":38773,"date":"2023-02-17T11:13:35","date_gmt":"2023-02-17T14:13:35","guid":{"rendered":"https:\/\/temucotelevision.cl\/web\/?p=38773"},"modified":"2023-02-17T11:13:36","modified_gmt":"2023-02-17T14:13:36","slug":"equipo-de-salud-mental-para-emergencias-y-desastres-arribo-a-la-comuna-de-galvarino-para-apoyar-intervencion-con-equipos-locales-en-zonas-afectadas-por-incendios","status":"publish","type":"post","link":"https:\/\/temucotelevision.cl\/web\/2023\/02\/17\/equipo-de-salud-mental-para-emergencias-y-desastres-arribo-a-la-comuna-de-galvarino-para-apoyar-intervencion-con-equipos-locales-en-zonas-afectadas-por-incendios\/","title":{"rendered":"Equipo de Salud Mental para Emergencias y Desastres arrib\u00f3 a la comuna de Galvarino para apoyar intervenci\u00f3n con equipos locales en zonas afectadas por incendios\u00a0"},"content":{"rendered":"<div class=\"pvc_clear\"><\/div><p id=\"pvc_stats_38773\" class=\"pvc_stats total_only  \" data-element-id=\"38773\" style=\"\"><i class=\"pvc-stats-icon large\" aria-hidden=\"true\"><svg aria-hidden=\"true\" focusable=\"false\" data-prefix=\"far\" data-icon=\"chart-bar\" role=\"img\" xmlns=\"http:\/\/www.w3.org\/2000\/svg\" viewBox=\"0 0 512 512\" class=\"svg-inline--fa fa-chart-bar fa-w-16 fa-2x\"><path fill=\"currentColor\" d=\"M396.8 352h22.4c6.4 0 12.8-6.4 12.8-12.8V108.8c0-6.4-6.4-12.8-12.8-12.8h-22.4c-6.4 0-12.8 6.4-12.8 12.8v230.4c0 6.4 6.4 12.8 12.8 12.8zm-192 0h22.4c6.4 0 12.8-6.4 12.8-12.8V140.8c0-6.4-6.4-12.8-12.8-12.8h-22.4c-6.4 0-12.8 6.4-12.8 12.8v198.4c0 6.4 6.4 12.8 12.8 12.8zm96 0h22.4c6.4 0 12.8-6.4 12.8-12.8V204.8c0-6.4-6.4-12.8-12.8-12.8h-22.4c-6.4 0-12.8 6.4-12.8 12.8v134.4c0 6.4 6.4 12.8 12.8 12.8zM496 400H48V80c0-8.84-7.16-16-16-16H16C7.16 64 0 71.16 0 80v336c0 17.67 14.33 32 32 32h464c8.84 0 16-7.16 16-16v-16c0-8.84-7.16-16-16-16zm-387.2-48h22.4c6.4 0 12.8-6.4 12.8-12.8v-70.4c0-6.4-6.4-12.8-12.8-12.8h-22.4c-6.4 0-12.8 6.4-12.8 12.8v70.4c0 6.4 6.4 12.8 12.8 12.8z\" class=\"\"><\/path><\/svg><\/i> <img loading=\"lazy\" decoding=\"async\" width=\"16\" height=\"16\" alt=\"Loading\" src=\"https:\/\/temucotelevision.cl\/web\/wp-content\/plugins\/page-views-count\/ajax-loader-2x.gif\" border=0 \/><\/p><div class=\"pvc_clear\"><\/div>\n<p><em>Profesionales provenientes de Ays\u00e9n se suman en apoyo de contingencia a la c\u00e9lula del Equipo M\u00e9dico de Emergencias que ya se encontraba en la zona.&nbsp;<\/em><\/p>\n\n\n\n<p>Convocados para apoyar las labores de los equipos de salud mental de la comuna de Galvarino y generar acciones que contribuyan al bienestar psicosocial de la comunidad y del propio equipo de salud local, arribaron seis profesionales de Apoyo a la Respuesta en Salud Mental (ARSAM) coordinados desde el Ministerio de Salud.&nbsp;<\/p>\n\n\n\n<p>El grupo conformado por dos psic\u00f3logos, un m\u00e9dico, una enfermera, una psicopedagoga y un trabajador social son parte de la estrategia de equipos ARSAM, promovida por el MINSAL para contar con la capacidad de desplazar personal preparado hacia zonas afectadas por situaciones de emergencias y desastres para apoyar la labor local, con un foco fundamental en el fortalecimiento de capacidades y bienestar de los integrantes de la red de salud del territorio.&nbsp;<\/p>\n\n\n\n<p><strong>Apoyo a equipos locales<\/strong><\/p>\n\n\n\n<p>Freddy Vidal, director (s) Servicio de Salud Araucan\u00eda Sur (SSAS), destac\u00f3 la llegada de los profesionales, que se extender\u00e1 inicialmente por 9 d\u00edas, \u201cagradecemos al MINSAL que ha dispuesto el apoyo con este equipo de profesionales, que junto con el trabajo del DSM local y nuestro equipo EMT, est\u00e1n sumando manos para el trabajo en la comuna. Hay mucha poblaci\u00f3n afectada y nosotros estamos desplegados para dar los apoyos en terreno, as\u00ed que es muy importante este trabajo en beneficio de recuperar de alguna forma el da\u00f1o que ha tenido la poblaci\u00f3n\u201d.&nbsp;<\/p>\n\n\n\n<p>Rodrigo Gonz\u00e1lez, trabajador social y l\u00edder del equipo ARSAM que arrib\u00f3 a la comuna de Galvarino, explic\u00f3 el enfoque de la labor que llegan a realizar, \u201csomos de la regi\u00f3n de Ays\u00e9n, y nos desplegamos a trav\u00e9s de la solicitud del MINSAL de apoyo a los equipos de las regiones afectadas y nuestro principal objetivo como equipo ARSAM tiene que ver con apoyar a los equipos locales de salud que est\u00e1n enfrentando la contingencia, pero que tambi\u00e9n son parte de la emergencia\u201d.&nbsp;<\/p>\n\n\n\n<p>Por su parte, el SEREMI de Salud, Andr\u00e9s Cuyul, valor\u00f3 el aporte de la intervenci\u00f3n que realizar\u00e1 el equipo de profesionales, \u201cen atenci\u00f3n a las personas que han sufrido los efectos del incendio, tanto por la quema de sus viviendas o de su entorno que les permit\u00eda subsistir. Ellos se est\u00e1n coordinando con APS local para iniciar acciones y poder abarcar los distintos territorios, sobre todo rurales, que han sido afectados por los incendios forestales\u201d.&nbsp;<\/p>\n\n\n\n<p>En la provincia de Caut\u00edn, la comuna de Galvarino ha sido a la fecha una de las m\u00e1s afectadas por los incendios forestales de la temporada, con m\u00e1s de 27 mil hect\u00e1reas consumidas por el fuego, y sus habitantes de sectores rurales afectados a distintos niveles, motivo por el que desde el Servicio de Salud Araucan\u00eda Sur se encuentra desplegando apoyo en recursos como suministro el\u00e9ctrico v\u00eda grupo electr\u00f3geno para la posta de salud rural de Pangueco o la activaci\u00f3n del Equipo M\u00e9dico de Emergencia (EMT), convocado para apoyar las labores sanitarias del Departamento de Salud Municipal en las zonas afectadas.&nbsp;<\/p>\n\n\n\n<p>Cabe se\u00f1alar que en La Araucan\u00eda actualmente existen otros equipos ARSAM desplegados en las comunas de Pur\u00e9n y Lumaco, de la provincia de Malleco, provenientes de otras regiones del pa\u00eds con el objetivo de brindar apoyo a los equipos de salud en cada territorio.<\/p>\n\n\n\n<figure class=\"wp-block-image size-large\"><img loading=\"lazy\" decoding=\"async\" width=\"1024\" height=\"576\" src=\"https:\/\/temucotelevision.cl\/web\/wp-content\/uploads\/2023\/02\/Imagen-aerea-1024x576.jpg\" alt=\"\" class=\"wp-image-38775\" srcset=\"https:\/\/temucotelevision.cl\/web\/wp-content\/uploads\/2023\/02\/Imagen-aerea-1024x576.jpg 1024w, https:\/\/temucotelevision.cl\/web\/wp-content\/uploads\/2023\/02\/Imagen-aerea-768x432.jpg 768w, https:\/\/temucotelevision.cl\/web\/wp-content\/uploads\/2023\/02\/Imagen-aerea-1536x864.jpg 1536w, https:\/\/temucotelevision.cl\/web\/wp-content\/uploads\/2023\/02\/Imagen-aerea.jpg 1600w\" sizes=\"auto, (max-width: 1024px) 100vw, 1024px\" \/><\/figure>\n","protected":false},"excerpt":{"rendered":"<div class=\"pvc_clear\"><\/div>\n<p id=\"pvc_stats_38773\" class=\"pvc_stats total_only  \" data-element-id=\"38773\" style=\"\"><i class=\"pvc-stats-icon large\" aria-hidden=\"true\"><svg aria-hidden=\"true\" focusable=\"false\" data-prefix=\"far\" data-icon=\"chart-bar\" role=\"img\" xmlns=\"http:\/\/www.w3.org\/2000\/svg\" viewBox=\"0 0 512 512\" class=\"svg-inline--fa fa-chart-bar fa-w-16 fa-2x\"><path fill=\"currentColor\" d=\"M396.8 352h22.4c6.4 0 12.8-6.4 12.8-12.8V108.8c0-6.4-6.4-12.8-12.8-12.8h-22.4c-6.4 0-12.8 6.4-12.8 12.8v230.4c0 6.4 6.4 12.8 12.8 12.8zm-192 0h22.4c6.4 0 12.8-6.4 12.8-12.8V140.8c0-6.4-6.4-12.8-12.8-12.8h-22.4c-6.4 0-12.8 6.4-12.8 12.8v198.4c0 6.4 6.4 12.8 12.8 12.8zm96 0h22.4c6.4 0 12.8-6.4 12.8-12.8V204.8c0-6.4-6.4-12.8-12.8-12.8h-22.4c-6.4 0-12.8 6.4-12.8 12.8v134.4c0 6.4 6.4 12.8 12.8 12.8zM496 400H48V80c0-8.84-7.16-16-16-16H16C7.16 64 0 71.16 0 80v336c0 17.67 14.33 32 32 32h464c8.84 0 16-7.16 16-16v-16c0-8.84-7.16-16-16-16zm-387.2-48h22.4c6.4 0 12.8-6.4 12.8-12.8v-70.4c0-6.4-6.4-12.8-12.8-12.8h-22.4c-6.4 0-12.8 6.4-12.8 12.8v70.4c0 6.4 6.4 12.8 12.8 12.8z\" class=\"\"><\/path><\/svg><\/i> <img loading=\"lazy\" decoding=\"async\" width=\"16\" height=\"16\" alt=\"Loading\" src=\"https:\/\/temucotelevision.cl\/web\/wp-content\/plugins\/page-views-count\/ajax-loader-2x.gif\" border=0 \/><\/p>\n<div class=\"pvc_clear\"><\/div>\n<p>Profesionales provenientes de Ays\u00e9n se suman en apoyo de contingencia a la c\u00e9lula del Equipo M\u00e9dico de Emergencias que ya<\/p>\n","protected":false},"author":1,"featured_media":38774,"comment_status":"open","ping_status":"open","sticky":false,"template":"","format":"standard","meta":{"colormag_page_container_layout":"default_layout","colormag_page_sidebar_layout":"default_layout","footnotes":""},"categories":[15],"tags":[3830,268,449,869,1964,131],"class_list":["post-38773","post","type-post","status-publish","format-standard","has-post-thumbnail","hentry","category-la-araucania","tag-desastres","tag-emergencias","tag-equipo","tag-galvarino","tag-mental","tag-salud"],"a3_pvc":{"activated":true,"total_views":118,"today_views":0},"_links":{"self":[{"href":"https:\/\/temucotelevision.cl\/web\/wp-json\/wp\/v2\/posts\/38773","targetHints":{"allow":["GET"]}}],"collection":[{"href":"https:\/\/temucotelevision.cl\/web\/wp-json\/wp\/v2\/posts"}],"about":[{"href":"https:\/\/temucotelevision.cl\/web\/wp-json\/wp\/v2\/types\/post"}],"author":[{"embeddable":true,"href":"https:\/\/temucotelevision.cl\/web\/wp-json\/wp\/v2\/users\/1"}],"replies":[{"embeddable":true,"href":"https:\/\/temucotelevision.cl\/web\/wp-json\/wp\/v2\/comments?post=38773"}],"version-history":[{"count":1,"href":"https:\/\/temucotelevision.cl\/web\/wp-json\/wp\/v2\/posts\/38773\/revisions"}],"predecessor-version":[{"id":38776,"href":"https:\/\/temucotelevision.cl\/web\/wp-json\/wp\/v2\/posts\/38773\/revisions\/38776"}],"wp:featuredmedia":[{"embeddable":true,"href":"https:\/\/temucotelevision.cl\/web\/wp-json\/wp\/v2\/media\/38774"}],"wp:attachment":[{"href":"https:\/\/temucotelevision.cl\/web\/wp-json\/wp\/v2\/media?parent=38773"}],"wp:term":[{"taxonomy":"category","embeddable":true,"href":"https:\/\/temucotelevision.cl\/web\/wp-json\/wp\/v2\/categories?post=38773"},{"taxonomy":"post_tag","embeddable":true,"href":"https:\/\/temucotelevision.cl\/web\/wp-json\/wp\/v2\/tags?post=38773"}],"curies":[{"name":"wp","href":"https:\/\/api.w.org\/{rel}","templated":true}]}}