{"id":38766,"date":"2023-02-16T21:39:08","date_gmt":"2023-02-17T00:39:08","guid":{"rendered":"https:\/\/temucotelevision.cl\/web\/?p=38766"},"modified":"2023-02-16T21:39:08","modified_gmt":"2023-02-17T00:39:08","slug":"red-de-alimentos-envia-mas-de-19-mil-kilos-de-alimentos-y-47-mil-unidades-de-articulos-de-higiene-a-las-regiones-de-nuble-y-araucania","status":"publish","type":"post","link":"https:\/\/temucotelevision.cl\/web\/2023\/02\/16\/red-de-alimentos-envia-mas-de-19-mil-kilos-de-alimentos-y-47-mil-unidades-de-articulos-de-higiene-a-las-regiones-de-nuble-y-araucania\/","title":{"rendered":"Red de Alimentos env\u00eda m\u00e1s de 19 mil kilos de alimentos y 47 mil unidades de art\u00edculos de higiene a las regiones de \u00d1uble y Araucan\u00eda\u00a0"},"content":{"rendered":"<div class=\"pvc_clear\"><\/div><p id=\"pvc_stats_38766\" class=\"pvc_stats total_only  \" data-element-id=\"38766\" style=\"\"><i class=\"pvc-stats-icon large\" aria-hidden=\"true\"><svg aria-hidden=\"true\" focusable=\"false\" data-prefix=\"far\" data-icon=\"chart-bar\" role=\"img\" xmlns=\"http:\/\/www.w3.org\/2000\/svg\" viewBox=\"0 0 512 512\" class=\"svg-inline--fa fa-chart-bar fa-w-16 fa-2x\"><path fill=\"currentColor\" d=\"M396.8 352h22.4c6.4 0 12.8-6.4 12.8-12.8V108.8c0-6.4-6.4-12.8-12.8-12.8h-22.4c-6.4 0-12.8 6.4-12.8 12.8v230.4c0 6.4 6.4 12.8 12.8 12.8zm-192 0h22.4c6.4 0 12.8-6.4 12.8-12.8V140.8c0-6.4-6.4-12.8-12.8-12.8h-22.4c-6.4 0-12.8 6.4-12.8 12.8v198.4c0 6.4 6.4 12.8 12.8 12.8zm96 0h22.4c6.4 0 12.8-6.4 12.8-12.8V204.8c0-6.4-6.4-12.8-12.8-12.8h-22.4c-6.4 0-12.8 6.4-12.8 12.8v134.4c0 6.4 6.4 12.8 12.8 12.8zM496 400H48V80c0-8.84-7.16-16-16-16H16C7.16 64 0 71.16 0 80v336c0 17.67 14.33 32 32 32h464c8.84 0 16-7.16 16-16v-16c0-8.84-7.16-16-16-16zm-387.2-48h22.4c6.4 0 12.8-6.4 12.8-12.8v-70.4c0-6.4-6.4-12.8-12.8-12.8h-22.4c-6.4 0-12.8 6.4-12.8 12.8v70.4c0 6.4 6.4 12.8 12.8 12.8z\" class=\"\"><\/path><\/svg><\/i> <img loading=\"lazy\" decoding=\"async\" width=\"16\" height=\"16\" alt=\"Loading\" src=\"https:\/\/temucotelevision.cl\/web\/wp-content\/plugins\/page-views-count\/ajax-loader-2x.gif\" border=0 \/><\/p><div class=\"pvc_clear\"><\/div>\n<ul class=\"wp-block-list\"><li><em>Es la tercera instancia en la que Red de Alimentos entrega productos en esta emergencia; esta vez, para 3.756 personas que han sido afectadas por los incendios, voluntarios, brigadistas y bomberos tanto en la Regi\u00f3n de \u00d1uble como en La Araucan\u00eda.&nbsp;<\/em><em>&nbsp;<\/em><em><\/em><\/li><\/ul>\n\n\n\n<p>\u00a0Red de Alimentos, el banco de alimentos de Chile, con el apoyo de las empresas Arauco y Transportes Vega Morelli, adem\u00e1s de la ONG Adra Chile, realiz\u00f3 el env\u00edo de tres camiones con destino a las regiones de \u00d1uble y La Araucan\u00eda. Se trata de un total de 19.321 kilos de alimentos y 46.884 art\u00edculos de primera necesidad que, en coordinaci\u00f3n con Arauco, ADRA, Desaf\u00edo Levantemos Chile, Movidos x Chile y Good Neighbors Chile, ser\u00e1n entregados a las personas que han sufrido las consecuencias de los m\u00faltiples incendios que afectan a la zona centro-sur de nuestro pa\u00eds, considerando tambi\u00e9n a los voluntarios, brigadistas y bomberos que est\u00e1n trabajando en terreno.<\/p>\n\n\n\n<p>El equipo de Red de Alimentos ha estado monitoreando lo sucedido en la zona centro-sur del pa\u00eds y analizando las necesidades de las personas damnificadas desde los inicios de esta emergencia, \u201c<em>realizamos distintos diagn\u00f3sticos de las necesidades de alimentaci\u00f3n y productos de higiene y aseo, tanto a trav\u00e9s de nuestras organizaciones sociales locales, como tambi\u00e9n en coordinaci\u00f3n con las empresas y ONGs que est\u00e1n trabajando en la zona de emergencia y con las instituciones p\u00fablicas<\/em>\u201d, coment\u00f3 Mar\u00eda Eugenia Torres, gerente general de Red de Alimentos.<\/p>\n\n\n\n<p>\u201c<em>Nos activamos inmediatamente despu\u00e9s de declarada la emergencia el viernes 3 de febrero y el lunes 6 realizamos una primera entrega de 500 kilos en aguas, jugos y snacks para voluntarios de Tom\u00e9; el jueves 9 pudimos enviar 12.000 kilos de alimentos y 9.000 art\u00edculos de primera necesidad para 3.200 personas de la Regi\u00f3n del Biob\u00edo; y hoy, nuevamente, gracias al apoyo de Arauco, Vega Morelli y Adra y la donaci\u00f3n de productos de Cencosud, Kimberly Clark, Reckitt y Aconcagua Foods, adem\u00e1s de todas nuestras empresas socias, pudimos concretar el traslado de tres camiones con alimentos y productos de primera necesidad que van a beneficiar a m\u00e1s de 3.700 personas en \u00d1uble y La Araucan\u00eda\u201d<\/em>, agreg\u00f3 la Gerente General.<\/p>\n\n\n\n<p>Los damnificados no pueden esperar, hoy nos necesitan m\u00e1s que nunca, por eso Red de Alimentos contin\u00faa con su campa\u00f1a de recaudaci\u00f3n que busca reunir fondos para seguir atendiendo esta emergencia. Las empresas y personas pueden contribuir enwww.redalimentos.cl<\/p>\n\n\n\n<p><strong>Sobre Red de Alimentos<\/strong><\/p>\n\n\n\n<p>Red de Alimentos es una organizaci\u00f3n privada sin fines de lucro que lleva 12 a\u00f1os rescatando alimentos y art\u00edculos de primera necesidad -aptos para el uso y consumo humano- para distribuirlos a las personas en situaci\u00f3n de vulnerabilidad y as\u00ed evitar su desperdicio. Desde el 2010 han rescatado 66 millones de kilos de alimentos y 20 millones de unidades de pa\u00f1ales y productos de aseo e higiene personal, evitando la emisi\u00f3n de 145 mil toneladas de CO<sub>2<\/sub>. La RED beneficia a m\u00e1s de 240 mil personas cada a\u00f1o, quienes pertenecen a 1.575 centros de atenci\u00f3n de 505 organizaciones sociales en todo Chile, adem\u00e1s de 5.000 personas mayores atendidas semanalmente en sus Despensas Sociales implementadas desde 2021.\u00a0\u00a0<\/p>\n\n\n\n<figure class=\"wp-block-image aligncenter size-large\"><img loading=\"lazy\" decoding=\"async\" width=\"1024\" height=\"768\" src=\"https:\/\/temucotelevision.cl\/web\/wp-content\/uploads\/2023\/02\/Foto-RED-1-1024x768.jpeg\" alt=\"\" class=\"wp-image-38768\" srcset=\"https:\/\/temucotelevision.cl\/web\/wp-content\/uploads\/2023\/02\/Foto-RED-1-1024x768.jpeg 1024w, https:\/\/temucotelevision.cl\/web\/wp-content\/uploads\/2023\/02\/Foto-RED-1-768x576.jpeg 768w, https:\/\/temucotelevision.cl\/web\/wp-content\/uploads\/2023\/02\/Foto-RED-1-1536x1152.jpeg 1536w, https:\/\/temucotelevision.cl\/web\/wp-content\/uploads\/2023\/02\/Foto-RED-1.jpeg 1600w\" sizes=\"auto, (max-width: 1024px) 100vw, 1024px\" \/><\/figure>\n","protected":false},"excerpt":{"rendered":"<div class=\"pvc_clear\"><\/div>\n<p id=\"pvc_stats_38766\" class=\"pvc_stats total_only  \" data-element-id=\"38766\" style=\"\"><i class=\"pvc-stats-icon large\" aria-hidden=\"true\"><svg aria-hidden=\"true\" focusable=\"false\" data-prefix=\"far\" data-icon=\"chart-bar\" role=\"img\" xmlns=\"http:\/\/www.w3.org\/2000\/svg\" viewBox=\"0 0 512 512\" class=\"svg-inline--fa fa-chart-bar fa-w-16 fa-2x\"><path fill=\"currentColor\" d=\"M396.8 352h22.4c6.4 0 12.8-6.4 12.8-12.8V108.8c0-6.4-6.4-12.8-12.8-12.8h-22.4c-6.4 0-12.8 6.4-12.8 12.8v230.4c0 6.4 6.4 12.8 12.8 12.8zm-192 0h22.4c6.4 0 12.8-6.4 12.8-12.8V140.8c0-6.4-6.4-12.8-12.8-12.8h-22.4c-6.4 0-12.8 6.4-12.8 12.8v198.4c0 6.4 6.4 12.8 12.8 12.8zm96 0h22.4c6.4 0 12.8-6.4 12.8-12.8V204.8c0-6.4-6.4-12.8-12.8-12.8h-22.4c-6.4 0-12.8 6.4-12.8 12.8v134.4c0 6.4 6.4 12.8 12.8 12.8zM496 400H48V80c0-8.84-7.16-16-16-16H16C7.16 64 0 71.16 0 80v336c0 17.67 14.33 32 32 32h464c8.84 0 16-7.16 16-16v-16c0-8.84-7.16-16-16-16zm-387.2-48h22.4c6.4 0 12.8-6.4 12.8-12.8v-70.4c0-6.4-6.4-12.8-12.8-12.8h-22.4c-6.4 0-12.8 6.4-12.8 12.8v70.4c0 6.4 6.4 12.8 12.8 12.8z\" class=\"\"><\/path><\/svg><\/i> <img loading=\"lazy\" decoding=\"async\" width=\"16\" height=\"16\" alt=\"Loading\" src=\"https:\/\/temucotelevision.cl\/web\/wp-content\/plugins\/page-views-count\/ajax-loader-2x.gif\" border=0 \/><\/p>\n<div class=\"pvc_clear\"><\/div>\n<p>Es la tercera instancia en la que Red de Alimentos entrega productos en esta emergencia; esta vez, para 3.756 personas<\/p>\n","protected":false},"author":1,"featured_media":38767,"comment_status":"open","ping_status":"open","sticky":false,"template":"","format":"standard","meta":{"colormag_page_container_layout":"default_layout","colormag_page_sidebar_layout":"default_layout","footnotes":""},"categories":[15],"tags":[388,6173,4196,6174,1064,820],"class_list":["post-38766","post","type-post","status-publish","format-standard","has-post-thumbnail","hentry","category-la-araucania","tag-alimentos","tag-articulos-2","tag-higiene","tag-nuble","tag-red","tag-regiones"],"a3_pvc":{"activated":true,"total_views":59,"today_views":0},"_links":{"self":[{"href":"https:\/\/temucotelevision.cl\/web\/wp-json\/wp\/v2\/posts\/38766","targetHints":{"allow":["GET"]}}],"collection":[{"href":"https:\/\/temucotelevision.cl\/web\/wp-json\/wp\/v2\/posts"}],"about":[{"href":"https:\/\/temucotelevision.cl\/web\/wp-json\/wp\/v2\/types\/post"}],"author":[{"embeddable":true,"href":"https:\/\/temucotelevision.cl\/web\/wp-json\/wp\/v2\/users\/1"}],"replies":[{"embeddable":true,"href":"https:\/\/temucotelevision.cl\/web\/wp-json\/wp\/v2\/comments?post=38766"}],"version-history":[{"count":1,"href":"https:\/\/temucotelevision.cl\/web\/wp-json\/wp\/v2\/posts\/38766\/revisions"}],"predecessor-version":[{"id":38769,"href":"https:\/\/temucotelevision.cl\/web\/wp-json\/wp\/v2\/posts\/38766\/revisions\/38769"}],"wp:featuredmedia":[{"embeddable":true,"href":"https:\/\/temucotelevision.cl\/web\/wp-json\/wp\/v2\/media\/38767"}],"wp:attachment":[{"href":"https:\/\/temucotelevision.cl\/web\/wp-json\/wp\/v2\/media?parent=38766"}],"wp:term":[{"taxonomy":"category","embeddable":true,"href":"https:\/\/temucotelevision.cl\/web\/wp-json\/wp\/v2\/categories?post=38766"},{"taxonomy":"post_tag","embeddable":true,"href":"https:\/\/temucotelevision.cl\/web\/wp-json\/wp\/v2\/tags?post=38766"}],"curies":[{"name":"wp","href":"https:\/\/api.w.org\/{rel}","templated":true}]}}