{"id":38762,"date":"2023-02-16T21:24:21","date_gmt":"2023-02-17T00:24:21","guid":{"rendered":"https:\/\/temucotelevision.cl\/web\/?p=38762"},"modified":"2023-02-16T21:24:22","modified_gmt":"2023-02-17T00:24:22","slug":"equipos-de-salud-mental-del-ministerio-de-salud-desplegados-por-la-emergencia-ya-se-encuentran-en-la-araucania","status":"publish","type":"post","link":"https:\/\/temucotelevision.cl\/web\/2023\/02\/16\/equipos-de-salud-mental-del-ministerio-de-salud-desplegados-por-la-emergencia-ya-se-encuentran-en-la-araucania\/","title":{"rendered":"Equipos de Salud Mental del Ministerio de Salud desplegados por la emergencia ya se encuentran en La Araucan\u00eda"},"content":{"rendered":"<div class=\"pvc_clear\"><\/div><p id=\"pvc_stats_38762\" class=\"pvc_stats total_only  \" data-element-id=\"38762\" style=\"\"><i class=\"pvc-stats-icon large\" aria-hidden=\"true\"><svg aria-hidden=\"true\" focusable=\"false\" data-prefix=\"far\" data-icon=\"chart-bar\" role=\"img\" xmlns=\"http:\/\/www.w3.org\/2000\/svg\" viewBox=\"0 0 512 512\" class=\"svg-inline--fa fa-chart-bar fa-w-16 fa-2x\"><path fill=\"currentColor\" d=\"M396.8 352h22.4c6.4 0 12.8-6.4 12.8-12.8V108.8c0-6.4-6.4-12.8-12.8-12.8h-22.4c-6.4 0-12.8 6.4-12.8 12.8v230.4c0 6.4 6.4 12.8 12.8 12.8zm-192 0h22.4c6.4 0 12.8-6.4 12.8-12.8V140.8c0-6.4-6.4-12.8-12.8-12.8h-22.4c-6.4 0-12.8 6.4-12.8 12.8v198.4c0 6.4 6.4 12.8 12.8 12.8zm96 0h22.4c6.4 0 12.8-6.4 12.8-12.8V204.8c0-6.4-6.4-12.8-12.8-12.8h-22.4c-6.4 0-12.8 6.4-12.8 12.8v134.4c0 6.4 6.4 12.8 12.8 12.8zM496 400H48V80c0-8.84-7.16-16-16-16H16C7.16 64 0 71.16 0 80v336c0 17.67 14.33 32 32 32h464c8.84 0 16-7.16 16-16v-16c0-8.84-7.16-16-16-16zm-387.2-48h22.4c6.4 0 12.8-6.4 12.8-12.8v-70.4c0-6.4-6.4-12.8-12.8-12.8h-22.4c-6.4 0-12.8 6.4-12.8 12.8v70.4c0 6.4 6.4 12.8 12.8 12.8z\" class=\"\"><\/path><\/svg><\/i> <img loading=\"lazy\" decoding=\"async\" width=\"16\" height=\"16\" alt=\"Loading\" src=\"https:\/\/temucotelevision.cl\/web\/wp-content\/plugins\/page-views-count\/ajax-loader-2x.gif\" border=0 \/><\/p><div class=\"pvc_clear\"><\/div>\n<ul class=\"wp-block-list\"><li>Este jueves arrib\u00f3 a la comuna un nuevo equipo de Apoyo a la Respuesta en Salud Mental (ARSAM) proveniente de la regi\u00f3n de Ays\u00e9n.&nbsp;<\/li><\/ul>\n\n\n\n<p>En el contexto de emergencia por incendios forestales y de acuerdo al sistema de vigilancia de enfermedades que realiza la Seremi de Salud, la primera causa de consulta de urgencia en la comuna de Galvarino, son trastornos de salud mental.<\/p>\n\n\n\n<p>Situaci\u00f3n similar a la comuna de Pur\u00e9n, donde el trastorno de ansiedad ocupa el tercer lugar de motivo de consulta en los establecimientos de salud p\u00fablica. En tanto, en Lumaco, las consultas de urgencia por salud mental ocupan el 5\u00b0 lugar.<\/p>\n\n\n\n<p>Por lo anterior, el Seremi de Salud, Andr\u00e9s Cuyul Soto, gestion\u00f3 la llegada de tres equipos de Apoyo a la Respuesta en Salud Mental, que provienen de las regiones de Coquimbo, Los Lagos y Ays\u00e9n y que ya se encuentran operativos.<\/p>\n\n\n\n<p>\u201cEste jueves lleg\u00f3 un equipo de seis profesionales a Galvarino, por lo que ya son tres comunas de la regi\u00f3n donde tenemos equipos altamente entrenados en el abordaje de salud mental de manera integral, as\u00ed como tambi\u00e9n en la vinculaci\u00f3n comunitaria y en la detecci\u00f3n de algunos problemas y urgencias puntuales, de los cuales nos queremos hacer cargo en la emergencia como sector salud\u201d, se\u00f1al\u00f3 el Seremi Andr\u00e9s Cuyul.&nbsp;&nbsp;<\/p>\n\n\n\n<p>El trabajo de los equipos contempla el dise\u00f1o e implementaci\u00f3n de actividades comunitarias para la salud mental en el contexto de emergencia y el desarrollo de acciones de comunicaci\u00f3n social con \u00e9nfasis en la promoci\u00f3n del bienestar a trav\u00e9s de la psicoeducaci\u00f3n y el fortalecimiento de las estrategias de afrontamiento de la situaci\u00f3n de desastre, utilizando medios disponibles en el territorio, tales como radios comunitarias u otros medios locales.<\/p>\n\n\n\n<p>Asimismo, se considera el apoyo a la primera ayuda psicol\u00f3gica a aquellas personas que el equipo local haya priorizado en funci\u00f3n de la situaci\u00f3n de vulnerabilidad, contemplando una consultor\u00eda de salud mental que pueda detectar y resolver situaciones de mayor complejidad, posibles de ser desencadenadas o agudizadas en situaciones de emergencias y desastres.<\/p>\n\n\n\n<p>Los equipos locales tambi\u00e9n recibir\u00e1n soporte en actividades de capacitaci\u00f3n, en tem\u00e1ticas referentes a primera ayuda psicol\u00f3gica, salud mental y apoyo psicosocial a ni\u00f1os y ni\u00f1as en emergencias, entre otros.<\/p>\n\n\n\n<figure class=\"wp-block-image size-large\"><img loading=\"lazy\" decoding=\"async\" width=\"1024\" height=\"768\" src=\"https:\/\/temucotelevision.cl\/web\/wp-content\/uploads\/2023\/02\/Equipos2-1024x768.jpg\" alt=\"\" class=\"wp-image-38764\" srcset=\"https:\/\/temucotelevision.cl\/web\/wp-content\/uploads\/2023\/02\/Equipos2-1024x768.jpg 1024w, https:\/\/temucotelevision.cl\/web\/wp-content\/uploads\/2023\/02\/Equipos2-768x576.jpg 768w, https:\/\/temucotelevision.cl\/web\/wp-content\/uploads\/2023\/02\/Equipos2.jpg 1440w\" sizes=\"auto, (max-width: 1024px) 100vw, 1024px\" \/><\/figure>\n","protected":false},"excerpt":{"rendered":"<div class=\"pvc_clear\"><\/div>\n<p id=\"pvc_stats_38762\" class=\"pvc_stats total_only  \" data-element-id=\"38762\" style=\"\"><i class=\"pvc-stats-icon large\" aria-hidden=\"true\"><svg aria-hidden=\"true\" focusable=\"false\" data-prefix=\"far\" data-icon=\"chart-bar\" role=\"img\" xmlns=\"http:\/\/www.w3.org\/2000\/svg\" viewBox=\"0 0 512 512\" class=\"svg-inline--fa fa-chart-bar fa-w-16 fa-2x\"><path fill=\"currentColor\" d=\"M396.8 352h22.4c6.4 0 12.8-6.4 12.8-12.8V108.8c0-6.4-6.4-12.8-12.8-12.8h-22.4c-6.4 0-12.8 6.4-12.8 12.8v230.4c0 6.4 6.4 12.8 12.8 12.8zm-192 0h22.4c6.4 0 12.8-6.4 12.8-12.8V140.8c0-6.4-6.4-12.8-12.8-12.8h-22.4c-6.4 0-12.8 6.4-12.8 12.8v198.4c0 6.4 6.4 12.8 12.8 12.8zm96 0h22.4c6.4 0 12.8-6.4 12.8-12.8V204.8c0-6.4-6.4-12.8-12.8-12.8h-22.4c-6.4 0-12.8 6.4-12.8 12.8v134.4c0 6.4 6.4 12.8 12.8 12.8zM496 400H48V80c0-8.84-7.16-16-16-16H16C7.16 64 0 71.16 0 80v336c0 17.67 14.33 32 32 32h464c8.84 0 16-7.16 16-16v-16c0-8.84-7.16-16-16-16zm-387.2-48h22.4c6.4 0 12.8-6.4 12.8-12.8v-70.4c0-6.4-6.4-12.8-12.8-12.8h-22.4c-6.4 0-12.8 6.4-12.8 12.8v70.4c0 6.4 6.4 12.8 12.8 12.8z\" class=\"\"><\/path><\/svg><\/i> <img loading=\"lazy\" decoding=\"async\" width=\"16\" height=\"16\" alt=\"Loading\" src=\"https:\/\/temucotelevision.cl\/web\/wp-content\/plugins\/page-views-count\/ajax-loader-2x.gif\" border=0 \/><\/p>\n<div class=\"pvc_clear\"><\/div>\n<p>Este jueves arrib\u00f3 a la comuna un nuevo equipo de Apoyo a la Respuesta en Salud Mental (ARSAM) proveniente de<\/p>\n","protected":false},"author":1,"featured_media":38763,"comment_status":"open","ping_status":"open","sticky":false,"template":"","format":"standard","meta":{"colormag_page_container_layout":"default_layout","colormag_page_sidebar_layout":"default_layout","footnotes":""},"categories":[15],"tags":[268,1305,2236,131,6172,1426],"class_list":["post-38762","post","type-post","status-publish","format-standard","has-post-thumbnail","hentry","category-la-araucania","tag-emergencias","tag-equipos","tag-puren","tag-salud","tag-salud-mental","tag-urgencia"],"a3_pvc":{"activated":true,"total_views":124,"today_views":0},"_links":{"self":[{"href":"https:\/\/temucotelevision.cl\/web\/wp-json\/wp\/v2\/posts\/38762","targetHints":{"allow":["GET"]}}],"collection":[{"href":"https:\/\/temucotelevision.cl\/web\/wp-json\/wp\/v2\/posts"}],"about":[{"href":"https:\/\/temucotelevision.cl\/web\/wp-json\/wp\/v2\/types\/post"}],"author":[{"embeddable":true,"href":"https:\/\/temucotelevision.cl\/web\/wp-json\/wp\/v2\/users\/1"}],"replies":[{"embeddable":true,"href":"https:\/\/temucotelevision.cl\/web\/wp-json\/wp\/v2\/comments?post=38762"}],"version-history":[{"count":1,"href":"https:\/\/temucotelevision.cl\/web\/wp-json\/wp\/v2\/posts\/38762\/revisions"}],"predecessor-version":[{"id":38765,"href":"https:\/\/temucotelevision.cl\/web\/wp-json\/wp\/v2\/posts\/38762\/revisions\/38765"}],"wp:featuredmedia":[{"embeddable":true,"href":"https:\/\/temucotelevision.cl\/web\/wp-json\/wp\/v2\/media\/38763"}],"wp:attachment":[{"href":"https:\/\/temucotelevision.cl\/web\/wp-json\/wp\/v2\/media?parent=38762"}],"wp:term":[{"taxonomy":"category","embeddable":true,"href":"https:\/\/temucotelevision.cl\/web\/wp-json\/wp\/v2\/categories?post=38762"},{"taxonomy":"post_tag","embeddable":true,"href":"https:\/\/temucotelevision.cl\/web\/wp-json\/wp\/v2\/tags?post=38762"}],"curies":[{"name":"wp","href":"https:\/\/api.w.org\/{rel}","templated":true}]}}