{"id":38759,"date":"2023-02-16T21:13:13","date_gmt":"2023-02-17T00:13:13","guid":{"rendered":"https:\/\/temucotelevision.cl\/web\/?p=38759"},"modified":"2023-02-16T21:13:13","modified_gmt":"2023-02-17T00:13:13","slug":"municipalidad-de-lumaco-presentara-querellas-contra-responsables-de-incendios-en-la-comuna","status":"publish","type":"post","link":"https:\/\/temucotelevision.cl\/web\/2023\/02\/16\/municipalidad-de-lumaco-presentara-querellas-contra-responsables-de-incendios-en-la-comuna\/","title":{"rendered":"Municipalidad de Lumaco presentar\u00e1 querellas contra responsables de incendios en la comuna"},"content":{"rendered":"<div class=\"pvc_clear\"><\/div><p id=\"pvc_stats_38759\" class=\"pvc_stats total_only  \" data-element-id=\"38759\" style=\"\"><i class=\"pvc-stats-icon large\" aria-hidden=\"true\"><svg aria-hidden=\"true\" focusable=\"false\" data-prefix=\"far\" data-icon=\"chart-bar\" role=\"img\" xmlns=\"http:\/\/www.w3.org\/2000\/svg\" viewBox=\"0 0 512 512\" class=\"svg-inline--fa fa-chart-bar fa-w-16 fa-2x\"><path fill=\"currentColor\" d=\"M396.8 352h22.4c6.4 0 12.8-6.4 12.8-12.8V108.8c0-6.4-6.4-12.8-12.8-12.8h-22.4c-6.4 0-12.8 6.4-12.8 12.8v230.4c0 6.4 6.4 12.8 12.8 12.8zm-192 0h22.4c6.4 0 12.8-6.4 12.8-12.8V140.8c0-6.4-6.4-12.8-12.8-12.8h-22.4c-6.4 0-12.8 6.4-12.8 12.8v198.4c0 6.4 6.4 12.8 12.8 12.8zm96 0h22.4c6.4 0 12.8-6.4 12.8-12.8V204.8c0-6.4-6.4-12.8-12.8-12.8h-22.4c-6.4 0-12.8 6.4-12.8 12.8v134.4c0 6.4 6.4 12.8 12.8 12.8zM496 400H48V80c0-8.84-7.16-16-16-16H16C7.16 64 0 71.16 0 80v336c0 17.67 14.33 32 32 32h464c8.84 0 16-7.16 16-16v-16c0-8.84-7.16-16-16-16zm-387.2-48h22.4c6.4 0 12.8-6.4 12.8-12.8v-70.4c0-6.4-6.4-12.8-12.8-12.8h-22.4c-6.4 0-12.8 6.4-12.8 12.8v70.4c0 6.4 6.4 12.8 12.8 12.8z\" class=\"\"><\/path><\/svg><\/i> <img loading=\"lazy\" decoding=\"async\" width=\"16\" height=\"16\" alt=\"Loading\" src=\"https:\/\/temucotelevision.cl\/web\/wp-content\/plugins\/page-views-count\/ajax-loader-2x.gif\" border=0 \/><\/p><div class=\"pvc_clear\"><\/div>\n<p><strong>Alcalde Richard Leonelli anunci\u00f3 que se interpondr\u00e1n acciones legales contra todos los que est\u00e9n involucrados en los siniestros forestales que han ocurrido en la zona.<\/strong><\/p>\n\n\n\n<p>La gran cantidad de incendios ocurridos en la comuna, sumado al serio riesgo que se han expuesto los vecinos por el fuego, los perjuicios ocasionados en muchas familias que perdieron todo su trabajo de a\u00f1os, son las razones que tiene el municipio de Lumaco para interponer querellas contra los responsables de los siniestros.<\/p>\n\n\n\n<p>El alcalde de la comuna, Richard Leonelli Contreras, anunci\u00f3 las acciones legales que se presentar\u00e1n contra todos los detenidos que arrojen las diversas diligencias, considerando todo lo que esto ha significado para la ciudadan\u00eda.<\/p>\n\n\n\n<p>El equipo jur\u00eddico est\u00e1 trabajando en la redacci\u00f3n de los textos legales que van en l\u00ednea tambi\u00e9n de las declaraciones de vecinos que han visto la presencia de extra\u00f1os en las zonas donde comenzaron las llamas.<\/p>\n\n\n\n<p>\u201cEstos incendios han sido graves porque se ha puesto en riesgo la vida de nuestros habitantes, muchas familias perdieron todo lo que ten\u00edan y en algunos casos por culpa de delincuentes que prendieron fuego de manera intencional, por esta raz\u00f3n nos querellaremos contra todos los responsables porque ac\u00e1 los culpables tienen que pagar judicialmente\u201d, indic\u00f3 Leonelli.<\/p>\n\n\n\n<p>La autoridad lumaquina tambi\u00e9n llam\u00f3 a los vecinos a denunciar a los responsables o movimientos extra\u00f1os que se den en zonas apartadas para as\u00ed lograr la detenci\u00f3n de inescrupulosos.<\/p>\n\n\n\n<p>Para finalizar el alcalde reiter\u00f3 el mensaje que ha dado a trav\u00e9s de distintas declaraciones y es la solicitud de ayuda y apoyo para levantar a una comuna que ha sido fuertemente golpeada por los siniestros.<\/p>\n","protected":false},"excerpt":{"rendered":"<div class=\"pvc_clear\"><\/div>\n<p id=\"pvc_stats_38759\" class=\"pvc_stats total_only  \" data-element-id=\"38759\" style=\"\"><i class=\"pvc-stats-icon large\" aria-hidden=\"true\"><svg aria-hidden=\"true\" focusable=\"false\" data-prefix=\"far\" data-icon=\"chart-bar\" role=\"img\" xmlns=\"http:\/\/www.w3.org\/2000\/svg\" viewBox=\"0 0 512 512\" class=\"svg-inline--fa fa-chart-bar fa-w-16 fa-2x\"><path fill=\"currentColor\" d=\"M396.8 352h22.4c6.4 0 12.8-6.4 12.8-12.8V108.8c0-6.4-6.4-12.8-12.8-12.8h-22.4c-6.4 0-12.8 6.4-12.8 12.8v230.4c0 6.4 6.4 12.8 12.8 12.8zm-192 0h22.4c6.4 0 12.8-6.4 12.8-12.8V140.8c0-6.4-6.4-12.8-12.8-12.8h-22.4c-6.4 0-12.8 6.4-12.8 12.8v198.4c0 6.4 6.4 12.8 12.8 12.8zm96 0h22.4c6.4 0 12.8-6.4 12.8-12.8V204.8c0-6.4-6.4-12.8-12.8-12.8h-22.4c-6.4 0-12.8 6.4-12.8 12.8v134.4c0 6.4 6.4 12.8 12.8 12.8zM496 400H48V80c0-8.84-7.16-16-16-16H16C7.16 64 0 71.16 0 80v336c0 17.67 14.33 32 32 32h464c8.84 0 16-7.16 16-16v-16c0-8.84-7.16-16-16-16zm-387.2-48h22.4c6.4 0 12.8-6.4 12.8-12.8v-70.4c0-6.4-6.4-12.8-12.8-12.8h-22.4c-6.4 0-12.8 6.4-12.8 12.8v70.4c0 6.4 6.4 12.8 12.8 12.8z\" class=\"\"><\/path><\/svg><\/i> <img loading=\"lazy\" decoding=\"async\" width=\"16\" height=\"16\" alt=\"Loading\" src=\"https:\/\/temucotelevision.cl\/web\/wp-content\/plugins\/page-views-count\/ajax-loader-2x.gif\" border=0 \/><\/p>\n<div class=\"pvc_clear\"><\/div>\n<p>Alcalde Richard Leonelli anunci\u00f3 que se interpondr\u00e1n acciones legales contra todos los que est\u00e9n involucrados en los siniestros forestales que<\/p>\n","protected":false},"author":1,"featured_media":38760,"comment_status":"open","ping_status":"open","sticky":false,"template":"","format":"standard","meta":{"colormag_page_container_layout":"default_layout","colormag_page_sidebar_layout":"default_layout","footnotes":""},"categories":[14],"tags":[146,127,591,2937],"class_list":["post-38759","post","type-post","status-publish","format-standard","has-post-thumbnail","hentry","category-temuco","tag-comuna","tag-incendios-forestales","tag-municipio","tag-querellas"],"a3_pvc":{"activated":true,"total_views":104,"today_views":0},"_links":{"self":[{"href":"https:\/\/temucotelevision.cl\/web\/wp-json\/wp\/v2\/posts\/38759","targetHints":{"allow":["GET"]}}],"collection":[{"href":"https:\/\/temucotelevision.cl\/web\/wp-json\/wp\/v2\/posts"}],"about":[{"href":"https:\/\/temucotelevision.cl\/web\/wp-json\/wp\/v2\/types\/post"}],"author":[{"embeddable":true,"href":"https:\/\/temucotelevision.cl\/web\/wp-json\/wp\/v2\/users\/1"}],"replies":[{"embeddable":true,"href":"https:\/\/temucotelevision.cl\/web\/wp-json\/wp\/v2\/comments?post=38759"}],"version-history":[{"count":1,"href":"https:\/\/temucotelevision.cl\/web\/wp-json\/wp\/v2\/posts\/38759\/revisions"}],"predecessor-version":[{"id":38761,"href":"https:\/\/temucotelevision.cl\/web\/wp-json\/wp\/v2\/posts\/38759\/revisions\/38761"}],"wp:featuredmedia":[{"embeddable":true,"href":"https:\/\/temucotelevision.cl\/web\/wp-json\/wp\/v2\/media\/38760"}],"wp:attachment":[{"href":"https:\/\/temucotelevision.cl\/web\/wp-json\/wp\/v2\/media?parent=38759"}],"wp:term":[{"taxonomy":"category","embeddable":true,"href":"https:\/\/temucotelevision.cl\/web\/wp-json\/wp\/v2\/categories?post=38759"},{"taxonomy":"post_tag","embeddable":true,"href":"https:\/\/temucotelevision.cl\/web\/wp-json\/wp\/v2\/tags?post=38759"}],"curies":[{"name":"wp","href":"https:\/\/api.w.org\/{rel}","templated":true}]}}