{"id":38756,"date":"2023-02-16T21:00:48","date_gmt":"2023-02-17T00:00:48","guid":{"rendered":"https:\/\/temucotelevision.cl\/web\/?p=38756"},"modified":"2023-02-16T21:00:49","modified_gmt":"2023-02-17T00:00:49","slug":"equipo-medico-de-emergencia-se-despliega-en-sectores-rurales-de-galvarino-afectados-por-incendios-forestales","status":"publish","type":"post","link":"https:\/\/temucotelevision.cl\/web\/2023\/02\/16\/equipo-medico-de-emergencia-se-despliega-en-sectores-rurales-de-galvarino-afectados-por-incendios-forestales\/","title":{"rendered":"Equipo M\u00e9dico de Emergencia se despliega en sectores rurales de Galvarino afectados por incendios forestales"},"content":{"rendered":"<div class=\"pvc_clear\"><\/div><p id=\"pvc_stats_38756\" class=\"pvc_stats total_only  \" data-element-id=\"38756\" style=\"\"><i class=\"pvc-stats-icon large\" aria-hidden=\"true\"><svg aria-hidden=\"true\" focusable=\"false\" data-prefix=\"far\" data-icon=\"chart-bar\" role=\"img\" xmlns=\"http:\/\/www.w3.org\/2000\/svg\" viewBox=\"0 0 512 512\" class=\"svg-inline--fa fa-chart-bar fa-w-16 fa-2x\"><path fill=\"currentColor\" d=\"M396.8 352h22.4c6.4 0 12.8-6.4 12.8-12.8V108.8c0-6.4-6.4-12.8-12.8-12.8h-22.4c-6.4 0-12.8 6.4-12.8 12.8v230.4c0 6.4 6.4 12.8 12.8 12.8zm-192 0h22.4c6.4 0 12.8-6.4 12.8-12.8V140.8c0-6.4-6.4-12.8-12.8-12.8h-22.4c-6.4 0-12.8 6.4-12.8 12.8v198.4c0 6.4 6.4 12.8 12.8 12.8zm96 0h22.4c6.4 0 12.8-6.4 12.8-12.8V204.8c0-6.4-6.4-12.8-12.8-12.8h-22.4c-6.4 0-12.8 6.4-12.8 12.8v134.4c0 6.4 6.4 12.8 12.8 12.8zM496 400H48V80c0-8.84-7.16-16-16-16H16C7.16 64 0 71.16 0 80v336c0 17.67 14.33 32 32 32h464c8.84 0 16-7.16 16-16v-16c0-8.84-7.16-16-16-16zm-387.2-48h22.4c6.4 0 12.8-6.4 12.8-12.8v-70.4c0-6.4-6.4-12.8-12.8-12.8h-22.4c-6.4 0-12.8 6.4-12.8 12.8v70.4c0 6.4 6.4 12.8 12.8 12.8z\" class=\"\"><\/path><\/svg><\/i> <img loading=\"lazy\" decoding=\"async\" width=\"16\" height=\"16\" alt=\"Loading\" src=\"https:\/\/temucotelevision.cl\/web\/wp-content\/plugins\/page-views-count\/ajax-loader-2x.gif\" border=0 \/><\/p><div class=\"pvc_clear\"><\/div>\n<p>Profesionales certificados internacionalmente por la OPS\/OMS se encuentran atendiendo las necesidades cl\u00ednicas de la poblaci\u00f3n ante la emergencia en la zona.&nbsp;<\/p>\n\n\n\n<p>El Equipo M\u00e9dico de Emergencia (EMT) del Servicio de Salud Araucan\u00eda Sur (SSAS) conformado por un m\u00e9dico, dos enfermeros, dos t\u00e9cnicos param\u00e9dicos y un apoyo log\u00edstico, fue convocado para apoyar las labores sanitarias del Departamento de Salud Municipal de Galvarino, en los sectores rurales m\u00e1s afectados por los incendios forestales.<\/p>\n\n\n\n<p>As\u00ed lo explic\u00f3 el coordinador del equipo, Dr. Pablo Cant\u00fa, quien se\u00f1al\u00f3 que \u201ceste EMT se moviliz\u00f3 por decisi\u00f3n de la Direcci\u00f3n de Servicio para venir en apoyo del Departamento de Salud Municipal en sus acciones cotidianas, como realizar visitas domiciliarias y dar atenci\u00f3n a personas que est\u00e1n afectadas por los incendios forestales o control de morbilidad, por lo tanto, estaremos ac\u00e1 por el tiempo que el servicio estime conveniente\u201d.&nbsp;<\/p>\n\n\n\n<p><strong>Capacitaci\u00f3n internacional<\/strong><\/p>\n\n\n\n<p>Los Equipos M\u00e9dicos de Emergencia o EMT, abreviatura de&nbsp;<em>Emergency Medical Teams<\/em>, nacen desde una iniciativa de la OPS\/OMS como respuesta a la necesidad de formar equipos sanitarios en grupos denominados c\u00e9lulas, las cuales est\u00e1n integradas por 6 personas capacitadas y certificadas para suplir a cualquier equipo cl\u00ednico que quede invalidado por alguna emergencia y\/o desastre.&nbsp;<\/p>\n\n\n\n<p>\u201cLa estrategia de la OPS entrega a los pa\u00edses la posibilidad de que cada Ministerio de Salud forme a sus propios equipos. En nuestro pa\u00eds, cada servicio de salud env\u00eda postulantes para que el departamento de Emergencia y Desastres del MINSAL los forme, los seleccione por competencias y por actitud, siendo estos mismos quienes pueden ser certificados por la OMS para formar parte de misiones internacionales\u201d, destac\u00f3 el m\u00e9dico urgenci\u00f3logo.<\/p>\n\n\n\n<p><strong>Emergencia y desastres<\/strong><\/p>\n\n\n\n<p>De forma paralela, el Comit\u00e9 de Gesti\u00f3n de Riesgo local, encabezado por el equipo directivo del Servicio de Salud Araucan\u00eda Sur, ha desarrollado diversas coordinaciones con los dispositivos de la red asistencial a fin de resguardar la atenci\u00f3n y seguridad los usuarios del sistema p\u00fablico de salud en Caut\u00edn.&nbsp;<\/p>\n\n\n\n<p>Christian D\u00edaz, coordinador de Emergencia y Desastres del SSAS, se\u00f1al\u00f3 que durante esta emergencia \u201chemos tenido da\u00f1os menores en algunas postas rurales de Galvarino, donde hoy est\u00e1 puesto nuestro mayor foco, ya que tienen 30 mil hect\u00e1reas quemadas aproximadamente. Por lo tanto, cada gesti\u00f3n se ha coordinado desde este comit\u00e9 en conjunto con los equipos operativos que est\u00e1n habitualmente trabajando en el territorio\u201d.&nbsp;<\/p>\n\n\n\n<p><strong>Equipo de apoyo ARSAM<\/strong><\/p>\n\n\n\n<p>Finalmente, cabe destacar que, durante los pr\u00f3ximos d\u00edas arribar\u00e1 a la provincia de Caut\u00edn un Equipo de Apoyo a la Respuesta en Salud Mental (ARSAM) conformado por profesionales m\u00e9dicos, psic\u00f3logos, enfermeros, de psicopedagog\u00eda y de trabajo social, para apoyar las labores de los equipos de salud mental de la comuna de Galvarino y generar acciones que apoyo al bienestar psicosocial de la comunidad y del propio equipo de salud local.&nbsp;<\/p>\n","protected":false},"excerpt":{"rendered":"<div class=\"pvc_clear\"><\/div>\n<p id=\"pvc_stats_38756\" class=\"pvc_stats total_only  \" data-element-id=\"38756\" style=\"\"><i class=\"pvc-stats-icon large\" aria-hidden=\"true\"><svg aria-hidden=\"true\" focusable=\"false\" data-prefix=\"far\" data-icon=\"chart-bar\" role=\"img\" xmlns=\"http:\/\/www.w3.org\/2000\/svg\" viewBox=\"0 0 512 512\" class=\"svg-inline--fa fa-chart-bar fa-w-16 fa-2x\"><path fill=\"currentColor\" d=\"M396.8 352h22.4c6.4 0 12.8-6.4 12.8-12.8V108.8c0-6.4-6.4-12.8-12.8-12.8h-22.4c-6.4 0-12.8 6.4-12.8 12.8v230.4c0 6.4 6.4 12.8 12.8 12.8zm-192 0h22.4c6.4 0 12.8-6.4 12.8-12.8V140.8c0-6.4-6.4-12.8-12.8-12.8h-22.4c-6.4 0-12.8 6.4-12.8 12.8v198.4c0 6.4 6.4 12.8 12.8 12.8zm96 0h22.4c6.4 0 12.8-6.4 12.8-12.8V204.8c0-6.4-6.4-12.8-12.8-12.8h-22.4c-6.4 0-12.8 6.4-12.8 12.8v134.4c0 6.4 6.4 12.8 12.8 12.8zM496 400H48V80c0-8.84-7.16-16-16-16H16C7.16 64 0 71.16 0 80v336c0 17.67 14.33 32 32 32h464c8.84 0 16-7.16 16-16v-16c0-8.84-7.16-16-16-16zm-387.2-48h22.4c6.4 0 12.8-6.4 12.8-12.8v-70.4c0-6.4-6.4-12.8-12.8-12.8h-22.4c-6.4 0-12.8 6.4-12.8 12.8v70.4c0 6.4 6.4 12.8 12.8 12.8z\" class=\"\"><\/path><\/svg><\/i> <img loading=\"lazy\" decoding=\"async\" width=\"16\" height=\"16\" alt=\"Loading\" src=\"https:\/\/temucotelevision.cl\/web\/wp-content\/plugins\/page-views-count\/ajax-loader-2x.gif\" border=0 \/><\/p>\n<div class=\"pvc_clear\"><\/div>\n<p>Profesionales certificados internacionalmente por la OPS\/OMS se encuentran atendiendo las necesidades cl\u00ednicas de la poblaci\u00f3n ante la emergencia en la<\/p>\n","protected":false},"author":1,"featured_media":38757,"comment_status":"open","ping_status":"open","sticky":false,"template":"","format":"standard","meta":{"colormag_page_container_layout":"default_layout","colormag_page_sidebar_layout":"default_layout","footnotes":""},"categories":[14],"tags":[268,449,869,127,2037,2312],"class_list":["post-38756","post","type-post","status-publish","format-standard","has-post-thumbnail","hentry","category-temuco","tag-emergencias","tag-equipo","tag-galvarino","tag-incendios-forestales","tag-medico","tag-pandemia"],"a3_pvc":{"activated":true,"total_views":69,"today_views":1},"_links":{"self":[{"href":"https:\/\/temucotelevision.cl\/web\/wp-json\/wp\/v2\/posts\/38756","targetHints":{"allow":["GET"]}}],"collection":[{"href":"https:\/\/temucotelevision.cl\/web\/wp-json\/wp\/v2\/posts"}],"about":[{"href":"https:\/\/temucotelevision.cl\/web\/wp-json\/wp\/v2\/types\/post"}],"author":[{"embeddable":true,"href":"https:\/\/temucotelevision.cl\/web\/wp-json\/wp\/v2\/users\/1"}],"replies":[{"embeddable":true,"href":"https:\/\/temucotelevision.cl\/web\/wp-json\/wp\/v2\/comments?post=38756"}],"version-history":[{"count":1,"href":"https:\/\/temucotelevision.cl\/web\/wp-json\/wp\/v2\/posts\/38756\/revisions"}],"predecessor-version":[{"id":38758,"href":"https:\/\/temucotelevision.cl\/web\/wp-json\/wp\/v2\/posts\/38756\/revisions\/38758"}],"wp:featuredmedia":[{"embeddable":true,"href":"https:\/\/temucotelevision.cl\/web\/wp-json\/wp\/v2\/media\/38757"}],"wp:attachment":[{"href":"https:\/\/temucotelevision.cl\/web\/wp-json\/wp\/v2\/media?parent=38756"}],"wp:term":[{"taxonomy":"category","embeddable":true,"href":"https:\/\/temucotelevision.cl\/web\/wp-json\/wp\/v2\/categories?post=38756"},{"taxonomy":"post_tag","embeddable":true,"href":"https:\/\/temucotelevision.cl\/web\/wp-json\/wp\/v2\/tags?post=38756"}],"curies":[{"name":"wp","href":"https:\/\/api.w.org\/{rel}","templated":true}]}}