{"id":38749,"date":"2023-02-16T15:43:31","date_gmt":"2023-02-16T18:43:31","guid":{"rendered":"https:\/\/temucotelevision.cl\/web\/?p=38749"},"modified":"2023-02-16T15:45:49","modified_gmt":"2023-02-16T18:45:49","slug":"regiones-de-nuble-biobio-y-la-araucania-firman-convenio-para-entregar-atencion-medica-a-animales-lesionados-en-incendios-forestales-de-nuble-biobio-y-la-araucania","status":"publish","type":"post","link":"https:\/\/temucotelevision.cl\/web\/2023\/02\/16\/regiones-de-nuble-biobio-y-la-araucania-firman-convenio-para-entregar-atencion-medica-a-animales-lesionados-en-incendios-forestales-de-nuble-biobio-y-la-araucania\/","title":{"rendered":"Regiones de \u00d1uble, Biob\u00edo y La Araucan\u00eda: Firman convenio para entregar atenci\u00f3n m\u00e9dica a animales lesionados en incendios forestales"},"content":{"rendered":"<div class=\"pvc_clear\"><\/div><p id=\"pvc_stats_38749\" class=\"pvc_stats total_only  \" data-element-id=\"38749\" style=\"\"><i class=\"pvc-stats-icon large\" aria-hidden=\"true\"><svg aria-hidden=\"true\" focusable=\"false\" data-prefix=\"far\" data-icon=\"chart-bar\" role=\"img\" xmlns=\"http:\/\/www.w3.org\/2000\/svg\" viewBox=\"0 0 512 512\" class=\"svg-inline--fa fa-chart-bar fa-w-16 fa-2x\"><path fill=\"currentColor\" d=\"M396.8 352h22.4c6.4 0 12.8-6.4 12.8-12.8V108.8c0-6.4-6.4-12.8-12.8-12.8h-22.4c-6.4 0-12.8 6.4-12.8 12.8v230.4c0 6.4 6.4 12.8 12.8 12.8zm-192 0h22.4c6.4 0 12.8-6.4 12.8-12.8V140.8c0-6.4-6.4-12.8-12.8-12.8h-22.4c-6.4 0-12.8 6.4-12.8 12.8v198.4c0 6.4 6.4 12.8 12.8 12.8zm96 0h22.4c6.4 0 12.8-6.4 12.8-12.8V204.8c0-6.4-6.4-12.8-12.8-12.8h-22.4c-6.4 0-12.8 6.4-12.8 12.8v134.4c0 6.4 6.4 12.8 12.8 12.8zM496 400H48V80c0-8.84-7.16-16-16-16H16C7.16 64 0 71.16 0 80v336c0 17.67 14.33 32 32 32h464c8.84 0 16-7.16 16-16v-16c0-8.84-7.16-16-16-16zm-387.2-48h22.4c6.4 0 12.8-6.4 12.8-12.8v-70.4c0-6.4-6.4-12.8-12.8-12.8h-22.4c-6.4 0-12.8 6.4-12.8 12.8v70.4c0 6.4 6.4 12.8 12.8 12.8z\" class=\"\"><\/path><\/svg><\/i> <img loading=\"lazy\" decoding=\"async\" width=\"16\" height=\"16\" alt=\"Loading\" src=\"https:\/\/temucotelevision.cl\/web\/wp-content\/plugins\/page-views-count\/ajax-loader-2x.gif\" border=0 \/><\/p><div class=\"pvc_clear\"><\/div>\n<p><strong>La iniciativa, a cargo de SAG e Indap, dependientes del Ministerio de Agricultura, permitir\u00e1 desplegar una serie de acciones en ayuda de ganado y fauna silvestre. Visitas a terreno, asistencia hospitalaria, tratamientos y entrega de alimentaci\u00f3n son algunas de ellas.<\/strong><\/p>\n\n\n\n<p>Hasta la comuna de Angol, en la regi\u00f3n de La Araucan\u00eda, lleg\u00f3 el subsecretario de Agricultura, Jos\u00e9 Guajardo Reyes, para encabezar la firma de un convenio de colaboraci\u00f3n entre el Servicio Agr\u00edcola y Ganadero (SAG) y el Instituto de Investigaciones Agropecuarias (Indap), cuyo objetivo es atender a los animales que han resultado lesionados a causa de los incendios forestales, en las tres regiones declaradas en Estado de Excepci\u00f3n de Cat\u00e1strofe.&nbsp;<\/p>\n\n\n\n<p>La acci\u00f3n se concret\u00f3 en el Hospital Veterinario del Regimiento de Caballer\u00eda N\u00ba3 H\u00fasares del Ej\u00e9rcito de Chile, donde un equipo compuesto por doce militares\u2013dos veterinarios y diez enfermeros\u2013se encuentra rehabilitando a un grupo de caballos encontrados en la comuna de Renaico con severas quemaduras.<\/p>\n\n\n\n<p>\u201cGracias a este convenio que firmamos entre instituciones de nuestro ministerio, estamos velando por la seguridad de nuestros animales, considerando las complejidades de esta situaci\u00f3n de emergencia.&nbsp;&nbsp;De esta manera, abordamos aspectos relacionados a la alimentaci\u00f3n, tratamientos de salud m\u00e9dicos y sanitarios, asistencia hospitalaria y entrega de insumos veterinarios, lo que adem\u00e1s se constituye como un gran apoyo para las y los agricultores que necesitan rehabilitar a sus animales\u201d, se\u00f1al\u00f3 el subsecretario Jos\u00e9 Guajardo Reyes.<\/p>\n\n\n\n<p>La directora (s) del SAG, Andrea Collao, en tanto, precis\u00f3 que la iniciativa se enmarca en la Mesa de Gesti\u00f3n de Desastres de Dimensi\u00f3n Animal, conformada por SAG y SENAPRED, la cual ha desplegado diversas acciones en las regiones de \u00d1uble, Biob\u00edo y La Araucan\u00eda. \u201cEstamos actuando coordinados, viendo las necesidades, las contingencias y buscando soluciones. En \u00d1uble inauguramos el primer hospital equino y ahora estamos aqu\u00ed con el Ej\u00e9rcito que ha realizado un gran aporte en esta materia\u201d, enfatiz\u00f3.&nbsp;<\/p>\n\n\n\n<p>Por su parte, el director nacional de Indap, Santiago Rojas, recalc\u00f3 que \u201ca la fecha lamentamos m\u00e1s de 6 mil animales muertos, principalmente aves y vacunos, y m\u00e1s de 20 mil&nbsp;&nbsp;animales afectados. Es por esto que gracias al convenio que hoy firmamos, los animales sobrevivientes podr\u00e1n acceder a atenci\u00f3n. Asimismo agradecemos a las distintas organizaciones que est\u00e1n colaborando, como el Colegio M\u00e9dico Veterinario y el Ej\u00e9rcito. Estas son las primeras ayudas que estamos entregando como Gobierno y vamos a tener un proceso de reconstrucci\u00f3n y de rehabilitaci\u00f3n productiva sostenible que es muy importante&#8221;.&nbsp;<\/p>\n\n\n\n<p><strong>Ayuda a la comunidad<\/strong><\/p>\n\n\n\n<p>Desde que comenzaron los incendios forestales el Hospital Veterinario del Regimiento H\u00fasares del Ej\u00e9rcito, ha atendido a caballos con quemaduras de tercer grado, con lesiones oculares, da\u00f1os en los cascos y problemas respiratorios generados por el fuego. A partir de ahora, adem\u00e1s, recibir\u00e1 a bovinos afectados y otras especies que requieran atenci\u00f3n. As\u00ed lo se\u00f1al\u00f3 el coronel Alejandro Martin, comandante del regimiento. \u201cNuestro ofrecimiento como Ej\u00e9rcito despu\u00e9s de esta firma de convenio es apoyar a toda la comunidad, a la provincia de Malleco, a la regi\u00f3n de La Araucan\u00eda y a quienes lo necesiten. Este va a ser un largo camino que hay que desarrollar y el apoyo que se va a brindar es permanente con los expertos que tenemos de diferentes \u00e1reas, tanto aqu\u00ed para atenci\u00f3n hospitalaria de ganado, como tambi\u00e9n con visitas a terreno para ayudar a la gente que lo necesite\u201d, dijo.&nbsp;<\/p>\n\n\n\n<p>Tras la firma de convenio el Ministerio de Agricultura, entreg\u00f3 al Regimiento H\u00fasares medicamentos e insumos de uso veterinario como vitaminas, analg\u00e9sicos, antis\u00e9pticos, cremas hidratantes y cicatrizantes, guantes, entre otros.\u00a0<\/p>\n\n\n\n<figure class=\"wp-block-image aligncenter size-large\"><img loading=\"lazy\" decoding=\"async\" width=\"1024\" height=\"768\" src=\"https:\/\/temucotelevision.cl\/web\/wp-content\/uploads\/2023\/02\/Convenio-animales-1024x768.jpeg\" alt=\"\" class=\"wp-image-38751\" srcset=\"https:\/\/temucotelevision.cl\/web\/wp-content\/uploads\/2023\/02\/Convenio-animales-1024x768.jpeg 1024w, https:\/\/temucotelevision.cl\/web\/wp-content\/uploads\/2023\/02\/Convenio-animales-768x576.jpeg 768w, https:\/\/temucotelevision.cl\/web\/wp-content\/uploads\/2023\/02\/Convenio-animales-1536x1152.jpeg 1536w, https:\/\/temucotelevision.cl\/web\/wp-content\/uploads\/2023\/02\/Convenio-animales.jpeg 1600w\" sizes=\"auto, (max-width: 1024px) 100vw, 1024px\" \/><\/figure>\n","protected":false},"excerpt":{"rendered":"<div class=\"pvc_clear\"><\/div>\n<p id=\"pvc_stats_38749\" class=\"pvc_stats total_only  \" data-element-id=\"38749\" style=\"\"><i class=\"pvc-stats-icon large\" aria-hidden=\"true\"><svg aria-hidden=\"true\" focusable=\"false\" data-prefix=\"far\" data-icon=\"chart-bar\" role=\"img\" xmlns=\"http:\/\/www.w3.org\/2000\/svg\" viewBox=\"0 0 512 512\" class=\"svg-inline--fa fa-chart-bar fa-w-16 fa-2x\"><path fill=\"currentColor\" d=\"M396.8 352h22.4c6.4 0 12.8-6.4 12.8-12.8V108.8c0-6.4-6.4-12.8-12.8-12.8h-22.4c-6.4 0-12.8 6.4-12.8 12.8v230.4c0 6.4 6.4 12.8 12.8 12.8zm-192 0h22.4c6.4 0 12.8-6.4 12.8-12.8V140.8c0-6.4-6.4-12.8-12.8-12.8h-22.4c-6.4 0-12.8 6.4-12.8 12.8v198.4c0 6.4 6.4 12.8 12.8 12.8zm96 0h22.4c6.4 0 12.8-6.4 12.8-12.8V204.8c0-6.4-6.4-12.8-12.8-12.8h-22.4c-6.4 0-12.8 6.4-12.8 12.8v134.4c0 6.4 6.4 12.8 12.8 12.8zM496 400H48V80c0-8.84-7.16-16-16-16H16C7.16 64 0 71.16 0 80v336c0 17.67 14.33 32 32 32h464c8.84 0 16-7.16 16-16v-16c0-8.84-7.16-16-16-16zm-387.2-48h22.4c6.4 0 12.8-6.4 12.8-12.8v-70.4c0-6.4-6.4-12.8-12.8-12.8h-22.4c-6.4 0-12.8 6.4-12.8 12.8v70.4c0 6.4 6.4 12.8 12.8 12.8z\" class=\"\"><\/path><\/svg><\/i> <img loading=\"lazy\" decoding=\"async\" width=\"16\" height=\"16\" alt=\"Loading\" src=\"https:\/\/temucotelevision.cl\/web\/wp-content\/plugins\/page-views-count\/ajax-loader-2x.gif\" border=0 \/><\/p>\n<div class=\"pvc_clear\"><\/div>\n<p>La iniciativa, a cargo de SAG e Indap, dependientes del Ministerio de Agricultura, permitir\u00e1 desplegar una serie de acciones en<\/p>\n","protected":false},"author":1,"featured_media":38750,"comment_status":"open","ping_status":"open","sticky":false,"template":"","format":"standard","meta":{"colormag_page_container_layout":"default_layout","colormag_page_sidebar_layout":"default_layout","footnotes":""},"categories":[14],"tags":[562,253,1084,127,820],"class_list":["post-38749","post","type-post","status-publish","format-standard","has-post-thumbnail","hentry","category-temuco","tag-animales","tag-atencion","tag-convenio","tag-incendios-forestales","tag-regiones"],"a3_pvc":{"activated":true,"total_views":41,"today_views":0},"_links":{"self":[{"href":"https:\/\/temucotelevision.cl\/web\/wp-json\/wp\/v2\/posts\/38749","targetHints":{"allow":["GET"]}}],"collection":[{"href":"https:\/\/temucotelevision.cl\/web\/wp-json\/wp\/v2\/posts"}],"about":[{"href":"https:\/\/temucotelevision.cl\/web\/wp-json\/wp\/v2\/types\/post"}],"author":[{"embeddable":true,"href":"https:\/\/temucotelevision.cl\/web\/wp-json\/wp\/v2\/users\/1"}],"replies":[{"embeddable":true,"href":"https:\/\/temucotelevision.cl\/web\/wp-json\/wp\/v2\/comments?post=38749"}],"version-history":[{"count":2,"href":"https:\/\/temucotelevision.cl\/web\/wp-json\/wp\/v2\/posts\/38749\/revisions"}],"predecessor-version":[{"id":38753,"href":"https:\/\/temucotelevision.cl\/web\/wp-json\/wp\/v2\/posts\/38749\/revisions\/38753"}],"wp:featuredmedia":[{"embeddable":true,"href":"https:\/\/temucotelevision.cl\/web\/wp-json\/wp\/v2\/media\/38750"}],"wp:attachment":[{"href":"https:\/\/temucotelevision.cl\/web\/wp-json\/wp\/v2\/media?parent=38749"}],"wp:term":[{"taxonomy":"category","embeddable":true,"href":"https:\/\/temucotelevision.cl\/web\/wp-json\/wp\/v2\/categories?post=38749"},{"taxonomy":"post_tag","embeddable":true,"href":"https:\/\/temucotelevision.cl\/web\/wp-json\/wp\/v2\/tags?post=38749"}],"curies":[{"name":"wp","href":"https:\/\/api.w.org\/{rel}","templated":true}]}}