{"id":38746,"date":"2023-02-16T15:28:45","date_gmt":"2023-02-16T18:28:45","guid":{"rendered":"https:\/\/temucotelevision.cl\/web\/?p=38746"},"modified":"2023-02-16T15:28:46","modified_gmt":"2023-02-16T18:28:46","slug":"lanzan-fondos-concursables-para-financiar-proyectos-sociales-de-la-araucania","status":"publish","type":"post","link":"https:\/\/temucotelevision.cl\/web\/2023\/02\/16\/lanzan-fondos-concursables-para-financiar-proyectos-sociales-de-la-araucania\/","title":{"rendered":"Lanzan Fondos Concursables para financiar proyectos sociales de La Araucan\u00eda"},"content":{"rendered":"<div class=\"pvc_clear\"><\/div><p id=\"pvc_stats_38746\" class=\"pvc_stats total_only  \" data-element-id=\"38746\" style=\"\"><i class=\"pvc-stats-icon large\" aria-hidden=\"true\"><svg aria-hidden=\"true\" focusable=\"false\" data-prefix=\"far\" data-icon=\"chart-bar\" role=\"img\" xmlns=\"http:\/\/www.w3.org\/2000\/svg\" viewBox=\"0 0 512 512\" class=\"svg-inline--fa fa-chart-bar fa-w-16 fa-2x\"><path fill=\"currentColor\" d=\"M396.8 352h22.4c6.4 0 12.8-6.4 12.8-12.8V108.8c0-6.4-6.4-12.8-12.8-12.8h-22.4c-6.4 0-12.8 6.4-12.8 12.8v230.4c0 6.4 6.4 12.8 12.8 12.8zm-192 0h22.4c6.4 0 12.8-6.4 12.8-12.8V140.8c0-6.4-6.4-12.8-12.8-12.8h-22.4c-6.4 0-12.8 6.4-12.8 12.8v198.4c0 6.4 6.4 12.8 12.8 12.8zm96 0h22.4c6.4 0 12.8-6.4 12.8-12.8V204.8c0-6.4-6.4-12.8-12.8-12.8h-22.4c-6.4 0-12.8 6.4-12.8 12.8v134.4c0 6.4 6.4 12.8 12.8 12.8zM496 400H48V80c0-8.84-7.16-16-16-16H16C7.16 64 0 71.16 0 80v336c0 17.67 14.33 32 32 32h464c8.84 0 16-7.16 16-16v-16c0-8.84-7.16-16-16-16zm-387.2-48h22.4c6.4 0 12.8-6.4 12.8-12.8v-70.4c0-6.4-6.4-12.8-12.8-12.8h-22.4c-6.4 0-12.8 6.4-12.8 12.8v70.4c0 6.4 6.4 12.8 12.8 12.8z\" class=\"\"><\/path><\/svg><\/i> <img loading=\"lazy\" decoding=\"async\" width=\"16\" height=\"16\" alt=\"Loading\" src=\"https:\/\/temucotelevision.cl\/web\/wp-content\/plugins\/page-views-count\/ajax-loader-2x.gif\" border=0 \/><\/p><div class=\"pvc_clear\"><\/div>\n<p>\u2022&nbsp;Los afiliados y afiliadas de la Caja podr\u00e1n postular hasta el 6 de marzo y acceder a financiamiento por hasta $5.000.000. Como una forma de apoyar a las zonas del pa\u00eds que han sido afectadas por los incendios, los proyectos de las regiones \u00d1uble, Biobio y La Araucan\u00eda tendr\u00e1n un puntaje especial en el proceso de selecci\u00f3n.&nbsp;&nbsp;<\/p>\n\n\n\n<p>\u2022&nbsp;En diciembre de 2022, la Caja de Compensaci\u00f3n financi\u00f3 otras 8 iniciativas que beneficiaron a m\u00e1s de 1.600 afiliados a nivel nacional.&nbsp;&nbsp;&nbsp;<\/p>\n\n\n\n<p> Con el prop\u00f3sito de apoyar proyectos novedosos y que tengan un impacto social positivo para sus afiliados y afiliadas, La Araucana anunci\u00f3 el inicio de las postulaciones a la primera entrega de Fondos Concursables del a\u00f1o, que buscar\u00e1n financiar iniciativas de seguridad social en \u00e1reas de salud, educaci\u00f3n, cultura, deporte y recreaci\u00f3n.\u00a0\u00a0<\/p>\n\n\n\n<p>El plazo para postular es hasta el 6 de marzo presentando sus iniciativas que pueden obtener un financiamiento hasta los $5.000.000.&nbsp;&nbsp;<\/p>\n\n\n\n<p>\u201cPara nosotros es muy importante que nuestros afiliados puedan optar a estas oportunidades y desarrollar proyectos que generen un impacto positivo y de bienestar que mejore sus entornos laborales y comunitarios\u201d, mencion\u00f3 Francisco Sep\u00falveda Gerente General de La Araucana.&nbsp;<\/p>\n\n\n\n<p>Entre el 7 y el 20 de marzo, la Caja de Compensaci\u00f3n realizar\u00e1 la evaluaci\u00f3n de cada uno de los proyectos, donde aquellos que sean de las zonas afectadas por los incendios tendr\u00e1n puntajes adicionales al momento de la selecci\u00f3n. Posteriormente, las iniciativas ganadoras ser\u00e1n publicadas el 24 del mismo mes en su p\u00e1gina web.&nbsp;&nbsp;&nbsp;<\/p>\n\n\n\n<p>Para conocer m\u00e1s detalles, puedes visitar&nbsp;<a href=\"https:\/\/fondosconcursables.beneficioslaaraucana.cl\/\" target=\"_blank\" rel=\"noreferrer noopener\">https:\/\/fondosconcursables.beneficioslaaraucana.cl\/<\/a>&nbsp;donde se encuentra toda la informaci\u00f3n disponible.&nbsp;<\/p>\n\n\n\n<p>En 2022, los Fondos Concursables de La Araucana beneficiaron a m\u00e1s de 1.600 personas a trav\u00e9s de 8 proyectos sociales. Entre ellos, destacaron actividades de prevenci\u00f3n para el estr\u00e9s, salud mental, programa de vida saludable, operativos oftalmol\u00f3gicos, mejoramiento de espacios de descanso, una jornada de aprendizaje sobre la cultura mapuche, un banco de alimentos y un after school.&nbsp;<\/p>\n","protected":false},"excerpt":{"rendered":"<div class=\"pvc_clear\"><\/div>\n<p id=\"pvc_stats_38746\" class=\"pvc_stats total_only  \" data-element-id=\"38746\" style=\"\"><i class=\"pvc-stats-icon large\" aria-hidden=\"true\"><svg aria-hidden=\"true\" focusable=\"false\" data-prefix=\"far\" data-icon=\"chart-bar\" role=\"img\" xmlns=\"http:\/\/www.w3.org\/2000\/svg\" viewBox=\"0 0 512 512\" class=\"svg-inline--fa fa-chart-bar fa-w-16 fa-2x\"><path fill=\"currentColor\" d=\"M396.8 352h22.4c6.4 0 12.8-6.4 12.8-12.8V108.8c0-6.4-6.4-12.8-12.8-12.8h-22.4c-6.4 0-12.8 6.4-12.8 12.8v230.4c0 6.4 6.4 12.8 12.8 12.8zm-192 0h22.4c6.4 0 12.8-6.4 12.8-12.8V140.8c0-6.4-6.4-12.8-12.8-12.8h-22.4c-6.4 0-12.8 6.4-12.8 12.8v198.4c0 6.4 6.4 12.8 12.8 12.8zm96 0h22.4c6.4 0 12.8-6.4 12.8-12.8V204.8c0-6.4-6.4-12.8-12.8-12.8h-22.4c-6.4 0-12.8 6.4-12.8 12.8v134.4c0 6.4 6.4 12.8 12.8 12.8zM496 400H48V80c0-8.84-7.16-16-16-16H16C7.16 64 0 71.16 0 80v336c0 17.67 14.33 32 32 32h464c8.84 0 16-7.16 16-16v-16c0-8.84-7.16-16-16-16zm-387.2-48h22.4c6.4 0 12.8-6.4 12.8-12.8v-70.4c0-6.4-6.4-12.8-12.8-12.8h-22.4c-6.4 0-12.8 6.4-12.8 12.8v70.4c0 6.4 6.4 12.8 12.8 12.8z\" class=\"\"><\/path><\/svg><\/i> <img loading=\"lazy\" decoding=\"async\" width=\"16\" height=\"16\" alt=\"Loading\" src=\"https:\/\/temucotelevision.cl\/web\/wp-content\/plugins\/page-views-count\/ajax-loader-2x.gif\" border=0 \/><\/p>\n<div class=\"pvc_clear\"><\/div>\n<p>\u2022&nbsp;Los afiliados y afiliadas de la Caja podr\u00e1n postular hasta el 6 de marzo y acceder a financiamiento por hasta<\/p>\n","protected":false},"author":1,"featured_media":38747,"comment_status":"open","ping_status":"open","sticky":false,"template":"","format":"standard","meta":{"colormag_page_container_layout":"default_layout","colormag_page_sidebar_layout":"default_layout","footnotes":""},"categories":[14],"tags":[3335,1620,651,3754],"class_list":["post-38746","post","type-post","status-publish","format-standard","has-post-thumbnail","hentry","category-temuco","tag-afiliados","tag-fondos","tag-proyectos","tag-sociales"],"a3_pvc":{"activated":true,"total_views":81,"today_views":0},"_links":{"self":[{"href":"https:\/\/temucotelevision.cl\/web\/wp-json\/wp\/v2\/posts\/38746","targetHints":{"allow":["GET"]}}],"collection":[{"href":"https:\/\/temucotelevision.cl\/web\/wp-json\/wp\/v2\/posts"}],"about":[{"href":"https:\/\/temucotelevision.cl\/web\/wp-json\/wp\/v2\/types\/post"}],"author":[{"embeddable":true,"href":"https:\/\/temucotelevision.cl\/web\/wp-json\/wp\/v2\/users\/1"}],"replies":[{"embeddable":true,"href":"https:\/\/temucotelevision.cl\/web\/wp-json\/wp\/v2\/comments?post=38746"}],"version-history":[{"count":1,"href":"https:\/\/temucotelevision.cl\/web\/wp-json\/wp\/v2\/posts\/38746\/revisions"}],"predecessor-version":[{"id":38748,"href":"https:\/\/temucotelevision.cl\/web\/wp-json\/wp\/v2\/posts\/38746\/revisions\/38748"}],"wp:featuredmedia":[{"embeddable":true,"href":"https:\/\/temucotelevision.cl\/web\/wp-json\/wp\/v2\/media\/38747"}],"wp:attachment":[{"href":"https:\/\/temucotelevision.cl\/web\/wp-json\/wp\/v2\/media?parent=38746"}],"wp:term":[{"taxonomy":"category","embeddable":true,"href":"https:\/\/temucotelevision.cl\/web\/wp-json\/wp\/v2\/categories?post=38746"},{"taxonomy":"post_tag","embeddable":true,"href":"https:\/\/temucotelevision.cl\/web\/wp-json\/wp\/v2\/tags?post=38746"}],"curies":[{"name":"wp","href":"https:\/\/api.w.org\/{rel}","templated":true}]}}