{"id":38742,"date":"2023-02-16T15:13:22","date_gmt":"2023-02-16T18:13:22","guid":{"rendered":"https:\/\/temucotelevision.cl\/web\/?p=38742"},"modified":"2023-02-16T15:22:33","modified_gmt":"2023-02-16T18:22:33","slug":"comunicado-publico-de-pu-lof-mapuche-maniuco-huimpil-llufquentue-y-nielol-galvarino-la-araucania-chile-ante-incendios-forestales","status":"publish","type":"post","link":"https:\/\/temucotelevision.cl\/web\/2023\/02\/16\/comunicado-publico-de-pu-lof-mapuche-maniuco-huimpil-llufquentue-y-nielol-galvarino-la-araucania-chile-ante-incendios-forestales\/","title":{"rendered":"Comunicado P\u00fablico de Pu Lof Mapuche Ma\u00f1iuco, Huimpil, Llufquent\u00fae y \u00d1ielol Galvarino, La Araucan\u00eda (Chile), ante incendios forestales"},"content":{"rendered":"<div class=\"pvc_clear\"><\/div><p id=\"pvc_stats_38742\" class=\"pvc_stats total_only  \" data-element-id=\"38742\" style=\"\"><i class=\"pvc-stats-icon large\" aria-hidden=\"true\"><svg aria-hidden=\"true\" focusable=\"false\" data-prefix=\"far\" data-icon=\"chart-bar\" role=\"img\" xmlns=\"http:\/\/www.w3.org\/2000\/svg\" viewBox=\"0 0 512 512\" class=\"svg-inline--fa fa-chart-bar fa-w-16 fa-2x\"><path fill=\"currentColor\" d=\"M396.8 352h22.4c6.4 0 12.8-6.4 12.8-12.8V108.8c0-6.4-6.4-12.8-12.8-12.8h-22.4c-6.4 0-12.8 6.4-12.8 12.8v230.4c0 6.4 6.4 12.8 12.8 12.8zm-192 0h22.4c6.4 0 12.8-6.4 12.8-12.8V140.8c0-6.4-6.4-12.8-12.8-12.8h-22.4c-6.4 0-12.8 6.4-12.8 12.8v198.4c0 6.4 6.4 12.8 12.8 12.8zm96 0h22.4c6.4 0 12.8-6.4 12.8-12.8V204.8c0-6.4-6.4-12.8-12.8-12.8h-22.4c-6.4 0-12.8 6.4-12.8 12.8v134.4c0 6.4 6.4 12.8 12.8 12.8zM496 400H48V80c0-8.84-7.16-16-16-16H16C7.16 64 0 71.16 0 80v336c0 17.67 14.33 32 32 32h464c8.84 0 16-7.16 16-16v-16c0-8.84-7.16-16-16-16zm-387.2-48h22.4c6.4 0 12.8-6.4 12.8-12.8v-70.4c0-6.4-6.4-12.8-12.8-12.8h-22.4c-6.4 0-12.8 6.4-12.8 12.8v70.4c0 6.4 6.4 12.8 12.8 12.8z\" class=\"\"><\/path><\/svg><\/i> <img loading=\"lazy\" decoding=\"async\" width=\"16\" height=\"16\" alt=\"Loading\" src=\"https:\/\/temucotelevision.cl\/web\/wp-content\/plugins\/page-views-count\/ajax-loader-2x.gif\" border=0 \/><\/p><div class=\"pvc_clear\"><\/div>\n<p>Las comunidades abajo firmantes, ante los incendios forestales, declaramos a la opini\u00f3n p\u00fablica lo siguiente:<\/p>\n\n\n\n<p>Ki\u00f1e (1). Expresamos nuestro agradecimiento a las personas y comunidades que ayudaron a nuestras familias durante los incendios forestales que tuvieron lugar la semana pasada en Rapa, Ma\u00f1iuco Alto, Minas Huimpil, Pe\u00f1artu y Huilcaleo.<\/p>\n\n\n\n<p>Epu (2). Como comunidades Mapuche, en la hoy llamada comuna de Galvarino, visualizamos una gran responsabilidad de estos incendios en la industria forestal asentada en la zona y en las instituciones (p\u00fablicas y privadas) que la promueven.<\/p>\n\n\n\n<p>K\u00fcla (3). Lo que hemos visto con la industria forestal en nuestro territorio han sido: la profundizaci\u00f3n del despojo de nuestras tierras ancestrales; la participaci\u00f3n de nuestra gente laboralmente, pero como mano de obra barata, racializada (en el \u00faltimo pelda\u00f1o de la cadena) y expuestas a accidentes laborales; la migraci\u00f3n forzada a las periferias urbanas; la p\u00e9rdida de bosques nativos y lawen (hierbas medicinales); y lo m\u00e1s grave, la p\u00e9rdida del agua. Tanto as\u00ed que, la semana pasada, NO TEN\u00cdAMOS AGUA para confrontar el fuego. Por lo tanto, los efectos de esta industria son catastr\u00f3ficos.<\/p>\n\n\n\n<p>Meli (4). Creemos en un proceso de restituci\u00f3n de derechos, restituciones de nuestros territorios y reconstrucci\u00f3n de nuestro tejido social. Pero, somos enf\u00e1ticos en se\u00f1alar que las forestales est\u00e1n asentadas en un territorio despojado. Despojo promovido por el estado chileno a fines del siglo XIX e inicios del siglo XX. Inclusive, luego del despojo, transgrediendo los T\u00edtulos de Merced, el documento que legaliz\u00f3 a nuestras reducciones.<\/p>\n\n\n\n<p>Kech\u00fc (5). Por lo tanto, exigimos al estado abordar la discusi\u00f3n sobre la industria forestal desde un \u00e1mbito estructural y no superficial (que permita su reacomodo). Es decir, abordar la discusi\u00f3n desde el despojo y paralelamente acelerar las devoluciones de tierras. Asimismo, animamos a buscar mecanismos de restauraci\u00f3n y reforestaci\u00f3n con especies nativas para recuperar en parte las cuencas h\u00eddricas gravemente deterioradas.<\/p>\n\n\n\n<p>Kay\u00fc (6). Hacemos un llamado a las comunidades afectadas a explorar procesos de demandas colectivas contra las empresas que usurpan nuestros territorios tales como; Arauco, CMPC, entre otros, y a todos aquellos que resulten responsables de la destrucci\u00f3n del itrofill mongen (biodiversidad), por tanto, de la vida mapuche.<\/p>\n\n\n\n<p>Regle (7). Nos llama la atenci\u00f3n el silencio de algunos actores: a) el Forest Stewardship Council (FSC), organismo internacional encargado de la gesti\u00f3n responsable del rubro forestal y que saben de los efectos de la industria forestal en las comunidades Mapuche. De<\/p>\n\n\n\n<p>hecho,&nbsp;FSC Internacional patrocin\u00f3 un estudio titulado \u201cLa Industria Forestal de Chile, la Certificaci\u00f3n FSC y las Comunidades Mapuche\u201d donde el Lof Ma\u00f1iuco fue parte de la&nbsp;investigaci\u00f3n realizada. b) El silencio de la Asociaci\u00f3n de Municipalidades Regi\u00f3n de la Araucan\u00eda (AMRA), quienes&nbsp;\u201csupuestamente\u201d&nbsp;conocen la realidad local. Sin embargo, a la hora de pedir m\u00e1s militarizaci\u00f3n en el territorio, no tienen reparo en sacar la voz. c) Los centros acad\u00e9micos que est\u00e1n conectados con el rubro forestal. Espec\u00edficamente, las universidades asentadas en el territorio Mapuche.<\/p>\n\n\n\n<p>Purra (8). Le exigimos al municipio de Galvarino&nbsp;\u2014&nbsp;quienes a inicios del a\u00f1o 2000 v\u00eda las unidades de desarrollo local, en alianza con CONAF y consultoras, promov\u00edan plantaciones al interior de las comunidades&nbsp;\u2014&nbsp;que haga una geo-referenciaci\u00f3n y transparente a las compa\u00f1\u00edas forestales presentes en la comuna. A la fecha la comuna posee m\u00e1s de 18 mil hect\u00e1reas con plantaciones, siendo uno de los sitios con mayor plantaciones en La Araucan\u00eda, por ende una de las mayores afectadas por el fuego, pero las empresas y due\u00f1os pasan desapercibidos.<\/p>\n\n\n\n<p>Aylla (9). Descartamos y desmentimos que personas de nuestras comunidades est\u00e9n envueltas en la propagaci\u00f3n de incendios forestales. Quienes pretenden etiquetarnos como&nbsp;\u201cpromotores del fuego\u201d solo est\u00e1n faltando a la verdad y&nbsp;eludiendo responsabilidades del rubro forestal.<\/p>\n\n\n\n<p>Marri (10). Advertimos que si se hacen mesas de trabajo, que est\u00e1n sean serias, responsables&nbsp;y no sean solo para \u201cla foto\u201d. Por supuesto, deben incluir medidas de corto plazo, tales como:&nbsp;cortafuegos preventivos, podas de \u00e1rboles cercanos al tendido el\u00e9ctrico, priorizaci\u00f3n de sitios habitados, etc. Finalmente, invitamos a las comunidades a realizar traw\u00fcn (encuentros) para buscar soluciones, a no callar y a seguir defendiendo el territorio. Asimismo, instamos a seguir fortaleciendo el&nbsp;kell\u00fcwun&nbsp;(colaboraci\u00f3n) para confrontar estos tiempos complejos.<\/p>\n\n\n\n<p>Territorios Ma\u00f1iuco, Huimpil, Llufquent\u00fae y \u00d1ielol;<\/p>\n\n\n\n<p>Comunidad Rapa<br>Comunidad Ma\u00f1iuco Alto<br>Comunidad Ma\u00f1iuco Bajo<br>Comunidad Minas de Huimpil<br>Comunidad Francisco Paillal<br>Comunidad Juan Huilcaleo \u00d1ielol<br>Comunidad Pascuala Lican<br>Comunidad Antonio Morales y Lorenza Coyan<\/p>\n\n\n\n<p><img decoding=\"async\" src=\"blob:https:\/\/temucotelevision.cl\/b70c0940-bffb-48d3-abbc-9baf04d31d57\" alt=\"page2image5829568\" width=\"163.050000\" height=\"0.600010\">&nbsp;<img decoding=\"async\" src=\"blob:https:\/\/temucotelevision.cl\/2a5d6d53-6c9a-4d09-bac5-b1d35cd0035c\" alt=\"page2image5839760\" width=\"237.680000\" height=\"0.600010\"><\/p>\n","protected":false},"excerpt":{"rendered":"<div class=\"pvc_clear\"><\/div>\n<p id=\"pvc_stats_38742\" class=\"pvc_stats total_only  \" data-element-id=\"38742\" style=\"\"><i class=\"pvc-stats-icon large\" aria-hidden=\"true\"><svg aria-hidden=\"true\" focusable=\"false\" data-prefix=\"far\" data-icon=\"chart-bar\" role=\"img\" xmlns=\"http:\/\/www.w3.org\/2000\/svg\" viewBox=\"0 0 512 512\" class=\"svg-inline--fa fa-chart-bar fa-w-16 fa-2x\"><path fill=\"currentColor\" d=\"M396.8 352h22.4c6.4 0 12.8-6.4 12.8-12.8V108.8c0-6.4-6.4-12.8-12.8-12.8h-22.4c-6.4 0-12.8 6.4-12.8 12.8v230.4c0 6.4 6.4 12.8 12.8 12.8zm-192 0h22.4c6.4 0 12.8-6.4 12.8-12.8V140.8c0-6.4-6.4-12.8-12.8-12.8h-22.4c-6.4 0-12.8 6.4-12.8 12.8v198.4c0 6.4 6.4 12.8 12.8 12.8zm96 0h22.4c6.4 0 12.8-6.4 12.8-12.8V204.8c0-6.4-6.4-12.8-12.8-12.8h-22.4c-6.4 0-12.8 6.4-12.8 12.8v134.4c0 6.4 6.4 12.8 12.8 12.8zM496 400H48V80c0-8.84-7.16-16-16-16H16C7.16 64 0 71.16 0 80v336c0 17.67 14.33 32 32 32h464c8.84 0 16-7.16 16-16v-16c0-8.84-7.16-16-16-16zm-387.2-48h22.4c6.4 0 12.8-6.4 12.8-12.8v-70.4c0-6.4-6.4-12.8-12.8-12.8h-22.4c-6.4 0-12.8 6.4-12.8 12.8v70.4c0 6.4 6.4 12.8 12.8 12.8z\" class=\"\"><\/path><\/svg><\/i> <img loading=\"lazy\" decoding=\"async\" width=\"16\" height=\"16\" alt=\"Loading\" src=\"https:\/\/temucotelevision.cl\/web\/wp-content\/plugins\/page-views-count\/ajax-loader-2x.gif\" border=0 \/><\/p>\n<div class=\"pvc_clear\"><\/div>\n<p>Las comunidades abajo firmantes, ante los incendios forestales, declaramos a la opini\u00f3n p\u00fablica lo siguiente: Ki\u00f1e (1). Expresamos nuestro agradecimiento<\/p>\n","protected":false},"author":1,"featured_media":38472,"comment_status":"open","ping_status":"open","sticky":false,"template":"","format":"standard","meta":{"colormag_page_container_layout":"default_layout","colormag_page_sidebar_layout":"default_layout","footnotes":""},"categories":[15,84],"tags":[1174,147,127],"class_list":["post-38742","post","type-post","status-publish","format-standard","has-post-thumbnail","hentry","category-la-araucania","category-politica","tag-comunidades","tag-familias","tag-incendios-forestales"],"a3_pvc":{"activated":true,"total_views":115,"today_views":0},"_links":{"self":[{"href":"https:\/\/temucotelevision.cl\/web\/wp-json\/wp\/v2\/posts\/38742","targetHints":{"allow":["GET"]}}],"collection":[{"href":"https:\/\/temucotelevision.cl\/web\/wp-json\/wp\/v2\/posts"}],"about":[{"href":"https:\/\/temucotelevision.cl\/web\/wp-json\/wp\/v2\/types\/post"}],"author":[{"embeddable":true,"href":"https:\/\/temucotelevision.cl\/web\/wp-json\/wp\/v2\/users\/1"}],"replies":[{"embeddable":true,"href":"https:\/\/temucotelevision.cl\/web\/wp-json\/wp\/v2\/comments?post=38742"}],"version-history":[{"count":2,"href":"https:\/\/temucotelevision.cl\/web\/wp-json\/wp\/v2\/posts\/38742\/revisions"}],"predecessor-version":[{"id":38745,"href":"https:\/\/temucotelevision.cl\/web\/wp-json\/wp\/v2\/posts\/38742\/revisions\/38745"}],"wp:featuredmedia":[{"embeddable":true,"href":"https:\/\/temucotelevision.cl\/web\/wp-json\/wp\/v2\/media\/38472"}],"wp:attachment":[{"href":"https:\/\/temucotelevision.cl\/web\/wp-json\/wp\/v2\/media?parent=38742"}],"wp:term":[{"taxonomy":"category","embeddable":true,"href":"https:\/\/temucotelevision.cl\/web\/wp-json\/wp\/v2\/categories?post=38742"},{"taxonomy":"post_tag","embeddable":true,"href":"https:\/\/temucotelevision.cl\/web\/wp-json\/wp\/v2\/tags?post=38742"}],"curies":[{"name":"wp","href":"https:\/\/api.w.org\/{rel}","templated":true}]}}