{"id":38736,"date":"2023-02-16T12:04:16","date_gmt":"2023-02-16T15:04:16","guid":{"rendered":"https:\/\/temucotelevision.cl\/web\/?p=38736"},"modified":"2023-02-16T12:04:18","modified_gmt":"2023-02-16T15:04:18","slug":"ministro-de-educacion-concluye-viaje-a-zonas-afectadas-por-incendios-forestales-con-visita-a-la-araucania-nuestro-compromiso-es-buscar-la-solucion-definitiva-pero-tambien-buscar-l","status":"publish","type":"post","link":"https:\/\/temucotelevision.cl\/web\/2023\/02\/16\/ministro-de-educacion-concluye-viaje-a-zonas-afectadas-por-incendios-forestales-con-visita-a-la-araucania-nuestro-compromiso-es-buscar-la-solucion-definitiva-pero-tambien-buscar-l\/","title":{"rendered":"Ministro de\u00a0 Educaci\u00f3n concluye viaje a zonas afectadas por incendios forestales con visita a La Araucan\u00eda:\u00a0\u201cnuestro compromiso es buscar la soluci\u00f3n definitiva pero tambi\u00e9n buscar la soluci\u00f3n m\u00e1s r\u00e1pida\u201d"},"content":{"rendered":"<div class=\"pvc_clear\"><\/div><p id=\"pvc_stats_38736\" class=\"pvc_stats total_only  \" data-element-id=\"38736\" style=\"\"><i class=\"pvc-stats-icon large\" aria-hidden=\"true\"><svg aria-hidden=\"true\" focusable=\"false\" data-prefix=\"far\" data-icon=\"chart-bar\" role=\"img\" xmlns=\"http:\/\/www.w3.org\/2000\/svg\" viewBox=\"0 0 512 512\" class=\"svg-inline--fa fa-chart-bar fa-w-16 fa-2x\"><path fill=\"currentColor\" d=\"M396.8 352h22.4c6.4 0 12.8-6.4 12.8-12.8V108.8c0-6.4-6.4-12.8-12.8-12.8h-22.4c-6.4 0-12.8 6.4-12.8 12.8v230.4c0 6.4 6.4 12.8 12.8 12.8zm-192 0h22.4c6.4 0 12.8-6.4 12.8-12.8V140.8c0-6.4-6.4-12.8-12.8-12.8h-22.4c-6.4 0-12.8 6.4-12.8 12.8v198.4c0 6.4 6.4 12.8 12.8 12.8zm96 0h22.4c6.4 0 12.8-6.4 12.8-12.8V204.8c0-6.4-6.4-12.8-12.8-12.8h-22.4c-6.4 0-12.8 6.4-12.8 12.8v134.4c0 6.4 6.4 12.8 12.8 12.8zM496 400H48V80c0-8.84-7.16-16-16-16H16C7.16 64 0 71.16 0 80v336c0 17.67 14.33 32 32 32h464c8.84 0 16-7.16 16-16v-16c0-8.84-7.16-16-16-16zm-387.2-48h22.4c6.4 0 12.8-6.4 12.8-12.8v-70.4c0-6.4-6.4-12.8-12.8-12.8h-22.4c-6.4 0-12.8 6.4-12.8 12.8v70.4c0 6.4 6.4 12.8 12.8 12.8z\" class=\"\"><\/path><\/svg><\/i> <img loading=\"lazy\" decoding=\"async\" width=\"16\" height=\"16\" alt=\"Loading\" src=\"https:\/\/temucotelevision.cl\/web\/wp-content\/plugins\/page-views-count\/ajax-loader-2x.gif\" border=0 \/><\/p><div class=\"pvc_clear\"><\/div>\n<ul class=\"wp-block-list\"><li>El ministro Marco Antonio \u00c1vila visit\u00f3 en los \u00faltimos d\u00edas las regiones de Biob\u00edo, \u00d1uble y La Araucan\u00eda para evaluar en terreno la afectaci\u00f3n de establecimientos educacionales, en el marco del compromiso del Presidente Boric por la continuidad educativa.<\/li><li>En su visita, el secretario de Estado detall\u00f3 que se trabajar\u00e1 en tres l\u00edneas de acci\u00f3n: la reubicaci\u00f3n para iniciar el a\u00f1o escolar en marzo; soluciones modulares para 2 a 3 meses; y la reconstrucci\u00f3n de todos los establecimientos siniestrados durante los pr\u00f3ximos a\u00f1os.<\/li><\/ul>\n\n\n\n<p>Luego de tres d\u00edas en la regi\u00f3n, el ministro de Educaci\u00f3n, Marco Antonio \u00c1vila, culmin\u00f3 este mi\u00e9rcoles su visita a La Araucan\u00eda tras visitar los establecimientos y comunidades educativas afectadas por los incendios forestales, y despu\u00e9s de haber estado presente en las regiones de \u00d1uble y Biob\u00edo en busca de soluciones para asegurar la continuidad educativa en marzo.<\/p>\n\n\n\n<p>Durante la jornada, el secretario de Estado se traslad\u00f3 a la comuna de Renaico, para visitar la Escuela Julio Montt junto al alcalde Juan Carlos Reinao, el \u00fanico establecimiento siniestrado en la comuna. En el lugar, donde se reunieron con las comunidades del establecimiento, repartieron \u00fatiles escolares a las familias de la comunidad educativa a quienes se les inform\u00f3 que los equipos se encuentran evaluando una pronta soluci\u00f3n para los 4 estudiantes que asist\u00edan a esta escuela.&nbsp;<\/p>\n\n\n\n<p>La reuni\u00f3n se realiz\u00f3 en compa\u00f1\u00eda de la subsecretaria de Educaci\u00f3n Parvularia, Claudia Lagos; la seremi de Educaci\u00f3n de La Araucan\u00eda, Mar\u00eda Isabel Mari\u00f1anco; la directora de Junaeb, Camila Rubio; la directora de Fundaci\u00f3n Integra, Nataly Rojas; la vicepresidenta de Junji, Daniela Trivi\u00f1o y otras autoridades y equipos locales.<\/p>\n\n\n\n<p>\u201cNos hemos reunido con las autoridades de Renaico para evaluar cu\u00e1les son los da\u00f1os que ha sufrido la Escuela Julio Montt. Sin duda alguna que esta escuela tiene que ser repuesta, eso es parte de la responsabilidad que tiene el Estado, y nos vamos con algunas tareas importantes para la identificaci\u00f3n de la mejor fuente de financiamiento\u201d, coment\u00f3 el ministro \u00c1vila.<\/p>\n\n\n\n<p>En la instancia, agreg\u00f3 que \u201cse nos ha hecho una solicitud espec\u00edfica por parte del municipio. Nosotros vinimos a escuchar a las comunidades y les hemos dicho que en ning\u00fan caso el alcalde, el equipo del municipio y especialmente las familias que acud\u00edan a este establecimiento, van a quedar sin una soluci\u00f3n en el mediano plazo. Nuestro compromiso es buscar la soluci\u00f3n definitiva pero tambi\u00e9n buscar la soluci\u00f3n m\u00e1s r\u00e1pida. El municipio nos ha hecho una propuesta para una soluci\u00f3n bastante r\u00e1pida y que nos parece adecuada. Sin embargo, necesitamos una certeza jur\u00eddica para poder hacer esa asignaci\u00f3n de recursos. De forma paralela, se pueden buscar otras soluciones\u201d, a\u00f1adi\u00f3.<\/p>\n\n\n\n<p>Por su parte, la subsecretaria Claudia Lagos sostuvo que \u201ces importante que ni\u00f1os y ni\u00f1as vuelvan a las escuelas, jardines infantiles y salas cuna lo antes posible. Es probable que en algunos casos se requiera de atenci\u00f3n educativa en otros espacios, ya sea establecimientos habilitados, o a trav\u00e9s de otras modalidades no convencionales. Tambi\u00e9n se est\u00e1 trabajando mucho a partir de la labor domiciliaria, con duplas educativas que van a las casas o donde est\u00e1n los ni\u00f1os y ni\u00f1as, para continuar con su aprendizaje. Estamos trabajando para que el a\u00f1o parvulario comience en las primeras semanas de marzo, como estaba planificado\u201d.<\/p>\n\n\n\n<p><strong>Visita a establecimientos siniestrados&nbsp;<\/strong><\/p>\n\n\n\n<p>La semana pasada, el ministro Marco Antonio \u00c1vila se traslad\u00f3 hasta la Regi\u00f3n del Biob\u00edo para visitar las localidades afectadas por los incendios, como Santa Juana, Arauco y Tom\u00e9, y evaluar con las autoridades locales y con las comunidades de los establecimientos siniestrados las medidas de reubicaci\u00f3n de los estudiantes para asegurar que a partir de la primera semana de marzo, es decir, el inicio del a\u00f1o escolar, ellos tengan certezas y puedan ir a clases.&nbsp;<\/p>\n\n\n\n<p>Posteriormente, el ministro visit\u00f3 la comuna de \u00d1uble, particularmente las localidades de R\u00e1nquil y Coelemu, donde tambi\u00e9n supervis\u00f3 la entrega de alimentaci\u00f3n en establecimientos educacionales que hoy operan como albergues.&nbsp;<\/p>\n\n\n\n<p>\u201cLo hemos dicho en las regiones afectadas que hemos visitado: el compromiso del gobierno es recuperar todas las escuelas da\u00f1adas, aunque sea para un solo estudiante, porque creemos que la educaci\u00f3n tiene un valor y pertinencia irremplazable para los territorios afectados\u201d, dijo el ministro de Educaci\u00f3n.<\/p>\n\n\n\n<p>En este sentido, el secretario de Estado se ha comprometido a trabajar en medidas inmediatas, como la reubicaci\u00f3n de los estudiantes para el inicio del a\u00f1o escolar en marzo; medidas de mediano plazo, como soluciones modulares para los pr\u00f3ximos meses; y soluciones definitivas, en torno a los proyectos para la reconstrucci\u00f3n de todas las escuelas siniestradas por los incendios forestales, para los pr\u00f3ximos a\u00f1os.<\/p>\n","protected":false},"excerpt":{"rendered":"<div class=\"pvc_clear\"><\/div>\n<p id=\"pvc_stats_38736\" class=\"pvc_stats total_only  \" data-element-id=\"38736\" style=\"\"><i class=\"pvc-stats-icon large\" aria-hidden=\"true\"><svg aria-hidden=\"true\" focusable=\"false\" data-prefix=\"far\" data-icon=\"chart-bar\" role=\"img\" xmlns=\"http:\/\/www.w3.org\/2000\/svg\" viewBox=\"0 0 512 512\" class=\"svg-inline--fa fa-chart-bar fa-w-16 fa-2x\"><path fill=\"currentColor\" d=\"M396.8 352h22.4c6.4 0 12.8-6.4 12.8-12.8V108.8c0-6.4-6.4-12.8-12.8-12.8h-22.4c-6.4 0-12.8 6.4-12.8 12.8v230.4c0 6.4 6.4 12.8 12.8 12.8zm-192 0h22.4c6.4 0 12.8-6.4 12.8-12.8V140.8c0-6.4-6.4-12.8-12.8-12.8h-22.4c-6.4 0-12.8 6.4-12.8 12.8v198.4c0 6.4 6.4 12.8 12.8 12.8zm96 0h22.4c6.4 0 12.8-6.4 12.8-12.8V204.8c0-6.4-6.4-12.8-12.8-12.8h-22.4c-6.4 0-12.8 6.4-12.8 12.8v134.4c0 6.4 6.4 12.8 12.8 12.8zM496 400H48V80c0-8.84-7.16-16-16-16H16C7.16 64 0 71.16 0 80v336c0 17.67 14.33 32 32 32h464c8.84 0 16-7.16 16-16v-16c0-8.84-7.16-16-16-16zm-387.2-48h22.4c6.4 0 12.8-6.4 12.8-12.8v-70.4c0-6.4-6.4-12.8-12.8-12.8h-22.4c-6.4 0-12.8 6.4-12.8 12.8v70.4c0 6.4 6.4 12.8 12.8 12.8z\" class=\"\"><\/path><\/svg><\/i> <img loading=\"lazy\" decoding=\"async\" width=\"16\" height=\"16\" alt=\"Loading\" src=\"https:\/\/temucotelevision.cl\/web\/wp-content\/plugins\/page-views-count\/ajax-loader-2x.gif\" border=0 \/><\/p>\n<div class=\"pvc_clear\"><\/div>\n<p>El ministro Marco Antonio \u00c1vila visit\u00f3 en los \u00faltimos d\u00edas las regiones de Biob\u00edo, \u00d1uble y La Araucan\u00eda para evaluar<\/p>\n","protected":false},"author":1,"featured_media":38737,"comment_status":"open","ping_status":"open","sticky":false,"template":"","format":"standard","meta":{"colormag_page_container_layout":"default_layout","colormag_page_sidebar_layout":"default_layout","footnotes":""},"categories":[15],"tags":[601,926,147,266,318,617],"class_list":["post-38736","post","type-post","status-publish","format-standard","has-post-thumbnail","hentry","category-la-araucania","tag-escuelas","tag-establecimientos","tag-familias","tag-incendios","tag-ministro","tag-visita"],"a3_pvc":{"activated":true,"total_views":62,"today_views":0},"_links":{"self":[{"href":"https:\/\/temucotelevision.cl\/web\/wp-json\/wp\/v2\/posts\/38736","targetHints":{"allow":["GET"]}}],"collection":[{"href":"https:\/\/temucotelevision.cl\/web\/wp-json\/wp\/v2\/posts"}],"about":[{"href":"https:\/\/temucotelevision.cl\/web\/wp-json\/wp\/v2\/types\/post"}],"author":[{"embeddable":true,"href":"https:\/\/temucotelevision.cl\/web\/wp-json\/wp\/v2\/users\/1"}],"replies":[{"embeddable":true,"href":"https:\/\/temucotelevision.cl\/web\/wp-json\/wp\/v2\/comments?post=38736"}],"version-history":[{"count":1,"href":"https:\/\/temucotelevision.cl\/web\/wp-json\/wp\/v2\/posts\/38736\/revisions"}],"predecessor-version":[{"id":38738,"href":"https:\/\/temucotelevision.cl\/web\/wp-json\/wp\/v2\/posts\/38736\/revisions\/38738"}],"wp:featuredmedia":[{"embeddable":true,"href":"https:\/\/temucotelevision.cl\/web\/wp-json\/wp\/v2\/media\/38737"}],"wp:attachment":[{"href":"https:\/\/temucotelevision.cl\/web\/wp-json\/wp\/v2\/media?parent=38736"}],"wp:term":[{"taxonomy":"category","embeddable":true,"href":"https:\/\/temucotelevision.cl\/web\/wp-json\/wp\/v2\/categories?post=38736"},{"taxonomy":"post_tag","embeddable":true,"href":"https:\/\/temucotelevision.cl\/web\/wp-json\/wp\/v2\/tags?post=38736"}],"curies":[{"name":"wp","href":"https:\/\/api.w.org\/{rel}","templated":true}]}}