{"id":38730,"date":"2023-02-16T11:53:47","date_gmt":"2023-02-16T14:53:47","guid":{"rendered":"https:\/\/temucotelevision.cl\/web\/?p=38730"},"modified":"2023-02-16T11:59:02","modified_gmt":"2023-02-16T14:59:02","slug":"aguas-araucania-anuncio-beneficios-para-familias-de-la-region-afectadas-por-incendios","status":"publish","type":"post","link":"https:\/\/temucotelevision.cl\/web\/2023\/02\/16\/aguas-araucania-anuncio-beneficios-para-familias-de-la-region-afectadas-por-incendios\/","title":{"rendered":"Aguas Araucan\u00eda anunci\u00f3 beneficios para familias de la regi\u00f3n afectadas por incendios"},"content":{"rendered":"<div class=\"pvc_clear\"><\/div><p id=\"pvc_stats_38730\" class=\"pvc_stats total_only  \" data-element-id=\"38730\" style=\"\"><i class=\"pvc-stats-icon large\" aria-hidden=\"true\"><svg aria-hidden=\"true\" focusable=\"false\" data-prefix=\"far\" data-icon=\"chart-bar\" role=\"img\" xmlns=\"http:\/\/www.w3.org\/2000\/svg\" viewBox=\"0 0 512 512\" class=\"svg-inline--fa fa-chart-bar fa-w-16 fa-2x\"><path fill=\"currentColor\" d=\"M396.8 352h22.4c6.4 0 12.8-6.4 12.8-12.8V108.8c0-6.4-6.4-12.8-12.8-12.8h-22.4c-6.4 0-12.8 6.4-12.8 12.8v230.4c0 6.4 6.4 12.8 12.8 12.8zm-192 0h22.4c6.4 0 12.8-6.4 12.8-12.8V140.8c0-6.4-6.4-12.8-12.8-12.8h-22.4c-6.4 0-12.8 6.4-12.8 12.8v198.4c0 6.4 6.4 12.8 12.8 12.8zm96 0h22.4c6.4 0 12.8-6.4 12.8-12.8V204.8c0-6.4-6.4-12.8-12.8-12.8h-22.4c-6.4 0-12.8 6.4-12.8 12.8v134.4c0 6.4 6.4 12.8 12.8 12.8zM496 400H48V80c0-8.84-7.16-16-16-16H16C7.16 64 0 71.16 0 80v336c0 17.67 14.33 32 32 32h464c8.84 0 16-7.16 16-16v-16c0-8.84-7.16-16-16-16zm-387.2-48h22.4c6.4 0 12.8-6.4 12.8-12.8v-70.4c0-6.4-6.4-12.8-12.8-12.8h-22.4c-6.4 0-12.8 6.4-12.8 12.8v70.4c0 6.4 6.4 12.8 12.8 12.8z\" class=\"\"><\/path><\/svg><\/i> <img loading=\"lazy\" decoding=\"async\" width=\"16\" height=\"16\" alt=\"Loading\" src=\"https:\/\/temucotelevision.cl\/web\/wp-content\/plugins\/page-views-count\/ajax-loader-2x.gif\" border=0 \/><\/p><div class=\"pvc_clear\"><\/div>\n<p><em>Junto a los ministros de Obras P\u00fablicas y Econom\u00eda, la sanitaria destac\u00f3 la articulaci\u00f3n p\u00fablico privada para el combate de los incendios y el trabajo sostenido que continuar\u00e1n realizando para enfrentar las emergencias.<\/em><\/p>\n\n\n\n<p>La condonaci\u00f3n total de las deudas de agua y alcantarillado adem\u00e1s de la reposici\u00f3n de los arranques de agua potable y uniones domiciliarias de aguas servidas a las familias que fueron afectadas por los graves incendios ocurridos en la regi\u00f3n, fueron parte del anuncio que los ministros de Obras P\u00fablicas y Econom\u00eda, Juan Carlos Garc\u00eda y Nicol\u00e1s Grau, respectivamente realizaron junto al gerente regional de Aguas Araucan\u00eda, Jos\u00e9 Torga.<\/p>\n\n\n\n<p>La informaci\u00f3n fue entregada por las propias autoridades en terreno, espec\u00edficamente en la planta de producci\u00f3n de agua potable de las Encinas, recinto que abastece a gran parte de comunidad local.<\/p>\n\n\n\n<p>El ministro MOP Garc\u00eda destac\u00f3 el esfuerzo que han realizado en esta emergencia las empresas sanitarias, aportando agua que ayud\u00f3 a cargar los camiones aljibes.<\/p>\n\n\n\n<p>Dijo se les ha planteado la necesidad de que en las plantas donde existe ya un tratamiento de las aguas podamos tener tomas de agua cruda para poder cargar en esos lugares los camiones aljibe, de manera de evitar poner en riesgo el servicio a la ciudadan\u00eda y no hacer uso de agua potable. \u201cSon mejoras que tenemos que hacer y que involucrar\u00e1n nuevamente una alianza entre el sector p\u00fablico y privado; son mejoras que van en servicio de la ciudadan\u00eda&#8221;, dijo el titular del MOP.<\/p>\n\n\n\n<p>A su turno, su par de econom\u00eda y enlace del Gobierno en La Araucan\u00eda, Nicol\u00e1s Grau, dijo &#8220;felicitar y agradecer a Aguas Araucan\u00eda por esta decisi\u00f3n de condonar las deudas de sus servicios a quienes se hayan visto afectados por el incendio&#8221;.<\/p>\n\n\n\n<p>&#8220;Entendemos que la articulaci\u00f3n p\u00fablico\u2013privada&nbsp;es esencial para enfrentar esta crisis de la mejor manera, y creo que a lo que estamos asistiendo hoy -y este reconocimiento que estamos haciendo-&nbsp;va totalmente en l\u00ednea con lo que necesitamos como pa\u00eds&#8221;, a\u00f1adi\u00f3 Grau.<\/p>\n\n\n\n<p>En tanto el gerente de la sanitaria destac\u00f3 la coordinaci\u00f3n realizada en la emergencia con las autoridades regionales especialmente para proteger las fuentes de producci\u00f3n de agua potable que estuvieron en riesgo de siniestrarse. \u201cAqu\u00ed hubo un esfuerzo conjunto que valoramos. Nuestros trabajadores, en un periodo de 6 d\u00edas, entregaron casi 7 mil m3 de agua para el combate de incendios, lo que equivale a la carga de aproximadamente 1400 aljibes. La mayor parte del agua fue utilizada para combatir el fuego en sectores que no son atendidos por nuestra compa\u00f1\u00eda\u201d, dijo.<\/p>\n\n\n\n<p>Finalmente, las autoridades destacaron la disposici\u00f3n de la industria sanitaria para ir en ayuda de las familias que lo necesitan.<\/p>\n\n\n\n<figure class=\"wp-block-image aligncenter size-large\"><img loading=\"lazy\" decoding=\"async\" width=\"1024\" height=\"768\" src=\"https:\/\/temucotelevision.cl\/web\/wp-content\/uploads\/2023\/02\/Aguas-Araucania-Beneficios-Puren-1024x768.jpg\" alt=\"\" class=\"wp-image-38734\" srcset=\"https:\/\/temucotelevision.cl\/web\/wp-content\/uploads\/2023\/02\/Aguas-Araucania-Beneficios-Puren-1024x768.jpg 1024w, https:\/\/temucotelevision.cl\/web\/wp-content\/uploads\/2023\/02\/Aguas-Araucania-Beneficios-Puren-768x576.jpg 768w, https:\/\/temucotelevision.cl\/web\/wp-content\/uploads\/2023\/02\/Aguas-Araucania-Beneficios-Puren-1536x1152.jpg 1536w, https:\/\/temucotelevision.cl\/web\/wp-content\/uploads\/2023\/02\/Aguas-Araucania-Beneficios-Puren-2048x1537.jpg 2048w\" sizes=\"auto, (max-width: 1024px) 100vw, 1024px\" \/><\/figure>\n","protected":false},"excerpt":{"rendered":"<div class=\"pvc_clear\"><\/div>\n<p id=\"pvc_stats_38730\" class=\"pvc_stats total_only  \" data-element-id=\"38730\" style=\"\"><i class=\"pvc-stats-icon large\" aria-hidden=\"true\"><svg aria-hidden=\"true\" focusable=\"false\" data-prefix=\"far\" data-icon=\"chart-bar\" role=\"img\" xmlns=\"http:\/\/www.w3.org\/2000\/svg\" viewBox=\"0 0 512 512\" class=\"svg-inline--fa fa-chart-bar fa-w-16 fa-2x\"><path fill=\"currentColor\" d=\"M396.8 352h22.4c6.4 0 12.8-6.4 12.8-12.8V108.8c0-6.4-6.4-12.8-12.8-12.8h-22.4c-6.4 0-12.8 6.4-12.8 12.8v230.4c0 6.4 6.4 12.8 12.8 12.8zm-192 0h22.4c6.4 0 12.8-6.4 12.8-12.8V140.8c0-6.4-6.4-12.8-12.8-12.8h-22.4c-6.4 0-12.8 6.4-12.8 12.8v198.4c0 6.4 6.4 12.8 12.8 12.8zm96 0h22.4c6.4 0 12.8-6.4 12.8-12.8V204.8c0-6.4-6.4-12.8-12.8-12.8h-22.4c-6.4 0-12.8 6.4-12.8 12.8v134.4c0 6.4 6.4 12.8 12.8 12.8zM496 400H48V80c0-8.84-7.16-16-16-16H16C7.16 64 0 71.16 0 80v336c0 17.67 14.33 32 32 32h464c8.84 0 16-7.16 16-16v-16c0-8.84-7.16-16-16-16zm-387.2-48h22.4c6.4 0 12.8-6.4 12.8-12.8v-70.4c0-6.4-6.4-12.8-12.8-12.8h-22.4c-6.4 0-12.8 6.4-12.8 12.8v70.4c0 6.4 6.4 12.8 12.8 12.8z\" class=\"\"><\/path><\/svg><\/i> <img loading=\"lazy\" decoding=\"async\" width=\"16\" height=\"16\" alt=\"Loading\" src=\"https:\/\/temucotelevision.cl\/web\/wp-content\/plugins\/page-views-count\/ajax-loader-2x.gif\" border=0 \/><\/p>\n<div class=\"pvc_clear\"><\/div>\n<p>Junto a los ministros de Obras P\u00fablicas y Econom\u00eda, la sanitaria destac\u00f3 la articulaci\u00f3n p\u00fablico privada para el combate de<\/p>\n","protected":false},"author":1,"featured_media":38731,"comment_status":"open","ping_status":"open","sticky":false,"template":"","format":"standard","meta":{"colormag_page_container_layout":"default_layout","colormag_page_sidebar_layout":"default_layout","footnotes":""},"categories":[15],"tags":[1642,753,1877,1001,147],"class_list":["post-38730","post","type-post","status-publish","format-standard","has-post-thumbnail","hentry","category-la-araucania","tag-aguas","tag-aguas-araucania","tag-araucania-2","tag-beneficios","tag-familias"],"a3_pvc":{"activated":true,"total_views":107,"today_views":0},"_links":{"self":[{"href":"https:\/\/temucotelevision.cl\/web\/wp-json\/wp\/v2\/posts\/38730","targetHints":{"allow":["GET"]}}],"collection":[{"href":"https:\/\/temucotelevision.cl\/web\/wp-json\/wp\/v2\/posts"}],"about":[{"href":"https:\/\/temucotelevision.cl\/web\/wp-json\/wp\/v2\/types\/post"}],"author":[{"embeddable":true,"href":"https:\/\/temucotelevision.cl\/web\/wp-json\/wp\/v2\/users\/1"}],"replies":[{"embeddable":true,"href":"https:\/\/temucotelevision.cl\/web\/wp-json\/wp\/v2\/comments?post=38730"}],"version-history":[{"count":2,"href":"https:\/\/temucotelevision.cl\/web\/wp-json\/wp\/v2\/posts\/38730\/revisions"}],"predecessor-version":[{"id":38735,"href":"https:\/\/temucotelevision.cl\/web\/wp-json\/wp\/v2\/posts\/38730\/revisions\/38735"}],"wp:featuredmedia":[{"embeddable":true,"href":"https:\/\/temucotelevision.cl\/web\/wp-json\/wp\/v2\/media\/38731"}],"wp:attachment":[{"href":"https:\/\/temucotelevision.cl\/web\/wp-json\/wp\/v2\/media?parent=38730"}],"wp:term":[{"taxonomy":"category","embeddable":true,"href":"https:\/\/temucotelevision.cl\/web\/wp-json\/wp\/v2\/categories?post=38730"},{"taxonomy":"post_tag","embeddable":true,"href":"https:\/\/temucotelevision.cl\/web\/wp-json\/wp\/v2\/tags?post=38730"}],"curies":[{"name":"wp","href":"https:\/\/api.w.org\/{rel}","templated":true}]}}