{"id":38727,"date":"2023-02-16T11:49:31","date_gmt":"2023-02-16T14:49:31","guid":{"rendered":"https:\/\/temucotelevision.cl\/web\/?p=38727"},"modified":"2023-02-16T11:49:31","modified_gmt":"2023-02-16T14:49:31","slug":"grupo-upa-repasara-su-exitosa-discografia-en-dreams","status":"publish","type":"post","link":"https:\/\/temucotelevision.cl\/web\/2023\/02\/16\/grupo-upa-repasara-su-exitosa-discografia-en-dreams\/","title":{"rendered":"Grupo UPA repasar\u00e1 su exitosa discograf\u00eda en Dreams"},"content":{"rendered":"<div class=\"pvc_clear\"><\/div><p id=\"pvc_stats_38727\" class=\"pvc_stats total_only  \" data-element-id=\"38727\" style=\"\"><i class=\"pvc-stats-icon large\" aria-hidden=\"true\"><svg aria-hidden=\"true\" focusable=\"false\" data-prefix=\"far\" data-icon=\"chart-bar\" role=\"img\" xmlns=\"http:\/\/www.w3.org\/2000\/svg\" viewBox=\"0 0 512 512\" class=\"svg-inline--fa fa-chart-bar fa-w-16 fa-2x\"><path fill=\"currentColor\" d=\"M396.8 352h22.4c6.4 0 12.8-6.4 12.8-12.8V108.8c0-6.4-6.4-12.8-12.8-12.8h-22.4c-6.4 0-12.8 6.4-12.8 12.8v230.4c0 6.4 6.4 12.8 12.8 12.8zm-192 0h22.4c6.4 0 12.8-6.4 12.8-12.8V140.8c0-6.4-6.4-12.8-12.8-12.8h-22.4c-6.4 0-12.8 6.4-12.8 12.8v198.4c0 6.4 6.4 12.8 12.8 12.8zm96 0h22.4c6.4 0 12.8-6.4 12.8-12.8V204.8c0-6.4-6.4-12.8-12.8-12.8h-22.4c-6.4 0-12.8 6.4-12.8 12.8v134.4c0 6.4 6.4 12.8 12.8 12.8zM496 400H48V80c0-8.84-7.16-16-16-16H16C7.16 64 0 71.16 0 80v336c0 17.67 14.33 32 32 32h464c8.84 0 16-7.16 16-16v-16c0-8.84-7.16-16-16-16zm-387.2-48h22.4c6.4 0 12.8-6.4 12.8-12.8v-70.4c0-6.4-6.4-12.8-12.8-12.8h-22.4c-6.4 0-12.8 6.4-12.8 12.8v70.4c0 6.4 6.4 12.8 12.8 12.8z\" class=\"\"><\/path><\/svg><\/i> <img loading=\"lazy\" decoding=\"async\" width=\"16\" height=\"16\" alt=\"Loading\" src=\"https:\/\/temucotelevision.cl\/web\/wp-content\/plugins\/page-views-count\/ajax-loader-2x.gif\" border=0 \/><\/p><div class=\"pvc_clear\"><\/div>\n<p>Viernes. Banda nacional de los 80\u2019 llega a Temuco encabezada por su vocalista Pablo Ugarte.<br><br>Tras la disoluci\u00f3n del grupo Generaciones , integrada por siete j\u00f3venes ochenteros , cuatro de ellos decidieron perseverar en el sue\u00f1o de hacer m\u00fasica en momentos donde ser contestatario era dif\u00edcil. As\u00ed Mario Planet, (guitarra y teclado). Sebasti\u00e1n Piga (Saxo). Octavio Bascu\u00f1an (baterista) y Pablo Ugarte, bajista cantante y compositor , dieron vida , en 1985, al grupo UPA, nombre que no tiene otro significado que la misma palabra. \u201c Upa era como un echarle para adelante. Hab\u00eda que tirar para arriba en tiempos de estado de sitio y toques de queda. Eran tiempos complicados , de dictadura y nosotros dijimos vamos que se puede , la vamos a hacer igual. Ech\u00e9mosle para adelante pese a que era muy dif\u00edcil ser joven en esos tiempos en Chile\u201d, coment\u00f3 Ugarte en conversaci\u00f3n con este medio.<\/p>\n\n\n\n<p><br>El vocalista confiesa que, a pesar de que la m\u00fasica de UPA no era necesariamente alegre, \u201cnuestra idea era que hab\u00eda que tocar como fuera, de cualquier manera, a pesar incluso del toque de queda que nos obligaba a salir corriendo despu\u00e9s de las tocatas para llegar a la hora a nuestras casas y no caer presos\u201d,<br>enfatiz\u00f3.<\/p>\n\n\n\n<p>La m\u00fasica de UPA era simple, pero muy cuidada. Y en lo tem\u00e1tico, si bien no profundiz\u00f3 en la cr\u00edtica directa al sistema, igual incorporaron mensajes de tipo social, como en el tema &#8220;Sueldos&#8221;, por ejemplo. \u201cPara nosotros la m\u00fasica era un veh\u00edculo art\u00edstico, no un veh\u00edculo pol\u00edtico, para eso estaban Los Prisioneros. \u2028Grabamos 3 discos, incorporamos varias canciones en el imaginario colectivo de los chilenos, temas que trascendieron m\u00e1s all\u00e1 de las modas. Hicimos muchas giras fuera del pa\u00eds, tocamos en el Festival de Vi\u00f1a y vendimos muchos discos, pero creo que lo m\u00e1s importante que logr\u00f3 Upa, fue haber trascendido en el tiempo&#8221;, sentenci\u00f3 Ugarte.<\/p>\n\n\n\n<p>Regreso<\/p>\n\n\n\n<p>Pablo Ugarte reflota UPA en compa\u00f1ia del baterista Octavio Bascu\u00f1an para una puesta en escena de buen sonido que arrancar\u00e1 sus presentaciones en Temuco, en un periplo nacional en la cadena Dreams desde Iquique hasta Punta Arenas.<\/p>\n\n\n\n<p><br>\u201cVamos con repertorio cl\u00e1sico incluido un tema emblem\u00e1tico de \u201cLos Barracos\u201d , un grupo que habit\u00e9, y que se hizo famoso por la balada Todo\u201d, agreg\u00f3 el vocalista.<\/p>\n\n\n\n<p><br>El m\u00fasico nacional asegur\u00f3 que el show de este jueves desde pasadas las 23:00 horas en el escenario del Restobar Lucky 7 del casino , estar\u00e1 muy entretenido. \u201cSer\u00e1 un show muy lindo, lleno de hits para ir a cantar, ir a pasarlo bien. Habr\u00e1 algunos temas nuevos, un cover de rock Latino y una sorpresa que tenemos prepada\u201d , adelant\u00f3 Ugarte.<\/p>\n\n\n\n<p>Gratis<\/p>\n\n\n\n<p>La invitaci\u00f3n est\u00e1 extendida para repasar y cantar temas como \u201cCuando Vuelvas\u201d, \u201cElla Llora\u201d, \u201cR\u00edo R\u00edo\u201d, \u201cLa Bamba\u201d y \u201cCreo Que Voy A Morir\u201d, entre otros.El acceso a este reencuentro con uno de los grupos \u00edcono del rock chileno de los 80\u2019 es gratis con al entrada al casino, cuyo importe total es en beneficio fiscal.<\/p>\n","protected":false},"excerpt":{"rendered":"<div class=\"pvc_clear\"><\/div>\n<p id=\"pvc_stats_38727\" class=\"pvc_stats total_only  \" data-element-id=\"38727\" style=\"\"><i class=\"pvc-stats-icon large\" aria-hidden=\"true\"><svg aria-hidden=\"true\" focusable=\"false\" data-prefix=\"far\" data-icon=\"chart-bar\" role=\"img\" xmlns=\"http:\/\/www.w3.org\/2000\/svg\" viewBox=\"0 0 512 512\" class=\"svg-inline--fa fa-chart-bar fa-w-16 fa-2x\"><path fill=\"currentColor\" d=\"M396.8 352h22.4c6.4 0 12.8-6.4 12.8-12.8V108.8c0-6.4-6.4-12.8-12.8-12.8h-22.4c-6.4 0-12.8 6.4-12.8 12.8v230.4c0 6.4 6.4 12.8 12.8 12.8zm-192 0h22.4c6.4 0 12.8-6.4 12.8-12.8V140.8c0-6.4-6.4-12.8-12.8-12.8h-22.4c-6.4 0-12.8 6.4-12.8 12.8v198.4c0 6.4 6.4 12.8 12.8 12.8zm96 0h22.4c6.4 0 12.8-6.4 12.8-12.8V204.8c0-6.4-6.4-12.8-12.8-12.8h-22.4c-6.4 0-12.8 6.4-12.8 12.8v134.4c0 6.4 6.4 12.8 12.8 12.8zM496 400H48V80c0-8.84-7.16-16-16-16H16C7.16 64 0 71.16 0 80v336c0 17.67 14.33 32 32 32h464c8.84 0 16-7.16 16-16v-16c0-8.84-7.16-16-16-16zm-387.2-48h22.4c6.4 0 12.8-6.4 12.8-12.8v-70.4c0-6.4-6.4-12.8-12.8-12.8h-22.4c-6.4 0-12.8 6.4-12.8 12.8v70.4c0 6.4 6.4 12.8 12.8 12.8z\" class=\"\"><\/path><\/svg><\/i> <img loading=\"lazy\" decoding=\"async\" width=\"16\" height=\"16\" alt=\"Loading\" src=\"https:\/\/temucotelevision.cl\/web\/wp-content\/plugins\/page-views-count\/ajax-loader-2x.gif\" border=0 \/><\/p>\n<div class=\"pvc_clear\"><\/div>\n<p>Viernes. Banda nacional de los 80\u2019 llega a Temuco encabezada por su vocalista Pablo Ugarte. Tras la disoluci\u00f3n del grupo<\/p>\n","protected":false},"author":1,"featured_media":38728,"comment_status":"open","ping_status":"open","sticky":false,"template":"","format":"standard","meta":{"colormag_page_container_layout":"default_layout","colormag_page_sidebar_layout":"default_layout","footnotes":""},"categories":[86],"tags":[6168,391,616,6167],"class_list":["post-38727","post","type-post","status-publish","format-standard","has-post-thumbnail","hentry","category-panoramas","tag-discografia","tag-dreams","tag-show","tag-upa"],"a3_pvc":{"activated":true,"total_views":266,"today_views":0},"_links":{"self":[{"href":"https:\/\/temucotelevision.cl\/web\/wp-json\/wp\/v2\/posts\/38727","targetHints":{"allow":["GET"]}}],"collection":[{"href":"https:\/\/temucotelevision.cl\/web\/wp-json\/wp\/v2\/posts"}],"about":[{"href":"https:\/\/temucotelevision.cl\/web\/wp-json\/wp\/v2\/types\/post"}],"author":[{"embeddable":true,"href":"https:\/\/temucotelevision.cl\/web\/wp-json\/wp\/v2\/users\/1"}],"replies":[{"embeddable":true,"href":"https:\/\/temucotelevision.cl\/web\/wp-json\/wp\/v2\/comments?post=38727"}],"version-history":[{"count":1,"href":"https:\/\/temucotelevision.cl\/web\/wp-json\/wp\/v2\/posts\/38727\/revisions"}],"predecessor-version":[{"id":38729,"href":"https:\/\/temucotelevision.cl\/web\/wp-json\/wp\/v2\/posts\/38727\/revisions\/38729"}],"wp:featuredmedia":[{"embeddable":true,"href":"https:\/\/temucotelevision.cl\/web\/wp-json\/wp\/v2\/media\/38728"}],"wp:attachment":[{"href":"https:\/\/temucotelevision.cl\/web\/wp-json\/wp\/v2\/media?parent=38727"}],"wp:term":[{"taxonomy":"category","embeddable":true,"href":"https:\/\/temucotelevision.cl\/web\/wp-json\/wp\/v2\/categories?post=38727"},{"taxonomy":"post_tag","embeddable":true,"href":"https:\/\/temucotelevision.cl\/web\/wp-json\/wp\/v2\/tags?post=38727"}],"curies":[{"name":"wp","href":"https:\/\/api.w.org\/{rel}","templated":true}]}}