{"id":38721,"date":"2023-02-16T10:57:00","date_gmt":"2023-02-16T13:57:00","guid":{"rendered":"https:\/\/temucotelevision.cl\/web\/?p=38721"},"modified":"2023-02-16T10:57:01","modified_gmt":"2023-02-16T13:57:01","slug":"gobernador-rivas-pide-levantar-barreras-para-reconvertir-terrenos-forestales-en-agricolas-y-asi-mitigar-el-impacto-economico-tras-los-incendios-del-sur-de-chile","status":"publish","type":"post","link":"https:\/\/temucotelevision.cl\/web\/2023\/02\/16\/gobernador-rivas-pide-levantar-barreras-para-reconvertir-terrenos-forestales-en-agricolas-y-asi-mitigar-el-impacto-economico-tras-los-incendios-del-sur-de-chile\/","title":{"rendered":"Gobernador Rivas pide levantar barreras para reconvertir terrenos forestales en agr\u00edcolas y as\u00ed mitigar el impacto econ\u00f3mico tras los incendios del sur de Chile\u00a0"},"content":{"rendered":"<div class=\"pvc_clear\"><\/div><p id=\"pvc_stats_38721\" class=\"pvc_stats total_only  \" data-element-id=\"38721\" style=\"\"><i class=\"pvc-stats-icon large\" aria-hidden=\"true\"><svg aria-hidden=\"true\" focusable=\"false\" data-prefix=\"far\" data-icon=\"chart-bar\" role=\"img\" xmlns=\"http:\/\/www.w3.org\/2000\/svg\" viewBox=\"0 0 512 512\" class=\"svg-inline--fa fa-chart-bar fa-w-16 fa-2x\"><path fill=\"currentColor\" d=\"M396.8 352h22.4c6.4 0 12.8-6.4 12.8-12.8V108.8c0-6.4-6.4-12.8-12.8-12.8h-22.4c-6.4 0-12.8 6.4-12.8 12.8v230.4c0 6.4 6.4 12.8 12.8 12.8zm-192 0h22.4c6.4 0 12.8-6.4 12.8-12.8V140.8c0-6.4-6.4-12.8-12.8-12.8h-22.4c-6.4 0-12.8 6.4-12.8 12.8v198.4c0 6.4 6.4 12.8 12.8 12.8zm96 0h22.4c6.4 0 12.8-6.4 12.8-12.8V204.8c0-6.4-6.4-12.8-12.8-12.8h-22.4c-6.4 0-12.8 6.4-12.8 12.8v134.4c0 6.4 6.4 12.8 12.8 12.8zM496 400H48V80c0-8.84-7.16-16-16-16H16C7.16 64 0 71.16 0 80v336c0 17.67 14.33 32 32 32h464c8.84 0 16-7.16 16-16v-16c0-8.84-7.16-16-16-16zm-387.2-48h22.4c6.4 0 12.8-6.4 12.8-12.8v-70.4c0-6.4-6.4-12.8-12.8-12.8h-22.4c-6.4 0-12.8 6.4-12.8 12.8v70.4c0 6.4 6.4 12.8 12.8 12.8z\" class=\"\"><\/path><\/svg><\/i> <img loading=\"lazy\" decoding=\"async\" width=\"16\" height=\"16\" alt=\"Loading\" src=\"https:\/\/temucotelevision.cl\/web\/wp-content\/plugins\/page-views-count\/ajax-loader-2x.gif\" border=0 \/><\/p><div class=\"pvc_clear\"><\/div>\n<p><strong>En medio del debate sobre actividad forestal, la m\u00e1xima autoridad de La Araucan\u00eda envi\u00f3 un oficio al presidente Gabriel Boric en el que propone crear una mesa de trabajo para promover una reconversi\u00f3n productiva que potencie la agricultura y as\u00ed dar alternativas a peque\u00f1os propietarios de predios forestales afectados por los incendios.&nbsp;<\/strong><\/p>\n\n\n\n<p>Este lunes el gobernador regional de La Araucan\u00eda, Luciano Rivas, envi\u00f3 un oficio al Presidente Gabriel Boric, en el que propone levantar las barreras que hoy existen para reconvertir terrenos forestales en terrenos agr\u00edcolas.&nbsp;<\/p>\n\n\n\n<p>A prop\u00f3sito de los grandes incendios que han afectado al sur de Chile, donde una gran cantidad de predios forestales se ha visto afectados y del debate generado a partir de las propias palabras del Mandatario en torno a discutir una nueva regulaci\u00f3n de la actividad forestal, Rivas propone crear una mesa de trabajo para revisar el Decreto Ley 701 que ha permitido el desarrollo de la actividad en el pa\u00eds, pero con el foco en la reconversi\u00f3n productiva para darle alternativas a peque\u00f1os propietarios y emprendedores que se han visto afectados.<\/p>\n\n\n\n<p>En el oficio, el gobernador regional plantea levantar las barreras existentes hoy d\u00eda para desafectar terrenos forestales \u2013forestar una superficie similar en otro lugar o devolver recursos que se dejar\u00edan de percibir como franquicias tributarias o bonificaciones\u2013 para que peque\u00f1os propietarios tengan la libertad de generar un proceso de reconversi\u00f3n a plantaciones frut\u00edcolas u otros cultivos agr\u00edcolas sin tener que cumplir con estas obligaciones o pagar multas.&nbsp;<\/p>\n\n\n\n<p>\u201cEste planteamiento va en la l\u00ednea de potenciar una industria que valoro profundamente, por su tremendo aporte al desarrollo del pa\u00eds y nuestra regi\u00f3n. Lo que estamos planteando es abrir la cancha en base a la libertad de elegir que debiera tener todo propietario para revalorizar su emprendimiento y que no tenga restricciones en el uso de suelo\u201d, dijo el gobernador Rivas.&nbsp;<\/p>\n\n\n\n<p>El documento plantea una explicaci\u00f3n clara sobre la propuesta: \u201ctranscurrido el tiempo y luego de que el Estado logr\u00f3 el objetivo inicial de desarrollar una potente industria forestal en el pa\u00eds y ha recuperado con creces, v\u00eda impuestos los recursos invertidos, parece prudente y conveniente facilitar, en los casos en que sea posible, el uso de muchos de esos terrenos para productividad agr\u00edcola (producci\u00f3n de alimentos)<strong>.<\/strong>&nbsp;En efecto, hoy, gracias a los adelantos tecnol\u00f3gicos, es posible transformar muchos de esos terrenos, que hace dos o tres d\u00e9cadas solo ten\u00edan aptitud forestal, en campos para producir frutales, hortalizas o incluso cultivos extensivos\u201d, dice el oficio firmado por Rivas.&nbsp;<\/p>\n\n\n\n<p>El gobernador regional lo explic\u00f3 tambi\u00e9n con sus propias palabras. \u201cEstamos viviendo una crisis clim\u00e1tica global que nos afecta, maximiza el riesgo de incendios y tambi\u00e9n ha agudizado la crisis alimentaria. En este contexto, debemos ser inteligentes en adaptarnos a las nuevas realidades. Lo que proponemos ac\u00e1 es ser inteligentes en aprovechar nuestras tremendas capacidades productivas como pa\u00eds y regi\u00f3n y darles alternativas productivas a peque\u00f1os emprendedores, para tambi\u00e9n avanzar decididamente hacia una modernizaci\u00f3n de la actividad forestal que tantos beneficios nos ha aportado\u201d, se\u00f1al\u00f3.&nbsp;<\/p>\n","protected":false},"excerpt":{"rendered":"<div class=\"pvc_clear\"><\/div>\n<p id=\"pvc_stats_38721\" class=\"pvc_stats total_only  \" data-element-id=\"38721\" style=\"\"><i class=\"pvc-stats-icon large\" aria-hidden=\"true\"><svg aria-hidden=\"true\" focusable=\"false\" data-prefix=\"far\" data-icon=\"chart-bar\" role=\"img\" xmlns=\"http:\/\/www.w3.org\/2000\/svg\" viewBox=\"0 0 512 512\" class=\"svg-inline--fa fa-chart-bar fa-w-16 fa-2x\"><path fill=\"currentColor\" d=\"M396.8 352h22.4c6.4 0 12.8-6.4 12.8-12.8V108.8c0-6.4-6.4-12.8-12.8-12.8h-22.4c-6.4 0-12.8 6.4-12.8 12.8v230.4c0 6.4 6.4 12.8 12.8 12.8zm-192 0h22.4c6.4 0 12.8-6.4 12.8-12.8V140.8c0-6.4-6.4-12.8-12.8-12.8h-22.4c-6.4 0-12.8 6.4-12.8 12.8v198.4c0 6.4 6.4 12.8 12.8 12.8zm96 0h22.4c6.4 0 12.8-6.4 12.8-12.8V204.8c0-6.4-6.4-12.8-12.8-12.8h-22.4c-6.4 0-12.8 6.4-12.8 12.8v134.4c0 6.4 6.4 12.8 12.8 12.8zM496 400H48V80c0-8.84-7.16-16-16-16H16C7.16 64 0 71.16 0 80v336c0 17.67 14.33 32 32 32h464c8.84 0 16-7.16 16-16v-16c0-8.84-7.16-16-16-16zm-387.2-48h22.4c6.4 0 12.8-6.4 12.8-12.8v-70.4c0-6.4-6.4-12.8-12.8-12.8h-22.4c-6.4 0-12.8 6.4-12.8 12.8v70.4c0 6.4 6.4 12.8 12.8 12.8z\" class=\"\"><\/path><\/svg><\/i> <img loading=\"lazy\" decoding=\"async\" width=\"16\" height=\"16\" alt=\"Loading\" src=\"https:\/\/temucotelevision.cl\/web\/wp-content\/plugins\/page-views-count\/ajax-loader-2x.gif\" border=0 \/><\/p>\n<div class=\"pvc_clear\"><\/div>\n<p>En medio del debate sobre actividad forestal, la m\u00e1xima autoridad de La Araucan\u00eda envi\u00f3 un oficio al presidente Gabriel Boric<\/p>\n","protected":false},"author":1,"featured_media":38722,"comment_status":"open","ping_status":"open","sticky":false,"template":"","format":"standard","meta":{"colormag_page_container_layout":"default_layout","colormag_page_sidebar_layout":"default_layout","footnotes":""},"categories":[84,14],"tags":[2545,267,829,266,6166],"class_list":["post-38721","post","type-post","status-publish","format-standard","has-post-thumbnail","hentry","category-politica","category-temuco","tag-barreras","tag-forestales","tag-gobernador","tag-incendios","tag-rivas"],"a3_pvc":{"activated":true,"total_views":84,"today_views":0},"_links":{"self":[{"href":"https:\/\/temucotelevision.cl\/web\/wp-json\/wp\/v2\/posts\/38721","targetHints":{"allow":["GET"]}}],"collection":[{"href":"https:\/\/temucotelevision.cl\/web\/wp-json\/wp\/v2\/posts"}],"about":[{"href":"https:\/\/temucotelevision.cl\/web\/wp-json\/wp\/v2\/types\/post"}],"author":[{"embeddable":true,"href":"https:\/\/temucotelevision.cl\/web\/wp-json\/wp\/v2\/users\/1"}],"replies":[{"embeddable":true,"href":"https:\/\/temucotelevision.cl\/web\/wp-json\/wp\/v2\/comments?post=38721"}],"version-history":[{"count":1,"href":"https:\/\/temucotelevision.cl\/web\/wp-json\/wp\/v2\/posts\/38721\/revisions"}],"predecessor-version":[{"id":38723,"href":"https:\/\/temucotelevision.cl\/web\/wp-json\/wp\/v2\/posts\/38721\/revisions\/38723"}],"wp:featuredmedia":[{"embeddable":true,"href":"https:\/\/temucotelevision.cl\/web\/wp-json\/wp\/v2\/media\/38722"}],"wp:attachment":[{"href":"https:\/\/temucotelevision.cl\/web\/wp-json\/wp\/v2\/media?parent=38721"}],"wp:term":[{"taxonomy":"category","embeddable":true,"href":"https:\/\/temucotelevision.cl\/web\/wp-json\/wp\/v2\/categories?post=38721"},{"taxonomy":"post_tag","embeddable":true,"href":"https:\/\/temucotelevision.cl\/web\/wp-json\/wp\/v2\/tags?post=38721"}],"curies":[{"name":"wp","href":"https:\/\/api.w.org\/{rel}","templated":true}]}}