{"id":38718,"date":"2023-02-15T20:43:10","date_gmt":"2023-02-15T23:43:10","guid":{"rendered":"https:\/\/temucotelevision.cl\/web\/?p=38718"},"modified":"2023-02-15T20:43:11","modified_gmt":"2023-02-15T23:43:11","slug":"diputado-rathgeb-ante-nuevo-ataque-en-medio-de-incendios-rurales-y-del-tipo-forestal-es-hora-que-el-gobierno-utilice-todas-sus-facultades","status":"publish","type":"post","link":"https:\/\/temucotelevision.cl\/web\/2023\/02\/15\/diputado-rathgeb-ante-nuevo-ataque-en-medio-de-incendios-rurales-y-del-tipo-forestal-es-hora-que-el-gobierno-utilice-todas-sus-facultades\/","title":{"rendered":"Diputado Rathgeb ante nuevo ataque en medio de incendios rurales y del tipo forestal: \u201cEs hora que el Gobierno utilice todas sus facultades\u201d"},"content":{"rendered":"<div class=\"pvc_clear\"><\/div><p id=\"pvc_stats_38718\" class=\"pvc_stats total_only  \" data-element-id=\"38718\" style=\"\"><i class=\"pvc-stats-icon large\" aria-hidden=\"true\"><svg aria-hidden=\"true\" focusable=\"false\" data-prefix=\"far\" data-icon=\"chart-bar\" role=\"img\" xmlns=\"http:\/\/www.w3.org\/2000\/svg\" viewBox=\"0 0 512 512\" class=\"svg-inline--fa fa-chart-bar fa-w-16 fa-2x\"><path fill=\"currentColor\" d=\"M396.8 352h22.4c6.4 0 12.8-6.4 12.8-12.8V108.8c0-6.4-6.4-12.8-12.8-12.8h-22.4c-6.4 0-12.8 6.4-12.8 12.8v230.4c0 6.4 6.4 12.8 12.8 12.8zm-192 0h22.4c6.4 0 12.8-6.4 12.8-12.8V140.8c0-6.4-6.4-12.8-12.8-12.8h-22.4c-6.4 0-12.8 6.4-12.8 12.8v198.4c0 6.4 6.4 12.8 12.8 12.8zm96 0h22.4c6.4 0 12.8-6.4 12.8-12.8V204.8c0-6.4-6.4-12.8-12.8-12.8h-22.4c-6.4 0-12.8 6.4-12.8 12.8v134.4c0 6.4 6.4 12.8 12.8 12.8zM496 400H48V80c0-8.84-7.16-16-16-16H16C7.16 64 0 71.16 0 80v336c0 17.67 14.33 32 32 32h464c8.84 0 16-7.16 16-16v-16c0-8.84-7.16-16-16-16zm-387.2-48h22.4c6.4 0 12.8-6.4 12.8-12.8v-70.4c0-6.4-6.4-12.8-12.8-12.8h-22.4c-6.4 0-12.8 6.4-12.8 12.8v70.4c0 6.4 6.4 12.8 12.8 12.8z\" class=\"\"><\/path><\/svg><\/i> <img loading=\"lazy\" decoding=\"async\" width=\"16\" height=\"16\" alt=\"Loading\" src=\"https:\/\/temucotelevision.cl\/web\/wp-content\/plugins\/page-views-count\/ajax-loader-2x.gif\" border=0 \/><\/p><div class=\"pvc_clear\"><\/div>\n<p><strong>El congresista coment\u00f3 que esto sigue demostrando la actitud pasiva de las autoridades en materia de seguridad y que temen seguir a los \u201cenfermos\u201d detr\u00e1s de estos actos.<\/strong><\/p>\n\n\n\n<p>Un nuevo ataque incendiario en medio de la compleja situaci\u00f3n que se vive en La Araucan\u00eda por los siniestros rurales y del tipo forestal tuvo ahora como lugar la comuna de Teodoro Schmidt, donde sujetos quemaron maquinaria.<\/p>\n\n\n\n<p>Para el diputado de Renovaci\u00f3n Nacional y presidente regional de la colectividad, Jorge Rathgeb, esto sigue demostrando que existe un Gobierno que no tiene las agallas para poner las cosas en su lugar y que teme echar manos a las facultades que tiene en materia de seguridad.<\/p>\n\n\n\n<p>Para el parlamentario el hecho de que estas situaciones se den en medio de un momento dif\u00edcil por los incendios que han dejado fallecidos, destrucci\u00f3n de viviendas, da cuenta de una severa crisis y donde los violentistas le tomaron la mano.<\/p>\n\n\n\n<p>\u201cCuando lamentamos el fallecimiento de m\u00e1s de 20 personas, miles de hect\u00e1reas destruidas por el fuego, casas, colegios, jardines infantiles hay violentistas sin cerebros destruyendo y quemando actividades productivas, aqu\u00ed el Gobierno debe proceder con todas sus fuerzas, no solamente con Estado de Excepci\u00f3n o toque de queda, sino con acci\u00f3n eficiente, con la facultad de que las polic\u00edas y militares puedan actuar y evitar estos hechos que enlutan y siguen enlutando a La Araucan\u00eda\u201d, coment\u00f3 Rathgeb.<\/p>\n\n\n\n<p>El parlamentario reiter\u00f3 que pese a todos los llamados, la solicitud de las v\u00edctimas de reforzar la seguridad, se ha hecho caso omiso y que las mentes enfermas le tomaron la mano a las autoridades.<\/p>\n","protected":false},"excerpt":{"rendered":"<div class=\"pvc_clear\"><\/div>\n<p id=\"pvc_stats_38718\" class=\"pvc_stats total_only  \" data-element-id=\"38718\" style=\"\"><i class=\"pvc-stats-icon large\" aria-hidden=\"true\"><svg aria-hidden=\"true\" focusable=\"false\" data-prefix=\"far\" data-icon=\"chart-bar\" role=\"img\" xmlns=\"http:\/\/www.w3.org\/2000\/svg\" viewBox=\"0 0 512 512\" class=\"svg-inline--fa fa-chart-bar fa-w-16 fa-2x\"><path fill=\"currentColor\" d=\"M396.8 352h22.4c6.4 0 12.8-6.4 12.8-12.8V108.8c0-6.4-6.4-12.8-12.8-12.8h-22.4c-6.4 0-12.8 6.4-12.8 12.8v230.4c0 6.4 6.4 12.8 12.8 12.8zm-192 0h22.4c6.4 0 12.8-6.4 12.8-12.8V140.8c0-6.4-6.4-12.8-12.8-12.8h-22.4c-6.4 0-12.8 6.4-12.8 12.8v198.4c0 6.4 6.4 12.8 12.8 12.8zm96 0h22.4c6.4 0 12.8-6.4 12.8-12.8V204.8c0-6.4-6.4-12.8-12.8-12.8h-22.4c-6.4 0-12.8 6.4-12.8 12.8v134.4c0 6.4 6.4 12.8 12.8 12.8zM496 400H48V80c0-8.84-7.16-16-16-16H16C7.16 64 0 71.16 0 80v336c0 17.67 14.33 32 32 32h464c8.84 0 16-7.16 16-16v-16c0-8.84-7.16-16-16-16zm-387.2-48h22.4c6.4 0 12.8-6.4 12.8-12.8v-70.4c0-6.4-6.4-12.8-12.8-12.8h-22.4c-6.4 0-12.8 6.4-12.8 12.8v70.4c0 6.4 6.4 12.8 12.8 12.8z\" class=\"\"><\/path><\/svg><\/i> <img loading=\"lazy\" decoding=\"async\" width=\"16\" height=\"16\" alt=\"Loading\" src=\"https:\/\/temucotelevision.cl\/web\/wp-content\/plugins\/page-views-count\/ajax-loader-2x.gif\" border=0 \/><\/p>\n<div class=\"pvc_clear\"><\/div>\n<p>El congresista coment\u00f3 que esto sigue demostrando la actitud pasiva de las autoridades en materia de seguridad y que temen<\/p>\n","protected":false},"author":1,"featured_media":38719,"comment_status":"open","ping_status":"open","sticky":false,"template":"","format":"standard","meta":{"colormag_page_container_layout":"default_layout","colormag_page_sidebar_layout":"default_layout","footnotes":""},"categories":[84,14],"tags":[266,422],"class_list":["post-38718","post","type-post","status-publish","format-standard","has-post-thumbnail","hentry","category-politica","category-temuco","tag-incendios","tag-maquinaria"],"a3_pvc":{"activated":true,"total_views":69,"today_views":0},"_links":{"self":[{"href":"https:\/\/temucotelevision.cl\/web\/wp-json\/wp\/v2\/posts\/38718","targetHints":{"allow":["GET"]}}],"collection":[{"href":"https:\/\/temucotelevision.cl\/web\/wp-json\/wp\/v2\/posts"}],"about":[{"href":"https:\/\/temucotelevision.cl\/web\/wp-json\/wp\/v2\/types\/post"}],"author":[{"embeddable":true,"href":"https:\/\/temucotelevision.cl\/web\/wp-json\/wp\/v2\/users\/1"}],"replies":[{"embeddable":true,"href":"https:\/\/temucotelevision.cl\/web\/wp-json\/wp\/v2\/comments?post=38718"}],"version-history":[{"count":1,"href":"https:\/\/temucotelevision.cl\/web\/wp-json\/wp\/v2\/posts\/38718\/revisions"}],"predecessor-version":[{"id":38720,"href":"https:\/\/temucotelevision.cl\/web\/wp-json\/wp\/v2\/posts\/38718\/revisions\/38720"}],"wp:featuredmedia":[{"embeddable":true,"href":"https:\/\/temucotelevision.cl\/web\/wp-json\/wp\/v2\/media\/38719"}],"wp:attachment":[{"href":"https:\/\/temucotelevision.cl\/web\/wp-json\/wp\/v2\/media?parent=38718"}],"wp:term":[{"taxonomy":"category","embeddable":true,"href":"https:\/\/temucotelevision.cl\/web\/wp-json\/wp\/v2\/categories?post=38718"},{"taxonomy":"post_tag","embeddable":true,"href":"https:\/\/temucotelevision.cl\/web\/wp-json\/wp\/v2\/tags?post=38718"}],"curies":[{"name":"wp","href":"https:\/\/api.w.org\/{rel}","templated":true}]}}