{"id":38714,"date":"2023-02-15T14:29:12","date_gmt":"2023-02-15T17:29:12","guid":{"rendered":"https:\/\/temucotelevision.cl\/web\/?p=38714"},"modified":"2023-02-15T14:29:13","modified_gmt":"2023-02-15T17:29:13","slug":"agricultores-afectados-por-incendios-forestales-comenzaron-a-recibir-de-indap-fardos-y-alimento-concentrado-para-animales","status":"publish","type":"post","link":"https:\/\/temucotelevision.cl\/web\/2023\/02\/15\/agricultores-afectados-por-incendios-forestales-comenzaron-a-recibir-de-indap-fardos-y-alimento-concentrado-para-animales\/","title":{"rendered":"Agricultores afectados por incendios forestales comenzaron a recibir de INDAP fardos y alimento concentrado para animales\u00a0\u00a0"},"content":{"rendered":"<div class=\"pvc_clear\"><\/div><p id=\"pvc_stats_38714\" class=\"pvc_stats total_only  \" data-element-id=\"38714\" style=\"\"><i class=\"pvc-stats-icon large\" aria-hidden=\"true\"><svg aria-hidden=\"true\" focusable=\"false\" data-prefix=\"far\" data-icon=\"chart-bar\" role=\"img\" xmlns=\"http:\/\/www.w3.org\/2000\/svg\" viewBox=\"0 0 512 512\" class=\"svg-inline--fa fa-chart-bar fa-w-16 fa-2x\"><path fill=\"currentColor\" d=\"M396.8 352h22.4c6.4 0 12.8-6.4 12.8-12.8V108.8c0-6.4-6.4-12.8-12.8-12.8h-22.4c-6.4 0-12.8 6.4-12.8 12.8v230.4c0 6.4 6.4 12.8 12.8 12.8zm-192 0h22.4c6.4 0 12.8-6.4 12.8-12.8V140.8c0-6.4-6.4-12.8-12.8-12.8h-22.4c-6.4 0-12.8 6.4-12.8 12.8v198.4c0 6.4 6.4 12.8 12.8 12.8zm96 0h22.4c6.4 0 12.8-6.4 12.8-12.8V204.8c0-6.4-6.4-12.8-12.8-12.8h-22.4c-6.4 0-12.8 6.4-12.8 12.8v134.4c0 6.4 6.4 12.8 12.8 12.8zM496 400H48V80c0-8.84-7.16-16-16-16H16C7.16 64 0 71.16 0 80v336c0 17.67 14.33 32 32 32h464c8.84 0 16-7.16 16-16v-16c0-8.84-7.16-16-16-16zm-387.2-48h22.4c6.4 0 12.8-6.4 12.8-12.8v-70.4c0-6.4-6.4-12.8-12.8-12.8h-22.4c-6.4 0-12.8 6.4-12.8 12.8v70.4c0 6.4 6.4 12.8 12.8 12.8z\" class=\"\"><\/path><\/svg><\/i> <img loading=\"lazy\" decoding=\"async\" width=\"16\" height=\"16\" alt=\"Loading\" src=\"https:\/\/temucotelevision.cl\/web\/wp-content\/plugins\/page-views-count\/ajax-loader-2x.gif\" border=0 \/><\/p><div class=\"pvc_clear\"><\/div>\n<ul class=\"wp-block-list\"><li><strong><em>Ayuda econ\u00f3mica o alimentaci\u00f3n animal y ap\u00edcola, pr\u00f3rrogas de cr\u00e9ditos y operativos veterinarios, son algunas de las ayudas que dispuso INDAP para apoyar a agricultores y agricultoras como parte del plan de recuperaci\u00f3n.&nbsp;<\/em><\/strong><\/li><\/ul>\n\n\n\n<p>La agricultora, Patricia Paine, de la comuna de Pur\u00e9n, dedicada a la ganader\u00eda como principal fuente ingresos, es una de las afectadas por&nbsp;los incendios forestales. Perdi\u00f3 todo el pasto y el galp\u00f3n donde ten\u00eda acopiado el alimento para sus animales durante el invierno. \u201cEsto es una pena inmensa que estamos viviendo y sufriendo, pero tenemos que sacar fuerzas para salir adelante. Con el apoyo de mis vecinos logr\u00e9 salvar a mis animalitos. Esta ayuda que nos entrega el Gobierno por INDAP llega oportunamente, porque ya no tenemos alimento para nuestros animales. Agradezco la preocupaci\u00f3n y doy gracias por este importante apoyo que he recibido\u201d, dijo la productora. &nbsp;<\/p>\n\n\n\n<p>La se\u00f1ora Patricia, forma parte de los 1.600 agricultores y agricultoras afectados por esta emergencia, que comenzaron a recibir de INDAP concentrado y fardos, para suplir la falta de alimento para el ganado mayor y menor.&nbsp;<\/p>\n\n\n\n<p>El despliegue territorial comenz\u00f3 en los sectores rurales de Pur\u00e9n, Lumaco, Galvarino y Cholchol, extendi\u00e9ndose durante estos d\u00edas en las 16 comunas afectadas, seg\u00fan el catastro que est\u00e1n levantando en terreno funcionarios de las Agencias de \u00c1reas de INDAP, en conjunto con extensionistas y equipos t\u00e9cnicos de los Municipios. &nbsp;<\/p>\n\n\n\n<p>La ayuda, que se continuar\u00e1 distribuyendo inicialmente en las comunas m\u00e1s afectadas, fue entregada por la delegada Presidencial de Malleco, Andrea Parra, el director nacional de CONADI, Luis Penchuleo, el seremi de Agricultura, H\u00e9ctor Cumilaf, el director regional de INDAP, Pablo Gonz\u00e1lez y autoridades comunales.&nbsp;<\/p>\n\n\n\n<p>&nbsp;\u201cEstamos desplegados en terreno con las autoridades, porque hemos escuchado el llamado de los sectores rurales para tender sus demandas como Gobierno, entregando ayuda lo m\u00e1s r\u00e1pido posible, y coordinando para las pr\u00f3ximas horas el aporte de privados en fardos, que nos permitir\u00e1 complementar lo que el gobierno est\u00e1 entregando en esta emergencia\u201d, destac\u00f3 la delegada provincial, Andrea Parra. &nbsp;<\/p>\n\n\n\n<p>Asimismo, el director regional de INDAP, Pablo Gonz\u00e1lez, inform\u00f3 que se entregaron inicialmente m\u00e1s de 16 toneladas de alimento concentrado y fardos, para suplir la alimentaci\u00f3n inmediata de la masa ganadera. &#8220;El Presidente Gabriel Boric, nos ha mandatado estar en terreno junto a las y los agricultores afectados por esta emergencia. Como primera medida estamos entregando ayuda m\u00e1s urgente para la alimentaci\u00f3n animal que ha sobrevivido a esta cat\u00e1strofe\u201d. &nbsp;<\/p>\n\n\n\n<p>La autoridad agreg\u00f3 que \u201ca esta ayuda se sumar\u00e1 un primer paquete de medidas adicionales: pr\u00f3rroga autom\u00e1tica de cr\u00e9ditos&nbsp;INDAP para el pago de todas las cuotas que vencen el primer semestre y por un periodo de seis meses,&nbsp;para las y los agricultores de las 16 comunas que tienen distintos grados de afectaci\u00f3n producto de los incendios. Posteriormente se analizar\u00e1 caso a caso la p\u00e9rdida de su patrimonio agr\u00edcola y pecuario. Se agilizar\u00e1 la entrega de recursos para el establecimiento de&nbsp;&nbsp;&nbsp;praderas suplementarias para volver a tener forraje para los animales\u201d. &nbsp;<\/p>\n\n\n\n<p>Gonz\u00e1lez inform\u00f3 que \u201cvendr\u00e1 un segundo anuncio para la reconstrucci\u00f3n de infraestructura&nbsp;productiva, pero una vez que superemos esta situaci\u00f3n m\u00e1s grave y urgente que estamos viviendo ahora\u201d. &nbsp;<\/p>\n\n\n\n<p>Por su parte, el seremi de agricultura, H\u00e9ctor Cumilaf, agreg\u00f3 que \u201cuna de la urgencia es la afectaci\u00f3n de la masa ganadera que atenderemos con operativos sanitarios a trav\u00e9s de un convenio entre INDAP y SAG. Adem\u00e1s, formulamos un llamado a los agricultores y agricultoras a denunciar oportunamente los siniestros para activar los seguros agropecuarios que tienen&nbsp;contratados\u201d.&nbsp;<\/p>\n\n\n\n<p>El director Nacional de CONADI, Luis Penchuleo, expres\u00f3 que \u201ccomo CONADI siempre estamos preocupados de las comunidades mapuche de la regi\u00f3n y sus familias, m\u00e1s cuando han sufrido p\u00e9rdidas humanas y materiales por estos incendios forestales. Otro punto importante es la alimentaci\u00f3n para los animales que se ven muy afectados con estos incendios, por lo que estamos entregando concentrado para as\u00ed evitar que las familias afectadas sigan perdiendo animales, ahora por falta de alimento disponible. Es muy oportuna esta ayuda que proporcion\u00f3 INDAP con un kit para pasar de mejor manera estos d\u00edas posteriores a la cat\u00e1strofe\u201d. &nbsp;<\/p>\n\n\n\n<p>Las autoridades informaron, adem\u00e1s, que los funcionarios de las Agencias de \u00c1reas de INDAP, junto a extensionistas y equipos t\u00e9cnicos de los Municipios afectados, contin\u00faan desplegados en terreno realizando el catastro para cuantificar los da\u00f1os agr\u00edcolas y productivos provocados por los incendios forestales.<strong>\u00a0<\/strong><\/p>\n\n\n\n<figure class=\"wp-block-image size-large\"><img loading=\"lazy\" decoding=\"async\" width=\"1024\" height=\"682\" src=\"https:\/\/temucotelevision.cl\/web\/wp-content\/uploads\/2023\/02\/entrega-galvarino-001-1024x682.jpg\" alt=\"\" class=\"wp-image-38716\" srcset=\"https:\/\/temucotelevision.cl\/web\/wp-content\/uploads\/2023\/02\/entrega-galvarino-001-1024x682.jpg 1024w, https:\/\/temucotelevision.cl\/web\/wp-content\/uploads\/2023\/02\/entrega-galvarino-001-768x512.jpg 768w, https:\/\/temucotelevision.cl\/web\/wp-content\/uploads\/2023\/02\/entrega-galvarino-001.jpg 1280w\" sizes=\"auto, (max-width: 1024px) 100vw, 1024px\" \/><\/figure>\n","protected":false},"excerpt":{"rendered":"<div class=\"pvc_clear\"><\/div>\n<p id=\"pvc_stats_38714\" class=\"pvc_stats total_only  \" data-element-id=\"38714\" style=\"\"><i class=\"pvc-stats-icon large\" aria-hidden=\"true\"><svg aria-hidden=\"true\" focusable=\"false\" data-prefix=\"far\" data-icon=\"chart-bar\" role=\"img\" xmlns=\"http:\/\/www.w3.org\/2000\/svg\" viewBox=\"0 0 512 512\" class=\"svg-inline--fa fa-chart-bar fa-w-16 fa-2x\"><path fill=\"currentColor\" d=\"M396.8 352h22.4c6.4 0 12.8-6.4 12.8-12.8V108.8c0-6.4-6.4-12.8-12.8-12.8h-22.4c-6.4 0-12.8 6.4-12.8 12.8v230.4c0 6.4 6.4 12.8 12.8 12.8zm-192 0h22.4c6.4 0 12.8-6.4 12.8-12.8V140.8c0-6.4-6.4-12.8-12.8-12.8h-22.4c-6.4 0-12.8 6.4-12.8 12.8v198.4c0 6.4 6.4 12.8 12.8 12.8zm96 0h22.4c6.4 0 12.8-6.4 12.8-12.8V204.8c0-6.4-6.4-12.8-12.8-12.8h-22.4c-6.4 0-12.8 6.4-12.8 12.8v134.4c0 6.4 6.4 12.8 12.8 12.8zM496 400H48V80c0-8.84-7.16-16-16-16H16C7.16 64 0 71.16 0 80v336c0 17.67 14.33 32 32 32h464c8.84 0 16-7.16 16-16v-16c0-8.84-7.16-16-16-16zm-387.2-48h22.4c6.4 0 12.8-6.4 12.8-12.8v-70.4c0-6.4-6.4-12.8-12.8-12.8h-22.4c-6.4 0-12.8 6.4-12.8 12.8v70.4c0 6.4 6.4 12.8 12.8 12.8z\" class=\"\"><\/path><\/svg><\/i> <img loading=\"lazy\" decoding=\"async\" width=\"16\" height=\"16\" alt=\"Loading\" src=\"https:\/\/temucotelevision.cl\/web\/wp-content\/plugins\/page-views-count\/ajax-loader-2x.gif\" border=0 \/><\/p>\n<div class=\"pvc_clear\"><\/div>\n<p>Ayuda econ\u00f3mica o alimentaci\u00f3n animal y ap\u00edcola, pr\u00f3rrogas de cr\u00e9ditos y operativos veterinarios, son algunas de las ayudas que dispuso<\/p>\n","protected":false},"author":1,"featured_media":38715,"comment_status":"open","ping_status":"open","sticky":false,"template":"","format":"standard","meta":{"colormag_page_container_layout":"default_layout","colormag_page_sidebar_layout":"default_layout","footnotes":""},"categories":[15],"tags":[479,424,669,569],"class_list":["post-38714","post","type-post","status-publish","format-standard","has-post-thumbnail","hentry","category-la-araucania","tag-agricultores","tag-ayuda","tag-fardos","tag-indap"],"a3_pvc":{"activated":true,"total_views":62,"today_views":0},"_links":{"self":[{"href":"https:\/\/temucotelevision.cl\/web\/wp-json\/wp\/v2\/posts\/38714","targetHints":{"allow":["GET"]}}],"collection":[{"href":"https:\/\/temucotelevision.cl\/web\/wp-json\/wp\/v2\/posts"}],"about":[{"href":"https:\/\/temucotelevision.cl\/web\/wp-json\/wp\/v2\/types\/post"}],"author":[{"embeddable":true,"href":"https:\/\/temucotelevision.cl\/web\/wp-json\/wp\/v2\/users\/1"}],"replies":[{"embeddable":true,"href":"https:\/\/temucotelevision.cl\/web\/wp-json\/wp\/v2\/comments?post=38714"}],"version-history":[{"count":1,"href":"https:\/\/temucotelevision.cl\/web\/wp-json\/wp\/v2\/posts\/38714\/revisions"}],"predecessor-version":[{"id":38717,"href":"https:\/\/temucotelevision.cl\/web\/wp-json\/wp\/v2\/posts\/38714\/revisions\/38717"}],"wp:featuredmedia":[{"embeddable":true,"href":"https:\/\/temucotelevision.cl\/web\/wp-json\/wp\/v2\/media\/38715"}],"wp:attachment":[{"href":"https:\/\/temucotelevision.cl\/web\/wp-json\/wp\/v2\/media?parent=38714"}],"wp:term":[{"taxonomy":"category","embeddable":true,"href":"https:\/\/temucotelevision.cl\/web\/wp-json\/wp\/v2\/categories?post=38714"},{"taxonomy":"post_tag","embeddable":true,"href":"https:\/\/temucotelevision.cl\/web\/wp-json\/wp\/v2\/tags?post=38714"}],"curies":[{"name":"wp","href":"https:\/\/api.w.org\/{rel}","templated":true}]}}